{"id":10115,"date":"2018-06-11T09:56:16","date_gmt":"2018-06-11T12:56:16","guid":{"rendered":"http:\/\/www.polisrecreio.com.br\/site\/?p=10115"},"modified":"2018-06-11T10:00:04","modified_gmt":"2018-06-11T13:00:04","slug":"ideal-vence-e-esta-na-semifinal-da-copa-dos-campeoes","status":"publish","type":"post","link":"https:\/\/www.polisrecreio.com.br\/site\/2018\/06\/11\/ideal-vence-e-esta-na-semifinal-da-copa-dos-campeoes\/","title":{"rendered":"Ideal vence e est\u00e1 na semifinal da Copa dos Campe\u00f5es"},"content":{"rendered":"<p style=\"text-align: justify;\">Na tarde de domingo (10) o Ideal venceu o Vila Nova (Al\u00e9m Para\u00edba) no Est\u00e1dio Alcides Campos \u201cVila\u201d e est\u00e1 na semifinal da Copa dos Campe\u00f5es da Liga Esportiva de Cataguases pela terceira vez.<\/p>\n<p><!--more--><\/p>\n<figure id=\"attachment_10117\" aria-describedby=\"caption-attachment-10117\" style=\"width: 750px\" class=\"wp-caption aligncenter\"><a href=\"http:\/\/www.polisrecreio.com.br\/site\/wp-content\/uploads\/2018\/06\/DSC_0329.jpg\"><img loading=\"lazy\" class=\"size-full wp-image-10117\" src=\"http:\/\/www.polisrecreio.com.br\/site\/wp-content\/uploads\/2018\/06\/DSC_0329.jpg\" alt=\"\" width=\"750\" height=\"500\" srcset=\"https:\/\/www.polisrecreio.com.br\/site\/wp-content\/uploads\/2018\/06\/DSC_0329.jpg 750w, https:\/\/www.polisrecreio.com.br\/site\/wp-content\/uploads\/2018\/06\/DSC_0329-300x200.jpg 300w\" sizes=\"(max-width: 750px) 100vw, 750px\" \/><\/a><figcaption id=\"caption-attachment-10117\" class=\"wp-caption-text\">Ideal Esporte Clube.<\/figcaption><\/figure>\n<p style=\"text-align: justify;\">A partida foi a mais dif\u00edcil do Azul\u00e3o na competi\u00e7\u00e3o. Alguns torcedores trataram at\u00e9 como a pior na Copa. O placar m\u00ednimo, 1X0, gol de Gustavo, foi o primeiro em 7 vit\u00f3rias.<\/p>\n<p style=\"text-align: justify;\">Agora s\u00e3o 8 jogos, 7 vit\u00f3rias e 1 derrota. 22 gols pr\u00f3 e apenas 6 sofridos. O Ideal tem a segunda melhor campanha na classifica\u00e7\u00e3o geral, atr\u00e1s apenas do Esporte de Laranjal.<\/p>\n<p style=\"text-align: justify;\">Ser\u00e1 a terceira vez em tr\u00eas participa\u00e7\u00f5es que o Azul\u00e3o jogar\u00e1 a semifinal da Copa dos Campe\u00f5es. Em 2015 e 2016 o time foi eliminado nesta fase.<\/p>\n<figure id=\"attachment_10116\" aria-describedby=\"caption-attachment-10116\" style=\"width: 750px\" class=\"wp-caption aligncenter\"><a href=\"http:\/\/www.polisrecreio.com.br\/site\/wp-content\/uploads\/2018\/06\/DSC_0326.jpg\"><img loading=\"lazy\" class=\"size-full wp-image-10116\" src=\"http:\/\/www.polisrecreio.com.br\/site\/wp-content\/uploads\/2018\/06\/DSC_0326.jpg\" alt=\"\" width=\"750\" height=\"500\" srcset=\"https:\/\/www.polisrecreio.com.br\/site\/wp-content\/uploads\/2018\/06\/DSC_0326.jpg 750w, https:\/\/www.polisrecreio.com.br\/site\/wp-content\/uploads\/2018\/06\/DSC_0326-300x200.jpg 300w\" sizes=\"(max-width: 750px) 100vw, 750px\" \/><\/a><figcaption id=\"caption-attachment-10116\" class=\"wp-caption-text\">Entrada do time.<\/figcaption><\/figure>\n<figure id=\"attachment_10118\" aria-describedby=\"caption-attachment-10118\" style=\"width: 750px\" class=\"wp-caption aligncenter\"><a href=\"http:\/\/www.polisrecreio.com.br\/site\/wp-content\/uploads\/2018\/06\/DSC_0331.jpg\"><img loading=\"lazy\" class=\"size-full wp-image-10118\" src=\"http:\/\/www.polisrecreio.com.br\/site\/wp-content\/uploads\/2018\/06\/DSC_0331.jpg\" alt=\"\" width=\"750\" height=\"500\" srcset=\"https:\/\/www.polisrecreio.com.br\/site\/wp-content\/uploads\/2018\/06\/DSC_0331.jpg 750w, https:\/\/www.polisrecreio.com.br\/site\/wp-content\/uploads\/2018\/06\/DSC_0331-300x200.jpg 300w\" sizes=\"(max-width: 750px) 100vw, 750px\" \/><\/a><figcaption id=\"caption-attachment-10118\" class=\"wp-caption-text\">Capit\u00e3es e trio de arbitragem.<\/figcaption><\/figure>\n<p><strong>Classificados para semifinal<\/strong><\/p>\n<p style=\"text-align: justify;\">O Esporte de Laranjal, atual campe\u00e3o, venceu por 3X0 o Gr\u00eamio Ubaense (S\u00e3o Jos\u00e9 de Ub\u00e1), em Laranjal, e garantiu a vaga.<\/p>\n<p style=\"text-align: justify;\">O Democrata (Santana de Cataguases) ganhou de 1X0 do Rochedo, em Santana de Cataguases, e levou a disputa para os p\u00eanaltis. Nas penalidades vit\u00f3ria do Democrata por 4X3 e vaga garantida.<\/p>\n<p style=\"text-align: justify;\">O primeiro jogo entre Esporte de Mira\u00ed e Estrela Azul (Palma), terminou 1X1, em Mira\u00ed.<\/p>\n<p>Os confrontos da semifinal ser\u00e3o sorteados.<\/p>\n","protected":false},"excerpt":{"rendered":"<p>Na tarde de domingo (10) o Ideal venceu o Vila Nova (Al\u00e9m Para\u00edba) no Est\u00e1dio Alcides Campos \u201cVila\u201d e est\u00e1 na semifinal da Copa dos Campe\u00f5es da Liga Esportiva de Cataguases pela terceira vez.<\/p>\n","protected":false},"author":3,"featured_media":10117,"comment_status":"open","ping_status":"open","sticky":false,"template":"","format":"standard","meta":[],"categories":[4],"tags":[],"yoast_head":"<!-- This site is optimized with the Yoast SEO plugin v15.6.2 - https:\/\/yoast.com\/wordpress\/plugins\/seo\/ -->\n<meta name=\"robots\" content=\"index, follow, max-snippet:-1, max-image-preview:large, max-video-preview:-1\" \/>\n<link rel=\"canonical\" href=\"https:\/\/www.polisrecreio.com.br\/site\/2018\/06\/11\/ideal-vence-e-esta-na-semifinal-da-copa-dos-campeoes\/\" \/>\n<meta property=\"og:locale\" content=\"pt_BR\" \/>\n<meta property=\"og:type\" content=\"article\" \/>\n<meta property=\"og:title\" content=\"Ideal vence e est\u00e1 na semifinal da Copa dos Campe\u00f5es - P\u00f3lis Recreio\" \/>\n<meta property=\"og:description\" content=\"Na tarde de domingo (10) o Ideal venceu o Vila Nova (Al\u00e9m Para\u00edba) no Est\u00e1dio Alcides Campos \u201cVila\u201d e est\u00e1 na semifinal da Copa dos Campe\u00f5es da Liga Esportiva de Cataguases pela terceira vez.\" \/>\n<meta property=\"og:url\" content=\"https:\/\/www.polisrecreio.com.br\/site\/2018\/06\/11\/ideal-vence-e-esta-na-semifinal-da-copa-dos-campeoes\/\" \/>\n<meta property=\"og:site_name\" content=\"P\u00f3lis Recreio\" \/>\n<meta property=\"article:publisher\" content=\"https:\/\/www.facebook.com\/Site-P%c3%b3lis-Recreio-MG-181941708571019\/\" \/>\n<meta property=\"article:published_time\" content=\"2018-06-11T12:56:16+00:00\" \/>\n<meta property=\"article:modified_time\" content=\"2018-06-11T13:00:04+00:00\" \/>\n<meta property=\"og:image\" content=\"https:\/\/www.polisrecreio.com.br\/site\/wp-content\/uploads\/2018\/06\/DSC_0329.jpg\" \/>\n\t<meta property=\"og:image:width\" content=\"750\" \/>\n\t<meta property=\"og:image:height\" content=\"500\" \/>\n<meta name=\"twitter:card\" content=\"summary_large_image\" \/>\n<meta name=\"twitter:creator\" content=\"@PolisRecreio\" \/>\n<meta name=\"twitter:site\" content=\"@PolisRecreio\" \/>\n<meta name=\"twitter:label1\" content=\"Est. reading time\">\n\t<meta name=\"twitter:data1\" content=\"1 minuto\">\n<script type=\"application\/ld+json\" class=\"yoast-schema-graph\">{\"@context\":\"https:\/\/schema.org\",\"@graph\":[{\"@type\":\"WebSite\",\"@id\":\"https:\/\/www.polisrecreio.com.br\/site\/#website\",\"url\":\"https:\/\/www.polisrecreio.com.br\/site\/\",\"name\":\"P\\u00f3lis Recreio\",\"description\":\"\",\"potentialAction\":[{\"@type\":\"SearchAction\",\"target\":\"https:\/\/www.polisrecreio.com.br\/site\/?s={search_term_string}\",\"query-input\":\"required name=search_term_string\"}],\"inLanguage\":\"pt-BR\"},{\"@type\":\"ImageObject\",\"@id\":\"https:\/\/www.polisrecreio.com.br\/site\/2018\/06\/11\/ideal-vence-e-esta-na-semifinal-da-copa-dos-campeoes\/#primaryimage\",\"inLanguage\":\"pt-BR\",\"url\":\"https:\/\/www.polisrecreio.com.br\/site\/wp-content\/uploads\/2018\/06\/DSC_0329.jpg\",\"width\":750,\"height\":500,\"caption\":\"Ideal Esporte Clube.\"},{\"@type\":\"WebPage\",\"@id\":\"https:\/\/www.polisrecreio.com.br\/site\/2018\/06\/11\/ideal-vence-e-esta-na-semifinal-da-copa-dos-campeoes\/#webpage\",\"url\":\"https:\/\/www.polisrecreio.com.br\/site\/2018\/06\/11\/ideal-vence-e-esta-na-semifinal-da-copa-dos-campeoes\/\",\"name\":\"Ideal vence e est\\u00e1 na semifinal da Copa dos Campe\\u00f5es - P\\u00f3lis Recreio\",\"isPartOf\":{\"@id\":\"https:\/\/www.polisrecreio.com.br\/site\/#website\"},\"primaryImageOfPage\":{\"@id\":\"https:\/\/www.polisrecreio.com.br\/site\/2018\/06\/11\/ideal-vence-e-esta-na-semifinal-da-copa-dos-campeoes\/#primaryimage\"},\"datePublished\":\"2018-06-11T12:56:16+00:00\",\"dateModified\":\"2018-06-11T13:00:04+00:00\",\"author\":{\"@id\":\"https:\/\/www.polisrecreio.com.br\/site\/#\/schema\/person\/3363c1c78e1e28e1329d97adb387638e\"},\"inLanguage\":\"pt-BR\",\"potentialAction\":[{\"@type\":\"ReadAction\",\"target\":[\"https:\/\/www.polisrecreio.com.br\/site\/2018\/06\/11\/ideal-vence-e-esta-na-semifinal-da-copa-dos-campeoes\/\"]}]},{\"@type\":\"Person\",\"@id\":\"https:\/\/www.polisrecreio.com.br\/site\/#\/schema\/person\/3363c1c78e1e28e1329d97adb387638e\",\"name\":\"Leonardo Ribeiro\",\"image\":{\"@type\":\"ImageObject\",\"@id\":\"https:\/\/www.polisrecreio.com.br\/site\/#personlogo\",\"inLanguage\":\"pt-BR\",\"url\":\"https:\/\/secure.gravatar.com\/avatar\/6ba92a37d621e1a83e23710251178a12?s=96&d=mm&r=g\",\"caption\":\"Leonardo Ribeiro\"},\"sameAs\":[\"http:\/\/www.polisrecreio.com.br\"]}]}<\/script>\n<!-- \/ Yoast SEO plugin. -->","_links":{"self":[{"href":"https:\/\/www.polisrecreio.com.br\/site\/wp-json\/wp\/v2\/posts\/10115"}],"collection":[{"href":"https:\/\/www.polisrecreio.com.br\/site\/wp-json\/wp\/v2\/posts"}],"about":[{"href":"https:\/\/www.polisrecreio.com.br\/site\/wp-json\/wp\/v2\/types\/post"}],"author":[{"embeddable":true,"href":"https:\/\/www.polisrecreio.com.br\/site\/wp-json\/wp\/v2\/users\/3"}],"replies":[{"embeddable":true,"href":"https:\/\/www.polisrecreio.com.br\/site\/wp-json\/wp\/v2\/comments?post=10115"}],"version-history":[{"count":4,"href":"https:\/\/www.polisrecreio.com.br\/site\/wp-json\/wp\/v2\/posts\/10115\/revisions"}],"predecessor-version":[{"id":10122,"href":"https:\/\/www.polisrecreio.com.br\/site\/wp-json\/wp\/v2\/posts\/10115\/revisions\/10122"}],"wp:featuredmedia":[{"embeddable":true,"href":"https:\/\/www.polisrecreio.com.br\/site\/wp-json\/wp\/v2\/media\/10117"}],"wp:attachment":[{"href":"https:\/\/www.polisrecreio.com.br\/site\/wp-json\/wp\/v2\/media?parent=10115"}],"wp:term":[{"taxonomy":"category","embeddable":true,"href":"https:\/\/www.polisrecreio.com.br\/site\/wp-json\/wp\/v2\/categories?post=10115"},{"taxonomy":"post_tag","embeddable":true,"href":"https:\/\/www.polisrecreio.com.br\/site\/wp-json\/wp\/v2\/tags?post=10115"}],"curies":[{"name":"wp","href":"https:\/\/api.w.org\/{rel}","templated":true}]}}