{"id":10123,"date":"2018-06-11T21:41:58","date_gmt":"2018-06-12T00:41:58","guid":{"rendered":"http:\/\/www.polisrecreio.com.br\/site\/?p=10123"},"modified":"2018-06-11T21:44:34","modified_gmt":"2018-06-12T00:44:34","slug":"recreio-e-c-vai-disputar-campeonato-regional-sub-17-da-lec","status":"publish","type":"post","link":"https:\/\/www.polisrecreio.com.br\/site\/2018\/06\/11\/recreio-e-c-vai-disputar-campeonato-regional-sub-17-da-lec\/","title":{"rendered":"Recreio E.C vai disputar Campeonato Regional sub-17 da LEC"},"content":{"rendered":"<p style=\"text-align: justify;\">O Recreio E.C vai disputar o Campeonato Regional sub-17 da Liga Esportiva de Cataguases. A estreia \u00e9 s\u00e1bado (16), \u00e0s 15h, contra o Leopoldina no Est\u00e1dio Euvaldo Lodi.<\/p>\n<p><!--more--><\/p>\n<p><a href=\"http:\/\/www.polisrecreio.com.br\/site\/wp-content\/uploads\/2018\/06\/32.jpg\"><img loading=\"lazy\" class=\"aligncenter size-full wp-image-10124\" src=\"http:\/\/www.polisrecreio.com.br\/site\/wp-content\/uploads\/2018\/06\/32.jpg\" alt=\"\" width=\"750\" height=\"495\" srcset=\"https:\/\/www.polisrecreio.com.br\/site\/wp-content\/uploads\/2018\/06\/32.jpg 750w, https:\/\/www.polisrecreio.com.br\/site\/wp-content\/uploads\/2018\/06\/32-300x198.jpg 300w\" sizes=\"(max-width: 750px) 100vw, 750px\" \/><\/a><\/p>\n<p style=\"text-align: justify;\">Ao todo 10 times, divididos em dois grupos de cinco equipes em cada, est\u00e3o na disputa do t\u00edtulo de melhor time da regi\u00e3o.<\/p>\n<p style=\"text-align: justify;\">Confira os grupos:<\/p>\n<p style=\"text-align: justify;\">A \u2013 Barano (Cataguases), Santana (Santana de Cataguases), N\u00facleo Esportivo (S\u00e3o Jos\u00e9 Nepomuceno), Tib\u00e9rio (Guarani) e Bonsucesso (Ub\u00e1);<\/p>\n<p style=\"text-align: justify;\">B \u2013 Recreio, Ribeiro Junqueira (Leopoldina), Leopoldina, Nacional (Muria\u00e9) e Democrata (Al\u00e9m Para\u00edba).<\/p>\n<p style=\"text-align: justify;\">Os quatro melhores de cada grupo classificam-se para as quartas de finais.<\/p>\n<p style=\"text-align: justify;\">A \u00faltima vez que o REC disputou o Campeonato foi em 2016. Naquele ano o Le\u00e3o da Zona da Mata parou na semifinal.<\/p>\n","protected":false},"excerpt":{"rendered":"<p>O Recreio E.C vai disputar o Campeonato Regional sub-17 da Liga Esportiva de Cataguases. A estreia \u00e9 s\u00e1bado (16), \u00e0s 15h, contra o Leopoldina no Est\u00e1dio Euvaldo Lodi.<\/p>\n","protected":false},"author":3,"featured_media":10124,"comment_status":"open","ping_status":"open","sticky":false,"template":"","format":"standard","meta":[],"categories":[4],"tags":[],"yoast_head":"<!-- This site is optimized with the Yoast SEO plugin v15.6.2 - https:\/\/yoast.com\/wordpress\/plugins\/seo\/ -->\n<meta name=\"robots\" content=\"index, follow, max-snippet:-1, max-image-preview:large, max-video-preview:-1\" \/>\n<link rel=\"canonical\" href=\"https:\/\/www.polisrecreio.com.br\/site\/2018\/06\/11\/recreio-e-c-vai-disputar-campeonato-regional-sub-17-da-lec\/\" \/>\n<meta property=\"og:locale\" content=\"pt_BR\" \/>\n<meta property=\"og:type\" content=\"article\" \/>\n<meta property=\"og:title\" content=\"Recreio E.C vai disputar Campeonato Regional sub-17 da LEC - P\u00f3lis Recreio\" \/>\n<meta property=\"og:description\" content=\"O Recreio E.C vai disputar o Campeonato Regional sub-17 da Liga Esportiva de Cataguases. A estreia \u00e9 s\u00e1bado (16), \u00e0s 15h, contra o Leopoldina no Est\u00e1dio Euvaldo Lodi.\" \/>\n<meta property=\"og:url\" content=\"https:\/\/www.polisrecreio.com.br\/site\/2018\/06\/11\/recreio-e-c-vai-disputar-campeonato-regional-sub-17-da-lec\/\" \/>\n<meta property=\"og:site_name\" content=\"P\u00f3lis Recreio\" \/>\n<meta property=\"article:publisher\" content=\"https:\/\/www.facebook.com\/Site-P%c3%b3lis-Recreio-MG-181941708571019\/\" \/>\n<meta property=\"article:published_time\" content=\"2018-06-12T00:41:58+00:00\" \/>\n<meta property=\"article:modified_time\" content=\"2018-06-12T00:44:34+00:00\" \/>\n<meta property=\"og:image\" content=\"https:\/\/www.polisrecreio.com.br\/site\/wp-content\/uploads\/2018\/06\/32.jpg\" \/>\n\t<meta property=\"og:image:width\" content=\"750\" \/>\n\t<meta property=\"og:image:height\" content=\"495\" \/>\n<meta name=\"twitter:card\" content=\"summary_large_image\" \/>\n<meta name=\"twitter:creator\" content=\"@PolisRecreio\" \/>\n<meta name=\"twitter:site\" content=\"@PolisRecreio\" \/>\n<meta name=\"twitter:label1\" content=\"Est. reading time\">\n\t<meta name=\"twitter:data1\" content=\"1 minuto\">\n<script type=\"application\/ld+json\" class=\"yoast-schema-graph\">{\"@context\":\"https:\/\/schema.org\",\"@graph\":[{\"@type\":\"WebSite\",\"@id\":\"https:\/\/www.polisrecreio.com.br\/site\/#website\",\"url\":\"https:\/\/www.polisrecreio.com.br\/site\/\",\"name\":\"P\\u00f3lis Recreio\",\"description\":\"\",\"potentialAction\":[{\"@type\":\"SearchAction\",\"target\":\"https:\/\/www.polisrecreio.com.br\/site\/?s={search_term_string}\",\"query-input\":\"required name=search_term_string\"}],\"inLanguage\":\"pt-BR\"},{\"@type\":\"ImageObject\",\"@id\":\"https:\/\/www.polisrecreio.com.br\/site\/2018\/06\/11\/recreio-e-c-vai-disputar-campeonato-regional-sub-17-da-lec\/#primaryimage\",\"inLanguage\":\"pt-BR\",\"url\":\"https:\/\/www.polisrecreio.com.br\/site\/wp-content\/uploads\/2018\/06\/32.jpg\",\"width\":750,\"height\":495},{\"@type\":\"WebPage\",\"@id\":\"https:\/\/www.polisrecreio.com.br\/site\/2018\/06\/11\/recreio-e-c-vai-disputar-campeonato-regional-sub-17-da-lec\/#webpage\",\"url\":\"https:\/\/www.polisrecreio.com.br\/site\/2018\/06\/11\/recreio-e-c-vai-disputar-campeonato-regional-sub-17-da-lec\/\",\"name\":\"Recreio E.C vai disputar Campeonato Regional sub-17 da LEC - P\\u00f3lis Recreio\",\"isPartOf\":{\"@id\":\"https:\/\/www.polisrecreio.com.br\/site\/#website\"},\"primaryImageOfPage\":{\"@id\":\"https:\/\/www.polisrecreio.com.br\/site\/2018\/06\/11\/recreio-e-c-vai-disputar-campeonato-regional-sub-17-da-lec\/#primaryimage\"},\"datePublished\":\"2018-06-12T00:41:58+00:00\",\"dateModified\":\"2018-06-12T00:44:34+00:00\",\"author\":{\"@id\":\"https:\/\/www.polisrecreio.com.br\/site\/#\/schema\/person\/3363c1c78e1e28e1329d97adb387638e\"},\"inLanguage\":\"pt-BR\",\"potentialAction\":[{\"@type\":\"ReadAction\",\"target\":[\"https:\/\/www.polisrecreio.com.br\/site\/2018\/06\/11\/recreio-e-c-vai-disputar-campeonato-regional-sub-17-da-lec\/\"]}]},{\"@type\":\"Person\",\"@id\":\"https:\/\/www.polisrecreio.com.br\/site\/#\/schema\/person\/3363c1c78e1e28e1329d97adb387638e\",\"name\":\"Leonardo Ribeiro\",\"image\":{\"@type\":\"ImageObject\",\"@id\":\"https:\/\/www.polisrecreio.com.br\/site\/#personlogo\",\"inLanguage\":\"pt-BR\",\"url\":\"https:\/\/secure.gravatar.com\/avatar\/6ba92a37d621e1a83e23710251178a12?s=96&d=mm&r=g\",\"caption\":\"Leonardo Ribeiro\"},\"sameAs\":[\"http:\/\/www.polisrecreio.com.br\"]}]}<\/script>\n<!-- \/ Yoast SEO plugin. -->","_links":{"self":[{"href":"https:\/\/www.polisrecreio.com.br\/site\/wp-json\/wp\/v2\/posts\/10123"}],"collection":[{"href":"https:\/\/www.polisrecreio.com.br\/site\/wp-json\/wp\/v2\/posts"}],"about":[{"href":"https:\/\/www.polisrecreio.com.br\/site\/wp-json\/wp\/v2\/types\/post"}],"author":[{"embeddable":true,"href":"https:\/\/www.polisrecreio.com.br\/site\/wp-json\/wp\/v2\/users\/3"}],"replies":[{"embeddable":true,"href":"https:\/\/www.polisrecreio.com.br\/site\/wp-json\/wp\/v2\/comments?post=10123"}],"version-history":[{"count":2,"href":"https:\/\/www.polisrecreio.com.br\/site\/wp-json\/wp\/v2\/posts\/10123\/revisions"}],"predecessor-version":[{"id":10126,"href":"https:\/\/www.polisrecreio.com.br\/site\/wp-json\/wp\/v2\/posts\/10123\/revisions\/10126"}],"wp:featuredmedia":[{"embeddable":true,"href":"https:\/\/www.polisrecreio.com.br\/site\/wp-json\/wp\/v2\/media\/10124"}],"wp:attachment":[{"href":"https:\/\/www.polisrecreio.com.br\/site\/wp-json\/wp\/v2\/media?parent=10123"}],"wp:term":[{"taxonomy":"category","embeddable":true,"href":"https:\/\/www.polisrecreio.com.br\/site\/wp-json\/wp\/v2\/categories?post=10123"},{"taxonomy":"post_tag","embeddable":true,"href":"https:\/\/www.polisrecreio.com.br\/site\/wp-json\/wp\/v2\/tags?post=10123"}],"curies":[{"name":"wp","href":"https:\/\/api.w.org\/{rel}","templated":true}]}}