{"id":10127,"date":"2018-06-12T09:03:05","date_gmt":"2018-06-12T12:03:05","guid":{"rendered":"http:\/\/www.polisrecreio.com.br\/site\/?p=10127"},"modified":"2018-06-12T09:03:50","modified_gmt":"2018-06-12T12:03:50","slug":"camara-de-recreio-aprova-leilao-de-bens-inserviveis-do-municipio","status":"publish","type":"post","link":"https:\/\/www.polisrecreio.com.br\/site\/2018\/06\/12\/camara-de-recreio-aprova-leilao-de-bens-inserviveis-do-municipio\/","title":{"rendered":"C\u00e2mara de Recreio aprova leil\u00e3o de bens inserv\u00edveis do Munic\u00edpio"},"content":{"rendered":"<p style=\"text-align: justify;\">A C\u00e2mara de Recreio aprovou na sess\u00e3o de segunda-feira (11) a abertura de um leil\u00e3o de bens inserv\u00edveis do Munic\u00edpio por meio do projeto de lei 1537\/2018 de autoria do executivo.<\/p>\n<p><!--more--><\/p>\n<figure id=\"attachment_10128\" aria-describedby=\"caption-attachment-10128\" style=\"width: 750px\" class=\"wp-caption aligncenter\"><a href=\"http:\/\/www.polisrecreio.com.br\/site\/wp-content\/uploads\/2018\/06\/DSC_0339.jpg\"><img loading=\"lazy\" class=\"size-full wp-image-10128\" src=\"http:\/\/www.polisrecreio.com.br\/site\/wp-content\/uploads\/2018\/06\/DSC_0339.jpg\" alt=\"\" width=\"750\" height=\"500\" srcset=\"https:\/\/www.polisrecreio.com.br\/site\/wp-content\/uploads\/2018\/06\/DSC_0339.jpg 750w, https:\/\/www.polisrecreio.com.br\/site\/wp-content\/uploads\/2018\/06\/DSC_0339-300x200.jpg 300w\" sizes=\"(max-width: 750px) 100vw, 750px\" \/><\/a><figcaption id=\"caption-attachment-10128\" class=\"wp-caption-text\">Sess\u00e3o da C\u00e2mara de Recreio.<\/figcaption><\/figure>\n<p style=\"text-align: justify;\">O PL prev\u00ea a venda de diversos itens pertencentes a Prefeitura Municipal, mas que n\u00e3o est\u00e3o em condi\u00e7\u00f5es de servir \u00e0s atividades administrativas. O documento agora segue para san\u00e7\u00e3o do prefeito de Recreio, Jos\u00e9 Maria Barros.<\/p>\n<p style=\"text-align: justify;\">A data do leil\u00e3o ainda n\u00e3o foi informada.<\/p>\n<p><strong>Of\u00edcios ao executivo<\/strong><\/p>\n<p style=\"text-align: justify;\">Os vereadores encaminharam dois of\u00edcios ao prefeito de Recreio. O of\u00edcio 003\/2018 solicita ao executivo que estude a possibilidade do retorno da m\u00e3o dupla no tr\u00e2nsito da Travessa Fernandes, no Centro. J\u00e1 o of\u00edcio 004\/2018 sugere que o empr\u00e9stimo do palco de eventos seja inclu\u00eddo no C\u00f3digo Tribut\u00e1rio Municipal e por ele seja cobrado uma taxa de empr\u00e9stimo.<\/p>\n<p style=\"text-align: justify;\">De acordo com a legisla\u00e7\u00e3o o prefeito tem 15 dias, prorrog\u00e1veis por mais 15, para responder aos of\u00edcios.<\/p>\n","protected":false},"excerpt":{"rendered":"<p>A C\u00e2mara de Recreio aprovou na sess\u00e3o de segunda-feira (11) a abertura de um leil\u00e3o de bens inserv\u00edveis do Munic\u00edpio por meio do projeto de lei 1537\/2018 de autoria do executivo.<\/p>\n","protected":false},"author":3,"featured_media":10128,"comment_status":"open","ping_status":"open","sticky":false,"template":"","format":"standard","meta":[],"categories":[6],"tags":[],"yoast_head":"<!-- This site is optimized with the Yoast SEO plugin v15.6.2 - https:\/\/yoast.com\/wordpress\/plugins\/seo\/ -->\n<meta name=\"robots\" content=\"index, follow, max-snippet:-1, max-image-preview:large, max-video-preview:-1\" \/>\n<link rel=\"canonical\" href=\"http:\/\/www.polisrecreio.com.br\/site\/2018\/06\/12\/camara-de-recreio-aprova-leilao-de-bens-inserviveis-do-municipio\/\" \/>\n<meta property=\"og:locale\" content=\"pt_BR\" \/>\n<meta property=\"og:type\" content=\"article\" \/>\n<meta property=\"og:title\" content=\"C\u00e2mara de Recreio aprova leil\u00e3o de bens inserv\u00edveis do Munic\u00edpio - P\u00f3lis Recreio\" \/>\n<meta property=\"og:description\" content=\"A C\u00e2mara de Recreio aprovou na sess\u00e3o de segunda-feira (11) a abertura de um leil\u00e3o de bens inserv\u00edveis do Munic\u00edpio por meio do projeto de lei 1537\/2018 de autoria do executivo.\" \/>\n<meta property=\"og:url\" content=\"http:\/\/www.polisrecreio.com.br\/site\/2018\/06\/12\/camara-de-recreio-aprova-leilao-de-bens-inserviveis-do-municipio\/\" \/>\n<meta property=\"og:site_name\" content=\"P\u00f3lis Recreio\" \/>\n<meta property=\"article:publisher\" content=\"https:\/\/www.facebook.com\/Site-P%c3%b3lis-Recreio-MG-181941708571019\/\" \/>\n<meta property=\"article:published_time\" content=\"2018-06-12T12:03:05+00:00\" \/>\n<meta property=\"article:modified_time\" content=\"2018-06-12T12:03:50+00:00\" \/>\n<meta property=\"og:image\" content=\"https:\/\/www.polisrecreio.com.br\/site\/wp-content\/uploads\/2018\/06\/DSC_0339.jpg\" \/>\n\t<meta property=\"og:image:width\" content=\"750\" \/>\n\t<meta property=\"og:image:height\" content=\"500\" \/>\n<meta name=\"twitter:card\" content=\"summary_large_image\" \/>\n<meta name=\"twitter:creator\" content=\"@PolisRecreio\" \/>\n<meta name=\"twitter:site\" content=\"@PolisRecreio\" \/>\n<meta name=\"twitter:label1\" content=\"Est. reading time\">\n\t<meta name=\"twitter:data1\" content=\"1 minuto\">\n<script type=\"application\/ld+json\" class=\"yoast-schema-graph\">{\"@context\":\"https:\/\/schema.org\",\"@graph\":[{\"@type\":\"WebSite\",\"@id\":\"https:\/\/www.polisrecreio.com.br\/site\/#website\",\"url\":\"https:\/\/www.polisrecreio.com.br\/site\/\",\"name\":\"P\\u00f3lis Recreio\",\"description\":\"\",\"potentialAction\":[{\"@type\":\"SearchAction\",\"target\":\"https:\/\/www.polisrecreio.com.br\/site\/?s={search_term_string}\",\"query-input\":\"required name=search_term_string\"}],\"inLanguage\":\"pt-BR\"},{\"@type\":\"ImageObject\",\"@id\":\"http:\/\/www.polisrecreio.com.br\/site\/2018\/06\/12\/camara-de-recreio-aprova-leilao-de-bens-inserviveis-do-municipio\/#primaryimage\",\"inLanguage\":\"pt-BR\",\"url\":\"https:\/\/www.polisrecreio.com.br\/site\/wp-content\/uploads\/2018\/06\/DSC_0339.jpg\",\"width\":750,\"height\":500,\"caption\":\"Sess\\u00e3o da C\\u00e2mara de Recreio.\"},{\"@type\":\"WebPage\",\"@id\":\"http:\/\/www.polisrecreio.com.br\/site\/2018\/06\/12\/camara-de-recreio-aprova-leilao-de-bens-inserviveis-do-municipio\/#webpage\",\"url\":\"http:\/\/www.polisrecreio.com.br\/site\/2018\/06\/12\/camara-de-recreio-aprova-leilao-de-bens-inserviveis-do-municipio\/\",\"name\":\"C\\u00e2mara de Recreio aprova leil\\u00e3o de bens inserv\\u00edveis do Munic\\u00edpio - P\\u00f3lis Recreio\",\"isPartOf\":{\"@id\":\"https:\/\/www.polisrecreio.com.br\/site\/#website\"},\"primaryImageOfPage\":{\"@id\":\"http:\/\/www.polisrecreio.com.br\/site\/2018\/06\/12\/camara-de-recreio-aprova-leilao-de-bens-inserviveis-do-municipio\/#primaryimage\"},\"datePublished\":\"2018-06-12T12:03:05+00:00\",\"dateModified\":\"2018-06-12T12:03:50+00:00\",\"author\":{\"@id\":\"https:\/\/www.polisrecreio.com.br\/site\/#\/schema\/person\/3363c1c78e1e28e1329d97adb387638e\"},\"inLanguage\":\"pt-BR\",\"potentialAction\":[{\"@type\":\"ReadAction\",\"target\":[\"http:\/\/www.polisrecreio.com.br\/site\/2018\/06\/12\/camara-de-recreio-aprova-leilao-de-bens-inserviveis-do-municipio\/\"]}]},{\"@type\":\"Person\",\"@id\":\"https:\/\/www.polisrecreio.com.br\/site\/#\/schema\/person\/3363c1c78e1e28e1329d97adb387638e\",\"name\":\"Leonardo Ribeiro\",\"image\":{\"@type\":\"ImageObject\",\"@id\":\"https:\/\/www.polisrecreio.com.br\/site\/#personlogo\",\"inLanguage\":\"pt-BR\",\"url\":\"https:\/\/secure.gravatar.com\/avatar\/6ba92a37d621e1a83e23710251178a12?s=96&d=mm&r=g\",\"caption\":\"Leonardo Ribeiro\"},\"sameAs\":[\"http:\/\/www.polisrecreio.com.br\"]}]}<\/script>\n<!-- \/ Yoast SEO plugin. -->","_links":{"self":[{"href":"https:\/\/www.polisrecreio.com.br\/site\/wp-json\/wp\/v2\/posts\/10127"}],"collection":[{"href":"https:\/\/www.polisrecreio.com.br\/site\/wp-json\/wp\/v2\/posts"}],"about":[{"href":"https:\/\/www.polisrecreio.com.br\/site\/wp-json\/wp\/v2\/types\/post"}],"author":[{"embeddable":true,"href":"https:\/\/www.polisrecreio.com.br\/site\/wp-json\/wp\/v2\/users\/3"}],"replies":[{"embeddable":true,"href":"https:\/\/www.polisrecreio.com.br\/site\/wp-json\/wp\/v2\/comments?post=10127"}],"version-history":[{"count":2,"href":"https:\/\/www.polisrecreio.com.br\/site\/wp-json\/wp\/v2\/posts\/10127\/revisions"}],"predecessor-version":[{"id":10130,"href":"https:\/\/www.polisrecreio.com.br\/site\/wp-json\/wp\/v2\/posts\/10127\/revisions\/10130"}],"wp:featuredmedia":[{"embeddable":true,"href":"https:\/\/www.polisrecreio.com.br\/site\/wp-json\/wp\/v2\/media\/10128"}],"wp:attachment":[{"href":"https:\/\/www.polisrecreio.com.br\/site\/wp-json\/wp\/v2\/media?parent=10127"}],"wp:term":[{"taxonomy":"category","embeddable":true,"href":"https:\/\/www.polisrecreio.com.br\/site\/wp-json\/wp\/v2\/categories?post=10127"},{"taxonomy":"post_tag","embeddable":true,"href":"https:\/\/www.polisrecreio.com.br\/site\/wp-json\/wp\/v2\/tags?post=10127"}],"curies":[{"name":"wp","href":"https:\/\/api.w.org\/{rel}","templated":true}]}}