{"id":1043,"date":"2016-02-03T08:48:56","date_gmt":"2016-02-03T11:48:56","guid":{"rendered":"http:\/\/www.polisrecreio.com.br\/site\/?p=1043"},"modified":"2016-02-03T08:48:56","modified_gmt":"2016-02-03T11:48:56","slug":"agentes-de-saude-e-equipe-da-epidemiologia-estao-juntos-no-combate-a-dengue","status":"publish","type":"post","link":"https:\/\/www.polisrecreio.com.br\/site\/2016\/02\/03\/agentes-de-saude-e-equipe-da-epidemiologia-estao-juntos-no-combate-a-dengue\/","title":{"rendered":"Agentes de sa\u00fade e equipe da epidemiologia est\u00e3o juntos no combate \u00e0 dengue"},"content":{"rendered":"<p style=\"text-align: justify;\">Come\u00e7ou essa semana o refor\u00e7o no combate \u00e0 dengue em Recreio com a participa\u00e7\u00e3o dos agentes do Programa Estrat\u00e9gia Sa\u00fade da Fam\u00edlia \u201cESF\u201d, ser\u00e3o 18 servidores que se juntar\u00e3o a equipe da epidemiologia formada por 4 agentes de endemias em campo, 2 na UBV Costal, 1 chefe de turma, 1 digitadora e 1 coordenador.<\/p>\n<p style=\"text-align: justify;\"><!--more--><\/p>\n<figure id=\"attachment_1044\" aria-describedby=\"caption-attachment-1044\" style=\"width: 1600px\" class=\"wp-caption aligncenter\"><a href=\"http:\/\/www.polisrecreio.com.br\/site\/wp-content\/uploads\/2016\/02\/IMG-20160202-WA0007.jpg\"><img loading=\"lazy\" class=\"wp-image-1044 size-full\" src=\"http:\/\/www.polisrecreio.com.br\/site\/wp-content\/uploads\/2016\/02\/IMG-20160202-WA0007.jpg\" alt=\"IMG-20160202-WA0007\" width=\"1600\" height=\"1200\" \/><\/a><figcaption id=\"caption-attachment-1044\" class=\"wp-caption-text\">Agentes de sa\u00fade no combate \u00e0 dengue.<\/figcaption><\/figure>\n<p style=\"text-align: justify;\">\u201cA inser\u00e7\u00e3o dos agentes de sa\u00fade no trabalho da epidemiologia foi uma exig\u00eancia da Ger\u00eancia Regional de Sa\u00fade de Leopoldina em atendimento a Portaria N\u00ba 2.121, de 18 de dezembro de 2015 do Minist\u00e9rio da Sa\u00fade\u201d, explicou Alessandra Campos, chefe de turma.<\/p>\n<p style=\"text-align: justify;\">Segundo dados informados pela vigil\u00e2ncia epidemiol\u00f3gica no m\u00eas de janeiro foram registrados 118 notifica\u00e7\u00f5es suspeitas de dengue, sendo: 105 na Cidade, 4 em Concei\u00e7\u00e3o <a href=\"http:\/\/www.polisrecreio.com.br\/site\/wp-content\/uploads\/2016\/02\/IMG-20160128-WA0004-C\u00f3pia.jpg\"><img loading=\"lazy\" class=\"size-medium wp-image-1047 alignleft\" src=\"http:\/\/www.polisrecreio.com.br\/site\/wp-content\/uploads\/2016\/02\/IMG-20160128-WA0004-C\u00f3pia-300x243.jpg\" alt=\"IMG-20160128-WA0004 - C\u00f3pia\" width=\"300\" height=\"243\" srcset=\"https:\/\/www.polisrecreio.com.br\/site\/wp-content\/uploads\/2016\/02\/IMG-20160128-WA0004-C\u00f3pia-300x243.jpg 300w, https:\/\/www.polisrecreio.com.br\/site\/wp-content\/uploads\/2016\/02\/IMG-20160128-WA0004-C\u00f3pia-1024x828.jpg 1024w, https:\/\/www.polisrecreio.com.br\/site\/wp-content\/uploads\/2016\/02\/IMG-20160128-WA0004-C\u00f3pia.jpg 1200w\" sizes=\"(max-width: 300px) 100vw, 300px\" \/><\/a>da Boa Vista, 9 em Angaturama e 0 no Barreiros. Ano passado, no mesmo per\u00edodo, apenas 1 ocorr\u00eancia havia sido notificada.<\/p>\n<p style=\"text-align: justify;\">\u201cS\u00f3 neste come\u00e7o de ano a equipe j\u00e1 visitou e vistoriou quase 800 resid\u00eancias com o trabalho de tratamento focal, realizamos mais de 50 bloqueios com a UBV Costal em locais estrat\u00e9gicos, fizemos 14 controles mec\u00e2nicos (reconhecimento de criadouros) e atendemos mais de 30 den\u00fancias feitas pela popula\u00e7\u00e3o pelo 3444-2222\u201d, disse o coordenador Malcon Peres.<\/p>\n<p style=\"text-align: justify;\"><a href=\"http:\/\/www.polisrecreio.com.br\/site\/wp-content\/uploads\/2016\/02\/IMG-20160202-WA0010.jpg\"><img loading=\"lazy\" class=\"alignnone size-medium wp-image-1045\" src=\"http:\/\/www.polisrecreio.com.br\/site\/wp-content\/uploads\/2016\/02\/IMG-20160202-WA0010-300x225.jpg\" alt=\"IMG-20160202-WA0010\" width=\"300\" height=\"225\" srcset=\"https:\/\/www.polisrecreio.com.br\/site\/wp-content\/uploads\/2016\/02\/IMG-20160202-WA0010-300x225.jpg 300w, https:\/\/www.polisrecreio.com.br\/site\/wp-content\/uploads\/2016\/02\/IMG-20160202-WA0010-1024x768.jpg 1024w, https:\/\/www.polisrecreio.com.br\/site\/wp-content\/uploads\/2016\/02\/IMG-20160202-WA0010.jpg 1600w\" sizes=\"(max-width: 300px) 100vw, 300px\" \/><\/a> \u00a0 \u00a0 \u00a0\u00a0 <a href=\"http:\/\/www.polisrecreio.com.br\/site\/wp-content\/uploads\/2016\/02\/IMG-20160202-WA0014.jpg\"><img loading=\"lazy\" class=\"alignnone size-medium wp-image-1046\" src=\"http:\/\/www.polisrecreio.com.br\/site\/wp-content\/uploads\/2016\/02\/IMG-20160202-WA0014-300x225.jpg\" alt=\"IMG-20160202-WA0014\" width=\"300\" height=\"225\" srcset=\"https:\/\/www.polisrecreio.com.br\/site\/wp-content\/uploads\/2016\/02\/IMG-20160202-WA0014-300x225.jpg 300w, https:\/\/www.polisrecreio.com.br\/site\/wp-content\/uploads\/2016\/02\/IMG-20160202-WA0014-1024x768.jpg 1024w, https:\/\/www.polisrecreio.com.br\/site\/wp-content\/uploads\/2016\/02\/IMG-20160202-WA0014.jpg 1600w\" sizes=\"(max-width: 300px) 100vw, 300px\" \/><\/a><\/p>\n","protected":false},"excerpt":{"rendered":"<p>Come\u00e7ou essa semana o refor\u00e7o no combate \u00e0 dengue em Recreio com a participa\u00e7\u00e3o dos agentes do Programa Estrat\u00e9gia Sa\u00fade da Fam\u00edlia \u201cESF\u201d, ser\u00e3o 18 servidores que se juntar\u00e3o a equipe da epidemiologia formada por 4 agentes de endemias em campo, 2 na UBV Costal, 1 chefe de turma, 1 digitadora e 1 coordenador.<\/p>\n","protected":false},"author":3,"featured_media":1044,"comment_status":"open","ping_status":"open","sticky":false,"template":"","format":"standard","meta":[],"categories":[7],"tags":[],"yoast_head":"<!-- This site is optimized with the Yoast SEO plugin v15.6.2 - https:\/\/yoast.com\/wordpress\/plugins\/seo\/ -->\n<meta name=\"robots\" content=\"index, follow, max-snippet:-1, max-image-preview:large, max-video-preview:-1\" \/>\n<link rel=\"canonical\" href=\"http:\/\/www.polisrecreio.com.br\/site\/2016\/02\/03\/agentes-de-saude-e-equipe-da-epidemiologia-estao-juntos-no-combate-a-dengue\/\" \/>\n<meta property=\"og:locale\" content=\"pt_BR\" \/>\n<meta property=\"og:type\" content=\"article\" \/>\n<meta property=\"og:title\" content=\"Agentes de sa\u00fade e equipe da epidemiologia est\u00e3o juntos no combate \u00e0 dengue - P\u00f3lis Recreio\" \/>\n<meta property=\"og:description\" content=\"Come\u00e7ou essa semana o refor\u00e7o no combate \u00e0 dengue em Recreio com a participa\u00e7\u00e3o dos agentes do Programa Estrat\u00e9gia Sa\u00fade da Fam\u00edlia \u201cESF\u201d, ser\u00e3o 18 servidores que se juntar\u00e3o a equipe da epidemiologia formada por 4 agentes de endemias em campo, 2 na UBV Costal, 1 chefe de turma, 1 digitadora e 1 coordenador.\" \/>\n<meta property=\"og:url\" content=\"http:\/\/www.polisrecreio.com.br\/site\/2016\/02\/03\/agentes-de-saude-e-equipe-da-epidemiologia-estao-juntos-no-combate-a-dengue\/\" \/>\n<meta property=\"og:site_name\" content=\"P\u00f3lis Recreio\" \/>\n<meta property=\"article:publisher\" content=\"https:\/\/www.facebook.com\/Site-P%c3%b3lis-Recreio-MG-181941708571019\/\" \/>\n<meta property=\"article:published_time\" content=\"2016-02-03T11:48:56+00:00\" \/>\n<meta property=\"og:image\" content=\"https:\/\/www.polisrecreio.com.br\/site\/wp-content\/uploads\/2016\/02\/IMG-20160202-WA0007-e1454500232386.jpg\" \/>\n\t<meta property=\"og:image:width\" content=\"700\" \/>\n\t<meta property=\"og:image:height\" content=\"525\" \/>\n<meta name=\"twitter:card\" content=\"summary_large_image\" \/>\n<meta name=\"twitter:creator\" content=\"@PolisRecreio\" \/>\n<meta name=\"twitter:site\" content=\"@PolisRecreio\" \/>\n<meta name=\"twitter:label1\" content=\"Est. reading time\">\n\t<meta name=\"twitter:data1\" content=\"1 minuto\">\n<script type=\"application\/ld+json\" class=\"yoast-schema-graph\">{\"@context\":\"https:\/\/schema.org\",\"@graph\":[{\"@type\":\"WebSite\",\"@id\":\"https:\/\/www.polisrecreio.com.br\/site\/#website\",\"url\":\"https:\/\/www.polisrecreio.com.br\/site\/\",\"name\":\"P\\u00f3lis Recreio\",\"description\":\"\",\"potentialAction\":[{\"@type\":\"SearchAction\",\"target\":\"https:\/\/www.polisrecreio.com.br\/site\/?s={search_term_string}\",\"query-input\":\"required name=search_term_string\"}],\"inLanguage\":\"pt-BR\"},{\"@type\":\"ImageObject\",\"@id\":\"http:\/\/www.polisrecreio.com.br\/site\/2016\/02\/03\/agentes-de-saude-e-equipe-da-epidemiologia-estao-juntos-no-combate-a-dengue\/#primaryimage\",\"inLanguage\":\"pt-BR\",\"url\":\"https:\/\/www.polisrecreio.com.br\/site\/wp-content\/uploads\/2016\/02\/IMG-20160202-WA0007-e1454500232386.jpg\",\"width\":700,\"height\":525},{\"@type\":\"WebPage\",\"@id\":\"http:\/\/www.polisrecreio.com.br\/site\/2016\/02\/03\/agentes-de-saude-e-equipe-da-epidemiologia-estao-juntos-no-combate-a-dengue\/#webpage\",\"url\":\"http:\/\/www.polisrecreio.com.br\/site\/2016\/02\/03\/agentes-de-saude-e-equipe-da-epidemiologia-estao-juntos-no-combate-a-dengue\/\",\"name\":\"Agentes de sa\\u00fade e equipe da epidemiologia est\\u00e3o juntos no combate \\u00e0 dengue - P\\u00f3lis Recreio\",\"isPartOf\":{\"@id\":\"https:\/\/www.polisrecreio.com.br\/site\/#website\"},\"primaryImageOfPage\":{\"@id\":\"http:\/\/www.polisrecreio.com.br\/site\/2016\/02\/03\/agentes-de-saude-e-equipe-da-epidemiologia-estao-juntos-no-combate-a-dengue\/#primaryimage\"},\"datePublished\":\"2016-02-03T11:48:56+00:00\",\"dateModified\":\"2016-02-03T11:48:56+00:00\",\"author\":{\"@id\":\"https:\/\/www.polisrecreio.com.br\/site\/#\/schema\/person\/3363c1c78e1e28e1329d97adb387638e\"},\"inLanguage\":\"pt-BR\",\"potentialAction\":[{\"@type\":\"ReadAction\",\"target\":[\"http:\/\/www.polisrecreio.com.br\/site\/2016\/02\/03\/agentes-de-saude-e-equipe-da-epidemiologia-estao-juntos-no-combate-a-dengue\/\"]}]},{\"@type\":\"Person\",\"@id\":\"https:\/\/www.polisrecreio.com.br\/site\/#\/schema\/person\/3363c1c78e1e28e1329d97adb387638e\",\"name\":\"Leonardo Ribeiro\",\"image\":{\"@type\":\"ImageObject\",\"@id\":\"https:\/\/www.polisrecreio.com.br\/site\/#personlogo\",\"inLanguage\":\"pt-BR\",\"url\":\"https:\/\/secure.gravatar.com\/avatar\/6ba92a37d621e1a83e23710251178a12?s=96&d=mm&r=g\",\"caption\":\"Leonardo Ribeiro\"},\"sameAs\":[\"http:\/\/www.polisrecreio.com.br\"]}]}<\/script>\n<!-- \/ Yoast SEO plugin. -->","_links":{"self":[{"href":"https:\/\/www.polisrecreio.com.br\/site\/wp-json\/wp\/v2\/posts\/1043"}],"collection":[{"href":"https:\/\/www.polisrecreio.com.br\/site\/wp-json\/wp\/v2\/posts"}],"about":[{"href":"https:\/\/www.polisrecreio.com.br\/site\/wp-json\/wp\/v2\/types\/post"}],"author":[{"embeddable":true,"href":"https:\/\/www.polisrecreio.com.br\/site\/wp-json\/wp\/v2\/users\/3"}],"replies":[{"embeddable":true,"href":"https:\/\/www.polisrecreio.com.br\/site\/wp-json\/wp\/v2\/comments?post=1043"}],"version-history":[{"count":2,"href":"https:\/\/www.polisrecreio.com.br\/site\/wp-json\/wp\/v2\/posts\/1043\/revisions"}],"predecessor-version":[{"id":1049,"href":"https:\/\/www.polisrecreio.com.br\/site\/wp-json\/wp\/v2\/posts\/1043\/revisions\/1049"}],"wp:featuredmedia":[{"embeddable":true,"href":"https:\/\/www.polisrecreio.com.br\/site\/wp-json\/wp\/v2\/media\/1044"}],"wp:attachment":[{"href":"https:\/\/www.polisrecreio.com.br\/site\/wp-json\/wp\/v2\/media?parent=1043"}],"wp:term":[{"taxonomy":"category","embeddable":true,"href":"https:\/\/www.polisrecreio.com.br\/site\/wp-json\/wp\/v2\/categories?post=1043"},{"taxonomy":"post_tag","embeddable":true,"href":"https:\/\/www.polisrecreio.com.br\/site\/wp-json\/wp\/v2\/tags?post=1043"}],"curies":[{"name":"wp","href":"https:\/\/api.w.org\/{rel}","templated":true}]}}