{"id":1050,"date":"2016-02-03T16:42:11","date_gmt":"2016-02-03T19:42:11","guid":{"rendered":"http:\/\/www.polisrecreio.com.br\/site\/?p=1050"},"modified":"2016-02-03T16:56:48","modified_gmt":"2016-02-03T19:56:48","slug":"carro-do-presidente-da-camara-sofre-tentativa-de-atentado","status":"publish","type":"post","link":"https:\/\/www.polisrecreio.com.br\/site\/2016\/02\/03\/carro-do-presidente-da-camara-sofre-tentativa-de-atentado\/","title":{"rendered":"Carro do Presidente da C\u00e2mara sofre tentativa de atentado"},"content":{"rendered":"<p style=\"text-align: justify;\">Durante a madrugada desta quarta-feira (03), o carro do presidente da C\u00e2mara de Recreio, Fabr\u00edsio Brito de Barros \u201cP\u00e3o Doce\u201d (PMDB), sofreu uma tentativa de atentado. Um motociclista ainda n\u00e3o identificado arremessou uma garrafa na garagem de sua resid\u00eancia, \u00e0 Rua Domingues Vieira (Centro), na tentativa de incendiar o ve\u00edculo, um Nissan Livina.<\/p>\n<p style=\"text-align: justify;\"><!--more--><a href=\"http:\/\/www.polisrecreio.com.br\/site\/wp-content\/uploads\/2016\/02\/p\u00e3o-doce-2.jpg\"><img loading=\"lazy\" class=\"aligncenter wp-image-1054 size-full\" src=\"http:\/\/www.polisrecreio.com.br\/site\/wp-content\/uploads\/2016\/02\/p\u00e3o-doce-2.jpg\" alt=\"p\u00e3o doce 2\" width=\"710\" height=\"447\" srcset=\"https:\/\/www.polisrecreio.com.br\/site\/wp-content\/uploads\/2016\/02\/p\u00e3o-doce-2.jpg 710w, https:\/\/www.polisrecreio.com.br\/site\/wp-content\/uploads\/2016\/02\/p\u00e3o-doce-2-300x189.jpg 300w\" sizes=\"(max-width: 710px) 100vw, 710px\" \/><\/a><\/p>\n<p style=\"text-align: justify;\">Segundo Bianca, esposa do vereador, por volta de 4h da manh\u00e3 escutou o cachorro da casa latir e, em seguida, sentiu um cheiro de queimado, mas n\u00e3o deram import\u00e2ncia. Hoje, por volta das 7h, quando acordaram e foram abrir o port\u00e3o, \u00e9 que avistaram um rastro de queimado pr\u00f3ximo ao carro. \u201cO tanque estava lotado de combust\u00edvel e foi por uma gra\u00e7a de Deus que o fogo n\u00e3o alastrou\u201d, disse. O Site P\u00f3lis tentou encontrar o vereador &#8220;P\u00e3o Doce&#8221;, mas devido a compromissos n\u00e3o foi poss\u00edvel entrevist\u00e1-lo.<\/p>\n<p style=\"text-align: justify;\">Por volta de 9h, o presidente da C\u00e2mara registrou um boletim de ocorr\u00eancia na Pol\u00edcia Militar, com o Soldado Wassaley, descrevendo que alguns vizinhos avistaram um motociclista parando pr\u00f3ximo \u00e0 sua resid\u00eancia e arremessando algo em dire\u00e7\u00e3o \u00e0 garagem. Em seguida, o mesmo saiu em alta velocidade na dire\u00e7\u00e3o do Cemit\u00e9rio Municipal. De acordo com o soldado da PM, o objeto usado no atentado foi uma garrafa de cor verde e o l\u00edquido n\u00e3o foi identificado.<\/p>\n","protected":false},"excerpt":{"rendered":"<p>Durante a madrugada desta quarta-feira (03), o carro do presidente da C\u00e2mara de Recreio, Fabr\u00edsio Brito de Barros \u201cP\u00e3o Doce\u201d (PMDB), sofreu uma tentativa de atentado. Um motociclista ainda n\u00e3o identificado arremessou uma garrafa na garagem de sua resid\u00eancia, \u00e0 Rua Domingues Vieira (Centro), na tentativa de incendiar o ve\u00edculo, um Nissan Livina.<\/p>\n","protected":false},"author":3,"featured_media":1054,"comment_status":"open","ping_status":"open","sticky":false,"template":"","format":"standard","meta":[],"categories":[6],"tags":[],"yoast_head":"<!-- This site is optimized with the Yoast SEO plugin v15.6.2 - https:\/\/yoast.com\/wordpress\/plugins\/seo\/ -->\n<meta name=\"robots\" content=\"index, follow, max-snippet:-1, max-image-preview:large, max-video-preview:-1\" \/>\n<link rel=\"canonical\" href=\"https:\/\/www.polisrecreio.com.br\/site\/2016\/02\/03\/carro-do-presidente-da-camara-sofre-tentativa-de-atentado\/\" \/>\n<meta property=\"og:locale\" content=\"pt_BR\" \/>\n<meta property=\"og:type\" content=\"article\" \/>\n<meta property=\"og:title\" content=\"Carro do Presidente da C\u00e2mara sofre tentativa de atentado - P\u00f3lis Recreio\" \/>\n<meta property=\"og:description\" content=\"Durante a madrugada desta quarta-feira (03), o carro do presidente da C\u00e2mara de Recreio, Fabr\u00edsio Brito de Barros \u201cP\u00e3o Doce\u201d (PMDB), sofreu uma tentativa de atentado. Um motociclista ainda n\u00e3o identificado arremessou uma garrafa na garagem de sua resid\u00eancia, \u00e0 Rua Domingues Vieira (Centro), na tentativa de incendiar o ve\u00edculo, um Nissan Livina.\" \/>\n<meta property=\"og:url\" content=\"https:\/\/www.polisrecreio.com.br\/site\/2016\/02\/03\/carro-do-presidente-da-camara-sofre-tentativa-de-atentado\/\" \/>\n<meta property=\"og:site_name\" content=\"P\u00f3lis Recreio\" \/>\n<meta property=\"article:publisher\" content=\"https:\/\/www.facebook.com\/Site-P%c3%b3lis-Recreio-MG-181941708571019\/\" \/>\n<meta property=\"article:published_time\" content=\"2016-02-03T19:42:11+00:00\" \/>\n<meta property=\"article:modified_time\" content=\"2016-02-03T19:56:48+00:00\" \/>\n<meta property=\"og:image\" content=\"https:\/\/www.polisrecreio.com.br\/site\/wp-content\/uploads\/2016\/02\/p\u00e3o-doce-2.jpg\" \/>\n\t<meta property=\"og:image:width\" content=\"710\" \/>\n\t<meta property=\"og:image:height\" content=\"447\" \/>\n<meta name=\"twitter:card\" content=\"summary_large_image\" \/>\n<meta name=\"twitter:creator\" content=\"@PolisRecreio\" \/>\n<meta name=\"twitter:site\" content=\"@PolisRecreio\" \/>\n<meta name=\"twitter:label1\" content=\"Est. reading time\">\n\t<meta name=\"twitter:data1\" content=\"1 minuto\">\n<script type=\"application\/ld+json\" class=\"yoast-schema-graph\">{\"@context\":\"https:\/\/schema.org\",\"@graph\":[{\"@type\":\"WebSite\",\"@id\":\"https:\/\/www.polisrecreio.com.br\/site\/#website\",\"url\":\"https:\/\/www.polisrecreio.com.br\/site\/\",\"name\":\"P\\u00f3lis Recreio\",\"description\":\"\",\"potentialAction\":[{\"@type\":\"SearchAction\",\"target\":\"https:\/\/www.polisrecreio.com.br\/site\/?s={search_term_string}\",\"query-input\":\"required name=search_term_string\"}],\"inLanguage\":\"pt-BR\"},{\"@type\":\"ImageObject\",\"@id\":\"https:\/\/www.polisrecreio.com.br\/site\/2016\/02\/03\/carro-do-presidente-da-camara-sofre-tentativa-de-atentado\/#primaryimage\",\"inLanguage\":\"pt-BR\",\"url\":\"https:\/\/www.polisrecreio.com.br\/site\/wp-content\/uploads\/2016\/02\/p\\u00e3o-doce-2.jpg\",\"width\":710,\"height\":447},{\"@type\":\"WebPage\",\"@id\":\"https:\/\/www.polisrecreio.com.br\/site\/2016\/02\/03\/carro-do-presidente-da-camara-sofre-tentativa-de-atentado\/#webpage\",\"url\":\"https:\/\/www.polisrecreio.com.br\/site\/2016\/02\/03\/carro-do-presidente-da-camara-sofre-tentativa-de-atentado\/\",\"name\":\"Carro do Presidente da C\\u00e2mara sofre tentativa de atentado - P\\u00f3lis Recreio\",\"isPartOf\":{\"@id\":\"https:\/\/www.polisrecreio.com.br\/site\/#website\"},\"primaryImageOfPage\":{\"@id\":\"https:\/\/www.polisrecreio.com.br\/site\/2016\/02\/03\/carro-do-presidente-da-camara-sofre-tentativa-de-atentado\/#primaryimage\"},\"datePublished\":\"2016-02-03T19:42:11+00:00\",\"dateModified\":\"2016-02-03T19:56:48+00:00\",\"author\":{\"@id\":\"https:\/\/www.polisrecreio.com.br\/site\/#\/schema\/person\/3363c1c78e1e28e1329d97adb387638e\"},\"inLanguage\":\"pt-BR\",\"potentialAction\":[{\"@type\":\"ReadAction\",\"target\":[\"https:\/\/www.polisrecreio.com.br\/site\/2016\/02\/03\/carro-do-presidente-da-camara-sofre-tentativa-de-atentado\/\"]}]},{\"@type\":\"Person\",\"@id\":\"https:\/\/www.polisrecreio.com.br\/site\/#\/schema\/person\/3363c1c78e1e28e1329d97adb387638e\",\"name\":\"Leonardo Ribeiro\",\"image\":{\"@type\":\"ImageObject\",\"@id\":\"https:\/\/www.polisrecreio.com.br\/site\/#personlogo\",\"inLanguage\":\"pt-BR\",\"url\":\"https:\/\/secure.gravatar.com\/avatar\/6ba92a37d621e1a83e23710251178a12?s=96&d=mm&r=g\",\"caption\":\"Leonardo Ribeiro\"},\"sameAs\":[\"http:\/\/www.polisrecreio.com.br\"]}]}<\/script>\n<!-- \/ Yoast SEO plugin. -->","_links":{"self":[{"href":"https:\/\/www.polisrecreio.com.br\/site\/wp-json\/wp\/v2\/posts\/1050"}],"collection":[{"href":"https:\/\/www.polisrecreio.com.br\/site\/wp-json\/wp\/v2\/posts"}],"about":[{"href":"https:\/\/www.polisrecreio.com.br\/site\/wp-json\/wp\/v2\/types\/post"}],"author":[{"embeddable":true,"href":"https:\/\/www.polisrecreio.com.br\/site\/wp-json\/wp\/v2\/users\/3"}],"replies":[{"embeddable":true,"href":"https:\/\/www.polisrecreio.com.br\/site\/wp-json\/wp\/v2\/comments?post=1050"}],"version-history":[{"count":4,"href":"https:\/\/www.polisrecreio.com.br\/site\/wp-json\/wp\/v2\/posts\/1050\/revisions"}],"predecessor-version":[{"id":1057,"href":"https:\/\/www.polisrecreio.com.br\/site\/wp-json\/wp\/v2\/posts\/1050\/revisions\/1057"}],"wp:featuredmedia":[{"embeddable":true,"href":"https:\/\/www.polisrecreio.com.br\/site\/wp-json\/wp\/v2\/media\/1054"}],"wp:attachment":[{"href":"https:\/\/www.polisrecreio.com.br\/site\/wp-json\/wp\/v2\/media?parent=1050"}],"wp:term":[{"taxonomy":"category","embeddable":true,"href":"https:\/\/www.polisrecreio.com.br\/site\/wp-json\/wp\/v2\/categories?post=1050"},{"taxonomy":"post_tag","embeddable":true,"href":"https:\/\/www.polisrecreio.com.br\/site\/wp-json\/wp\/v2\/tags?post=1050"}],"curies":[{"name":"wp","href":"https:\/\/api.w.org\/{rel}","templated":true}]}}