{"id":10679,"date":"2018-07-26T10:39:59","date_gmt":"2018-07-26T13:39:59","guid":{"rendered":"http:\/\/www.polisrecreio.com.br\/site\/?p=10679"},"modified":"2018-07-26T10:39:59","modified_gmt":"2018-07-26T13:39:59","slug":"comeca-nesta-quinta-feira-26-a-40a-exposicao-de-recreio","status":"publish","type":"post","link":"https:\/\/www.polisrecreio.com.br\/site\/2018\/07\/26\/comeca-nesta-quinta-feira-26-a-40a-exposicao-de-recreio\/","title":{"rendered":"Come\u00e7a nesta quinta-feira (26) a 40\u00aa Exposi\u00e7\u00e3o de Recreio"},"content":{"rendered":"<p style=\"text-align: justify;\">Come\u00e7a nesta quinta-feira (26) a 40\u00aa Exposi\u00e7\u00e3o de Recreio. A abertura oficial est\u00e1 marcada para as 20h com participa\u00e7\u00e3o da Sociedade Musical Carlos Gomes de Al\u00e9m Para\u00edba. At\u00e9 domingo (29) diversas atra\u00e7\u00f5es est\u00e3o na programa\u00e7\u00e3o.<\/p>\n<p><!--more--><\/p>\n<figure id=\"attachment_10680\" aria-describedby=\"caption-attachment-10680\" style=\"width: 750px\" class=\"wp-caption aligncenter\"><a href=\"http:\/\/www.polisrecreio.com.br\/site\/wp-content\/uploads\/2018\/07\/Exposi\u00e7\u00e3o-2017.jpg\"><img loading=\"lazy\" class=\"size-full wp-image-10680\" src=\"http:\/\/www.polisrecreio.com.br\/site\/wp-content\/uploads\/2018\/07\/Exposi\u00e7\u00e3o-2017.jpg\" alt=\"\" width=\"750\" height=\"563\" srcset=\"https:\/\/www.polisrecreio.com.br\/site\/wp-content\/uploads\/2018\/07\/Exposi\u00e7\u00e3o-2017.jpg 750w, https:\/\/www.polisrecreio.com.br\/site\/wp-content\/uploads\/2018\/07\/Exposi\u00e7\u00e3o-2017-300x225.jpg 300w\" sizes=\"(max-width: 750px) 100vw, 750px\" \/><\/a><figcaption id=\"caption-attachment-10680\" class=\"wp-caption-text\">Exposi\u00e7\u00e3o de Recreio de 2017.<\/figcaption><\/figure>\n<p><strong>Confira:<\/strong><\/p>\n<p><strong>26\/07 \u2013 quinta-feira:<\/strong><\/p>\n<ul>\n<li>20h \u2013 Abertura oficial;<\/li>\n<li>22h \u2013 Concurso MISS EXPOREC 2018;<\/li>\n<li>0h \u2013 Banda A La Carte;<\/li>\n<li>Encerramento: DJ\u2019s regionais.<\/li>\n<\/ul>\n<p><strong>27\/08 \u2013 sexta-feira:<\/strong><\/p>\n<ul>\n<li>20:30h \u2013 Concurso show de calouros;<\/li>\n<li>23h \u2013 J\u00fanior &amp; Gustavo;<\/li>\n<li>1:30h \u2013 Banda Zen.<\/li>\n<\/ul>\n<p><strong>28\/07 \u2013 s\u00e1bado:<\/strong><\/p>\n<ul>\n<li>10h \u2013 Velocross (S\u00edtio Duas Barras);<\/li>\n<li>14h \u2013 Futebol solid\u00e1rio (campo do Recreio E.C);<\/li>\n<li>21:30h \u2013 Grupo de dan\u00e7a Evolutions de Recreio;<\/li>\n<li>22h \u2013 Grupo de dan\u00e7a Evolutions (KillWisley);<\/li>\n<li>23h \u2013 Grupo de dan\u00e7a Prof. Dalcy;<\/li>\n<li>23:30h \u2013 Grupo de dan\u00e7a \u00c1rtemis (Clube Social);<\/li>\n<li>0:30h \u2013 Jo\u00e3o Lucas e Marcelo.<\/li>\n<\/ul>\n<p><strong>\u00a029\/07 \u2013 domingo:<\/strong><\/p>\n<ul>\n<li>13h \u2013 Encontro de motos esportivas e cl\u00e1ssicas;<\/li>\n<li>18h \u2013 Ra\u00edzes do Sert\u00e3o;<\/li>\n<li>19h \u2013 Premia\u00e7\u00e3o concurso leiteiro;<\/li>\n<li>20h \u2013 Show de pr\u00eamios dos Hospital S\u00e3o Sebasti\u00e3o;<\/li>\n<li>21h \u2013 Sorteio da A\u00e7\u00e3o entre Amigos (Fanfarra da E.E Olavo Bilac);<\/li>\n<li>22h \u2013 Frank Aguiar;<\/li>\n<li>0h \u2013 Encerramento oficial.<\/li>\n<\/ul>\n<p style=\"text-align: justify;\">A 40\u00aa Exposi\u00e7\u00e3o de Recreio \u00e9 organizada pela Prefeitura Municipal, com apoio da C\u00e2mara Municipal, Pol\u00edcia Militar, Pol\u00edcia Civil, EMATER-MG e Sindicato Rural.<\/p>\n<p><a href=\"http:\/\/www.polisrecreio.com.br\/site\/wp-content\/uploads\/2018\/07\/CARTAZ-RECREIO.jpg\"><img loading=\"lazy\" class=\"aligncenter size-full wp-image-10602\" src=\"http:\/\/www.polisrecreio.com.br\/site\/wp-content\/uploads\/2018\/07\/CARTAZ-RECREIO.jpg\" alt=\"\" width=\"3524\" height=\"2505\" srcset=\"https:\/\/www.polisrecreio.com.br\/site\/wp-content\/uploads\/2018\/07\/CARTAZ-RECREIO.jpg 3524w, https:\/\/www.polisrecreio.com.br\/site\/wp-content\/uploads\/2018\/07\/CARTAZ-RECREIO-300x213.jpg 300w, https:\/\/www.polisrecreio.com.br\/site\/wp-content\/uploads\/2018\/07\/CARTAZ-RECREIO-768x546.jpg 768w, https:\/\/www.polisrecreio.com.br\/site\/wp-content\/uploads\/2018\/07\/CARTAZ-RECREIO-1024x728.jpg 1024w\" sizes=\"(max-width: 3524px) 100vw, 3524px\" \/><\/a><\/p>\n","protected":false},"excerpt":{"rendered":"<p>Come\u00e7a nesta quinta-feira (26) a 40\u00aa Exposi\u00e7\u00e3o de Recreio. A abertura oficial est\u00e1 marcada para as 20h com participa\u00e7\u00e3o da Sociedade Musical Carlos Gomes de Al\u00e9m Para\u00edba. At\u00e9 domingo (29) diversas atra\u00e7\u00f5es est\u00e3o na programa\u00e7\u00e3o.<\/p>\n","protected":false},"author":3,"featured_media":10680,"comment_status":"open","ping_status":"open","sticky":false,"template":"","format":"standard","meta":[],"categories":[2],"tags":[],"yoast_head":"<!-- This site is optimized with the Yoast SEO plugin v15.6.2 - https:\/\/yoast.com\/wordpress\/plugins\/seo\/ -->\n<meta name=\"robots\" content=\"index, follow, max-snippet:-1, max-image-preview:large, max-video-preview:-1\" \/>\n<link rel=\"canonical\" href=\"http:\/\/www.polisrecreio.com.br\/site\/2018\/07\/26\/comeca-nesta-quinta-feira-26-a-40a-exposicao-de-recreio\/\" \/>\n<meta property=\"og:locale\" content=\"pt_BR\" \/>\n<meta property=\"og:type\" content=\"article\" \/>\n<meta property=\"og:title\" content=\"Come\u00e7a nesta quinta-feira (26) a 40\u00aa Exposi\u00e7\u00e3o de Recreio - P\u00f3lis Recreio\" \/>\n<meta property=\"og:description\" content=\"Come\u00e7a nesta quinta-feira (26) a 40\u00aa Exposi\u00e7\u00e3o de Recreio. A abertura oficial est\u00e1 marcada para as 20h com participa\u00e7\u00e3o da Sociedade Musical Carlos Gomes de Al\u00e9m Para\u00edba. At\u00e9 domingo (29) diversas atra\u00e7\u00f5es est\u00e3o na programa\u00e7\u00e3o.\" \/>\n<meta property=\"og:url\" content=\"http:\/\/www.polisrecreio.com.br\/site\/2018\/07\/26\/comeca-nesta-quinta-feira-26-a-40a-exposicao-de-recreio\/\" \/>\n<meta property=\"og:site_name\" content=\"P\u00f3lis Recreio\" \/>\n<meta property=\"article:publisher\" content=\"https:\/\/www.facebook.com\/Site-P%c3%b3lis-Recreio-MG-181941708571019\/\" \/>\n<meta property=\"article:published_time\" content=\"2018-07-26T13:39:59+00:00\" \/>\n<meta property=\"og:image\" content=\"https:\/\/www.polisrecreio.com.br\/site\/wp-content\/uploads\/2018\/07\/Exposi\u00e7\u00e3o-2017.jpg\" \/>\n\t<meta property=\"og:image:width\" content=\"750\" \/>\n\t<meta property=\"og:image:height\" content=\"563\" \/>\n<meta name=\"twitter:card\" content=\"summary_large_image\" \/>\n<meta name=\"twitter:creator\" content=\"@PolisRecreio\" \/>\n<meta name=\"twitter:site\" content=\"@PolisRecreio\" \/>\n<meta name=\"twitter:label1\" content=\"Est. reading time\">\n\t<meta name=\"twitter:data1\" content=\"1 minuto\">\n<script type=\"application\/ld+json\" class=\"yoast-schema-graph\">{\"@context\":\"https:\/\/schema.org\",\"@graph\":[{\"@type\":\"WebSite\",\"@id\":\"https:\/\/www.polisrecreio.com.br\/site\/#website\",\"url\":\"https:\/\/www.polisrecreio.com.br\/site\/\",\"name\":\"P\\u00f3lis Recreio\",\"description\":\"\",\"potentialAction\":[{\"@type\":\"SearchAction\",\"target\":\"https:\/\/www.polisrecreio.com.br\/site\/?s={search_term_string}\",\"query-input\":\"required name=search_term_string\"}],\"inLanguage\":\"pt-BR\"},{\"@type\":\"ImageObject\",\"@id\":\"http:\/\/www.polisrecreio.com.br\/site\/2018\/07\/26\/comeca-nesta-quinta-feira-26-a-40a-exposicao-de-recreio\/#primaryimage\",\"inLanguage\":\"pt-BR\",\"url\":\"https:\/\/www.polisrecreio.com.br\/site\/wp-content\/uploads\/2018\/07\/Exposi\\u00e7\\u00e3o-2017.jpg\",\"width\":750,\"height\":563,\"caption\":\"Exposi\\u00e7\\u00e3o de Recreio de 2017.\"},{\"@type\":\"WebPage\",\"@id\":\"http:\/\/www.polisrecreio.com.br\/site\/2018\/07\/26\/comeca-nesta-quinta-feira-26-a-40a-exposicao-de-recreio\/#webpage\",\"url\":\"http:\/\/www.polisrecreio.com.br\/site\/2018\/07\/26\/comeca-nesta-quinta-feira-26-a-40a-exposicao-de-recreio\/\",\"name\":\"Come\\u00e7a nesta quinta-feira (26) a 40\\u00aa Exposi\\u00e7\\u00e3o de Recreio - P\\u00f3lis Recreio\",\"isPartOf\":{\"@id\":\"https:\/\/www.polisrecreio.com.br\/site\/#website\"},\"primaryImageOfPage\":{\"@id\":\"http:\/\/www.polisrecreio.com.br\/site\/2018\/07\/26\/comeca-nesta-quinta-feira-26-a-40a-exposicao-de-recreio\/#primaryimage\"},\"datePublished\":\"2018-07-26T13:39:59+00:00\",\"dateModified\":\"2018-07-26T13:39:59+00:00\",\"author\":{\"@id\":\"https:\/\/www.polisrecreio.com.br\/site\/#\/schema\/person\/3363c1c78e1e28e1329d97adb387638e\"},\"inLanguage\":\"pt-BR\",\"potentialAction\":[{\"@type\":\"ReadAction\",\"target\":[\"http:\/\/www.polisrecreio.com.br\/site\/2018\/07\/26\/comeca-nesta-quinta-feira-26-a-40a-exposicao-de-recreio\/\"]}]},{\"@type\":\"Person\",\"@id\":\"https:\/\/www.polisrecreio.com.br\/site\/#\/schema\/person\/3363c1c78e1e28e1329d97adb387638e\",\"name\":\"Leonardo Ribeiro\",\"image\":{\"@type\":\"ImageObject\",\"@id\":\"https:\/\/www.polisrecreio.com.br\/site\/#personlogo\",\"inLanguage\":\"pt-BR\",\"url\":\"https:\/\/secure.gravatar.com\/avatar\/6ba92a37d621e1a83e23710251178a12?s=96&d=mm&r=g\",\"caption\":\"Leonardo Ribeiro\"},\"sameAs\":[\"http:\/\/www.polisrecreio.com.br\"]}]}<\/script>\n<!-- \/ Yoast SEO plugin. -->","_links":{"self":[{"href":"https:\/\/www.polisrecreio.com.br\/site\/wp-json\/wp\/v2\/posts\/10679"}],"collection":[{"href":"https:\/\/www.polisrecreio.com.br\/site\/wp-json\/wp\/v2\/posts"}],"about":[{"href":"https:\/\/www.polisrecreio.com.br\/site\/wp-json\/wp\/v2\/types\/post"}],"author":[{"embeddable":true,"href":"https:\/\/www.polisrecreio.com.br\/site\/wp-json\/wp\/v2\/users\/3"}],"replies":[{"embeddable":true,"href":"https:\/\/www.polisrecreio.com.br\/site\/wp-json\/wp\/v2\/comments?post=10679"}],"version-history":[{"count":1,"href":"https:\/\/www.polisrecreio.com.br\/site\/wp-json\/wp\/v2\/posts\/10679\/revisions"}],"predecessor-version":[{"id":10681,"href":"https:\/\/www.polisrecreio.com.br\/site\/wp-json\/wp\/v2\/posts\/10679\/revisions\/10681"}],"wp:featuredmedia":[{"embeddable":true,"href":"https:\/\/www.polisrecreio.com.br\/site\/wp-json\/wp\/v2\/media\/10680"}],"wp:attachment":[{"href":"https:\/\/www.polisrecreio.com.br\/site\/wp-json\/wp\/v2\/media?parent=10679"}],"wp:term":[{"taxonomy":"category","embeddable":true,"href":"https:\/\/www.polisrecreio.com.br\/site\/wp-json\/wp\/v2\/categories?post=10679"},{"taxonomy":"post_tag","embeddable":true,"href":"https:\/\/www.polisrecreio.com.br\/site\/wp-json\/wp\/v2\/tags?post=10679"}],"curies":[{"name":"wp","href":"https:\/\/api.w.org\/{rel}","templated":true}]}}