{"id":10707,"date":"2018-07-27T17:10:25","date_gmt":"2018-07-27T20:10:25","guid":{"rendered":"http:\/\/www.polisrecreio.com.br\/site\/?p=10707"},"modified":"2018-07-27T17:13:30","modified_gmt":"2018-07-27T20:13:30","slug":"eduarda-azevedo-e-a-nova-miss-exporec","status":"publish","type":"post","link":"https:\/\/www.polisrecreio.com.br\/site\/2018\/07\/27\/eduarda-azevedo-e-a-nova-miss-exporec\/","title":{"rendered":"Eduarda Azevedo \u00e9 a nova MISS EXPOREC"},"content":{"rendered":"<p style=\"text-align: justify;\">A mais bela recreiense de 2018 \u00e9 Eduarda de Paula Azevedo. A MISS EXPOREC foi coroada na noite de quinta-feira (26) da 40\u00aa Exposi\u00e7\u00e3o de Recreio.<\/p>\n<p><!--more--><\/p>\n<figure id=\"attachment_10713\" aria-describedby=\"caption-attachment-10713\" style=\"width: 750px\" class=\"wp-caption aligncenter\"><a href=\"http:\/\/www.polisrecreio.com.br\/site\/wp-content\/uploads\/2018\/07\/DSC_0462.jpg\"><img loading=\"lazy\" class=\"size-full wp-image-10713\" src=\"http:\/\/www.polisrecreio.com.br\/site\/wp-content\/uploads\/2018\/07\/DSC_0462.jpg\" alt=\"\" width=\"750\" height=\"500\" srcset=\"https:\/\/www.polisrecreio.com.br\/site\/wp-content\/uploads\/2018\/07\/DSC_0462.jpg 750w, https:\/\/www.polisrecreio.com.br\/site\/wp-content\/uploads\/2018\/07\/DSC_0462-300x200.jpg 300w\" sizes=\"(max-width: 750px) 100vw, 750px\" \/><\/a><figcaption id=\"caption-attachment-10713\" class=\"wp-caption-text\">Primeira-dama, Patr\u00edcia Surerus, e a nova MISS.<\/figcaption><\/figure>\n<p style=\"text-align: justify;\">Eduarda \u00e9 filha dos professores Duda Azevedo e Romilda, e irm\u00e3 de Guilherme de Paula. Ela est\u00e1 cursando o 2\u00ba ano do ensino m\u00e9dio do Col\u00e9gio Imaculada Concei\u00e7\u00e3o, de Leopoldina, e sua pretens\u00e3o \u00e9 buscar a faculdade de arquitetura.<\/p>\n<p style=\"text-align: justify;\">Oito meninas buscaram a coroa mais cobi\u00e7ada do ano: Camilly Vit\u00f3ria de Almeida Sim\u00f5es \u2013 15 anos; Let\u00edcia Amorim Pacheco \u2013 17 anos; Ludmila Vaz Brito \u2013 15 anos; Lizandra Silva de Paula \u2013 18 anos; Eduarda de Paula Azevedo \u2013 16 anos; Maria Eduarda Pimenta Higino \u2013 16 anos; Maria Eduarda Lacerda Pimentel \u2013 15 anos; e Talita da Silva Machado \u2013 17 anos.\u00a0A edi\u00e7\u00e3o deste ano foi coordenada por Pierre de Souza.<\/p>\n<p style=\"text-align: justify;\"><strong>Classifica\u00e7\u00e3o final<\/strong><\/p>\n<p>Premia\u00e7\u00e3o da Prefeitura Municipal de Recreio,<a href=\"http:\/\/recreio.mg.gov.br\/images\/Leis\/2018\/lei1666.pdf\" target=\"_blank\" rel=\"noopener\"> Lei 1.666\/2018.<\/a><\/p>\n<ul>\n<li style=\"text-align: justify;\">1\u00ba lugar \u2013 Eduarda de Paula Azevedo (R$ 500 e brindes);<\/li>\n<li style=\"text-align: justify;\">2\u00ba lugar \u2013 Camilly Vit\u00f3ria de Almeida Sim\u00f5es (R$ 300 e brindes);<\/li>\n<li style=\"text-align: justify;\">3\u00ba lugar \u2013 Maria Eduarda Lacerda Pimentel (R$ 200 e brindes).<\/li>\n<\/ul>\n<figure id=\"attachment_10708\" aria-describedby=\"caption-attachment-10708\" style=\"width: 750px\" class=\"wp-caption aligncenter\"><a href=\"http:\/\/www.polisrecreio.com.br\/site\/wp-content\/uploads\/2018\/07\/37960513_680430538957382_4474927104307232768_n.jpg\"><img loading=\"lazy\" class=\"size-full wp-image-10708\" src=\"http:\/\/www.polisrecreio.com.br\/site\/wp-content\/uploads\/2018\/07\/37960513_680430538957382_4474927104307232768_n.jpg\" alt=\"\" width=\"750\" height=\"500\" srcset=\"https:\/\/www.polisrecreio.com.br\/site\/wp-content\/uploads\/2018\/07\/37960513_680430538957382_4474927104307232768_n.jpg 750w, https:\/\/www.polisrecreio.com.br\/site\/wp-content\/uploads\/2018\/07\/37960513_680430538957382_4474927104307232768_n-300x200.jpg 300w\" sizes=\"(max-width: 750px) 100vw, 750px\" \/><\/a><figcaption id=\"caption-attachment-10708\" class=\"wp-caption-text\">As oito concorrentes.<\/figcaption><\/figure>\n<figure id=\"attachment_10709\" aria-describedby=\"caption-attachment-10709\" style=\"width: 750px\" class=\"wp-caption aligncenter\"><a href=\"http:\/\/www.polisrecreio.com.br\/site\/wp-content\/uploads\/2018\/07\/DSC_0430.jpg\"><img loading=\"lazy\" class=\"size-full wp-image-10709\" src=\"http:\/\/www.polisrecreio.com.br\/site\/wp-content\/uploads\/2018\/07\/DSC_0430.jpg\" alt=\"\" width=\"750\" height=\"500\" srcset=\"https:\/\/www.polisrecreio.com.br\/site\/wp-content\/uploads\/2018\/07\/DSC_0430.jpg 750w, https:\/\/www.polisrecreio.com.br\/site\/wp-content\/uploads\/2018\/07\/DSC_0430-300x200.jpg 300w\" sizes=\"(max-width: 750px) 100vw, 750px\" \/><\/a><figcaption id=\"caption-attachment-10709\" class=\"wp-caption-text\">Maria Eduarda Germelo, MISS 2017.<\/figcaption><\/figure>\n<figure id=\"attachment_10710\" aria-describedby=\"caption-attachment-10710\" style=\"width: 750px\" class=\"wp-caption aligncenter\"><a href=\"http:\/\/www.polisrecreio.com.br\/site\/wp-content\/uploads\/2018\/07\/DSC_0437.jpg\"><img loading=\"lazy\" class=\"size-full wp-image-10710\" src=\"http:\/\/www.polisrecreio.com.br\/site\/wp-content\/uploads\/2018\/07\/DSC_0437.jpg\" alt=\"\" width=\"750\" height=\"500\" srcset=\"https:\/\/www.polisrecreio.com.br\/site\/wp-content\/uploads\/2018\/07\/DSC_0437.jpg 750w, https:\/\/www.polisrecreio.com.br\/site\/wp-content\/uploads\/2018\/07\/DSC_0437-300x200.jpg 300w\" sizes=\"(max-width: 750px) 100vw, 750px\" \/><\/a><figcaption id=\"caption-attachment-10710\" class=\"wp-caption-text\">Coordenador do desfile, Pierre de Souza, e as finalistas.<\/figcaption><\/figure>\n<figure id=\"attachment_10711\" aria-describedby=\"caption-attachment-10711\" style=\"width: 750px\" class=\"wp-caption aligncenter\"><a href=\"http:\/\/www.polisrecreio.com.br\/site\/wp-content\/uploads\/2018\/07\/DSC_0444.jpg\"><img loading=\"lazy\" class=\"size-full wp-image-10711\" src=\"http:\/\/www.polisrecreio.com.br\/site\/wp-content\/uploads\/2018\/07\/DSC_0444.jpg\" alt=\"\" width=\"750\" height=\"500\" srcset=\"https:\/\/www.polisrecreio.com.br\/site\/wp-content\/uploads\/2018\/07\/DSC_0444.jpg 750w, https:\/\/www.polisrecreio.com.br\/site\/wp-content\/uploads\/2018\/07\/DSC_0444-300x200.jpg 300w\" sizes=\"(max-width: 750px) 100vw, 750px\" \/><\/a><figcaption id=\"caption-attachment-10711\" class=\"wp-caption-text\">Prefeito Jos\u00e9 Maria Barros e a 3\u00ba colocada.<\/figcaption><\/figure>\n<figure id=\"attachment_10715\" aria-describedby=\"caption-attachment-10715\" style=\"width: 750px\" class=\"wp-caption aligncenter\"><a href=\"http:\/\/www.polisrecreio.com.br\/site\/wp-content\/uploads\/2018\/07\/DSC_0469.jpg\"><img loading=\"lazy\" class=\"size-full wp-image-10715\" src=\"http:\/\/www.polisrecreio.com.br\/site\/wp-content\/uploads\/2018\/07\/DSC_0469.jpg\" alt=\"\" width=\"750\" height=\"500\" srcset=\"https:\/\/www.polisrecreio.com.br\/site\/wp-content\/uploads\/2018\/07\/DSC_0469.jpg 750w, https:\/\/www.polisrecreio.com.br\/site\/wp-content\/uploads\/2018\/07\/DSC_0469-300x200.jpg 300w\" sizes=\"(max-width: 750px) 100vw, 750px\" \/><\/a><figcaption id=\"caption-attachment-10715\" class=\"wp-caption-text\">Secret\u00e1ria de Administra\u00e7\u00e3o, Daniela Cardozo, e a 2\u00ba colocada.<\/figcaption><\/figure>\n<figure id=\"attachment_10712\" aria-describedby=\"caption-attachment-10712\" style=\"width: 750px\" class=\"wp-caption aligncenter\"><a href=\"http:\/\/www.polisrecreio.com.br\/site\/wp-content\/uploads\/2018\/07\/DSC_0454.jpg\"><img loading=\"lazy\" class=\"size-full wp-image-10712\" src=\"http:\/\/www.polisrecreio.com.br\/site\/wp-content\/uploads\/2018\/07\/DSC_0454.jpg\" alt=\"\" width=\"750\" height=\"500\" srcset=\"https:\/\/www.polisrecreio.com.br\/site\/wp-content\/uploads\/2018\/07\/DSC_0454.jpg 750w, https:\/\/www.polisrecreio.com.br\/site\/wp-content\/uploads\/2018\/07\/DSC_0454-300x200.jpg 300w\" sizes=\"(max-width: 750px) 100vw, 750px\" \/><\/a><figcaption id=\"caption-attachment-10712\" class=\"wp-caption-text\">MISS 2018 recebendo abra\u00e7o do prefeito.<\/figcaption><\/figure>\n<figure id=\"attachment_10714\" aria-describedby=\"caption-attachment-10714\" style=\"width: 750px\" class=\"wp-caption aligncenter\"><a href=\"http:\/\/www.polisrecreio.com.br\/site\/wp-content\/uploads\/2018\/07\/DSC_0466.jpg\"><img loading=\"lazy\" class=\"size-full wp-image-10714\" src=\"http:\/\/www.polisrecreio.com.br\/site\/wp-content\/uploads\/2018\/07\/DSC_0466.jpg\" alt=\"\" width=\"750\" height=\"500\" srcset=\"https:\/\/www.polisrecreio.com.br\/site\/wp-content\/uploads\/2018\/07\/DSC_0466.jpg 750w, https:\/\/www.polisrecreio.com.br\/site\/wp-content\/uploads\/2018\/07\/DSC_0466-300x200.jpg 300w\" sizes=\"(max-width: 750px) 100vw, 750px\" \/><\/a><figcaption id=\"caption-attachment-10714\" class=\"wp-caption-text\">MISS 2017 passando a coroa.<\/figcaption><\/figure>\n<figure id=\"attachment_10716\" aria-describedby=\"caption-attachment-10716\" style=\"width: 750px\" class=\"wp-caption aligncenter\"><a href=\"http:\/\/www.polisrecreio.com.br\/site\/wp-content\/uploads\/2018\/07\/DSC_0472.jpg\"><img loading=\"lazy\" class=\"size-full wp-image-10716\" src=\"http:\/\/www.polisrecreio.com.br\/site\/wp-content\/uploads\/2018\/07\/DSC_0472.jpg\" alt=\"\" width=\"750\" height=\"500\" srcset=\"https:\/\/www.polisrecreio.com.br\/site\/wp-content\/uploads\/2018\/07\/DSC_0472.jpg 750w, https:\/\/www.polisrecreio.com.br\/site\/wp-content\/uploads\/2018\/07\/DSC_0472-300x200.jpg 300w\" sizes=\"(max-width: 750px) 100vw, 750px\" \/><\/a><figcaption id=\"caption-attachment-10716\" class=\"wp-caption-text\">Eduarda Azevedo, MISS 2018.<\/figcaption><\/figure>\n<figure id=\"attachment_10717\" aria-describedby=\"caption-attachment-10717\" style=\"width: 750px\" class=\"wp-caption aligncenter\"><a href=\"http:\/\/www.polisrecreio.com.br\/site\/wp-content\/uploads\/2018\/07\/DSC_0475.jpg\"><img loading=\"lazy\" class=\"size-full wp-image-10717\" src=\"http:\/\/www.polisrecreio.com.br\/site\/wp-content\/uploads\/2018\/07\/DSC_0475.jpg\" alt=\"\" width=\"750\" height=\"500\" srcset=\"https:\/\/www.polisrecreio.com.br\/site\/wp-content\/uploads\/2018\/07\/DSC_0475.jpg 750w, https:\/\/www.polisrecreio.com.br\/site\/wp-content\/uploads\/2018\/07\/DSC_0475-300x200.jpg 300w\" sizes=\"(max-width: 750px) 100vw, 750px\" \/><\/a><figcaption id=\"caption-attachment-10717\" class=\"wp-caption-text\">Desfile da campe\u00e3.<\/figcaption><\/figure>\n","protected":false},"excerpt":{"rendered":"<p>A mais bela recreiense de 2018 \u00e9 Eduarda de Paula Azevedo. A MISS EXPOREC foi coroada na noite de quinta-feira (26) da 40\u00aa Exposi\u00e7\u00e3o de Recreio.<\/p>\n","protected":false},"author":3,"featured_media":10713,"comment_status":"open","ping_status":"open","sticky":false,"template":"","format":"standard","meta":[],"categories":[2],"tags":[],"yoast_head":"<!-- This site is optimized with the Yoast SEO plugin v15.6.2 - https:\/\/yoast.com\/wordpress\/plugins\/seo\/ -->\n<meta name=\"robots\" content=\"index, follow, max-snippet:-1, max-image-preview:large, max-video-preview:-1\" \/>\n<link rel=\"canonical\" href=\"https:\/\/www.polisrecreio.com.br\/site\/2018\/07\/27\/eduarda-azevedo-e-a-nova-miss-exporec\/\" \/>\n<meta property=\"og:locale\" content=\"pt_BR\" \/>\n<meta property=\"og:type\" content=\"article\" \/>\n<meta property=\"og:title\" content=\"Eduarda Azevedo \u00e9 a nova MISS EXPOREC - P\u00f3lis Recreio\" \/>\n<meta property=\"og:description\" content=\"A mais bela recreiense de 2018 \u00e9 Eduarda de Paula Azevedo. A MISS EXPOREC foi coroada na noite de quinta-feira (26) da 40\u00aa Exposi\u00e7\u00e3o de Recreio.\" \/>\n<meta property=\"og:url\" content=\"https:\/\/www.polisrecreio.com.br\/site\/2018\/07\/27\/eduarda-azevedo-e-a-nova-miss-exporec\/\" \/>\n<meta property=\"og:site_name\" content=\"P\u00f3lis Recreio\" \/>\n<meta property=\"article:publisher\" content=\"https:\/\/www.facebook.com\/Site-P%c3%b3lis-Recreio-MG-181941708571019\/\" \/>\n<meta property=\"article:published_time\" content=\"2018-07-27T20:10:25+00:00\" \/>\n<meta property=\"article:modified_time\" content=\"2018-07-27T20:13:30+00:00\" \/>\n<meta property=\"og:image\" content=\"https:\/\/www.polisrecreio.com.br\/site\/wp-content\/uploads\/2018\/07\/DSC_0462.jpg\" \/>\n\t<meta property=\"og:image:width\" content=\"750\" \/>\n\t<meta property=\"og:image:height\" content=\"500\" \/>\n<meta name=\"twitter:card\" content=\"summary_large_image\" \/>\n<meta name=\"twitter:creator\" content=\"@PolisRecreio\" \/>\n<meta name=\"twitter:site\" content=\"@PolisRecreio\" \/>\n<meta name=\"twitter:label1\" content=\"Est. reading time\">\n\t<meta name=\"twitter:data1\" content=\"1 minuto\">\n<script type=\"application\/ld+json\" class=\"yoast-schema-graph\">{\"@context\":\"https:\/\/schema.org\",\"@graph\":[{\"@type\":\"WebSite\",\"@id\":\"https:\/\/www.polisrecreio.com.br\/site\/#website\",\"url\":\"https:\/\/www.polisrecreio.com.br\/site\/\",\"name\":\"P\\u00f3lis Recreio\",\"description\":\"\",\"potentialAction\":[{\"@type\":\"SearchAction\",\"target\":\"https:\/\/www.polisrecreio.com.br\/site\/?s={search_term_string}\",\"query-input\":\"required name=search_term_string\"}],\"inLanguage\":\"pt-BR\"},{\"@type\":\"ImageObject\",\"@id\":\"https:\/\/www.polisrecreio.com.br\/site\/2018\/07\/27\/eduarda-azevedo-e-a-nova-miss-exporec\/#primaryimage\",\"inLanguage\":\"pt-BR\",\"url\":\"https:\/\/www.polisrecreio.com.br\/site\/wp-content\/uploads\/2018\/07\/DSC_0462.jpg\",\"width\":750,\"height\":500,\"caption\":\"Primeira-dama, Patr\\u00edcia Surerus, e a nova MISS.\"},{\"@type\":\"WebPage\",\"@id\":\"https:\/\/www.polisrecreio.com.br\/site\/2018\/07\/27\/eduarda-azevedo-e-a-nova-miss-exporec\/#webpage\",\"url\":\"https:\/\/www.polisrecreio.com.br\/site\/2018\/07\/27\/eduarda-azevedo-e-a-nova-miss-exporec\/\",\"name\":\"Eduarda Azevedo \\u00e9 a nova MISS EXPOREC - P\\u00f3lis Recreio\",\"isPartOf\":{\"@id\":\"https:\/\/www.polisrecreio.com.br\/site\/#website\"},\"primaryImageOfPage\":{\"@id\":\"https:\/\/www.polisrecreio.com.br\/site\/2018\/07\/27\/eduarda-azevedo-e-a-nova-miss-exporec\/#primaryimage\"},\"datePublished\":\"2018-07-27T20:10:25+00:00\",\"dateModified\":\"2018-07-27T20:13:30+00:00\",\"author\":{\"@id\":\"https:\/\/www.polisrecreio.com.br\/site\/#\/schema\/person\/3363c1c78e1e28e1329d97adb387638e\"},\"inLanguage\":\"pt-BR\",\"potentialAction\":[{\"@type\":\"ReadAction\",\"target\":[\"https:\/\/www.polisrecreio.com.br\/site\/2018\/07\/27\/eduarda-azevedo-e-a-nova-miss-exporec\/\"]}]},{\"@type\":\"Person\",\"@id\":\"https:\/\/www.polisrecreio.com.br\/site\/#\/schema\/person\/3363c1c78e1e28e1329d97adb387638e\",\"name\":\"Leonardo Ribeiro\",\"image\":{\"@type\":\"ImageObject\",\"@id\":\"https:\/\/www.polisrecreio.com.br\/site\/#personlogo\",\"inLanguage\":\"pt-BR\",\"url\":\"https:\/\/secure.gravatar.com\/avatar\/6ba92a37d621e1a83e23710251178a12?s=96&d=mm&r=g\",\"caption\":\"Leonardo Ribeiro\"},\"sameAs\":[\"http:\/\/www.polisrecreio.com.br\"]}]}<\/script>\n<!-- \/ Yoast SEO plugin. -->","_links":{"self":[{"href":"https:\/\/www.polisrecreio.com.br\/site\/wp-json\/wp\/v2\/posts\/10707"}],"collection":[{"href":"https:\/\/www.polisrecreio.com.br\/site\/wp-json\/wp\/v2\/posts"}],"about":[{"href":"https:\/\/www.polisrecreio.com.br\/site\/wp-json\/wp\/v2\/types\/post"}],"author":[{"embeddable":true,"href":"https:\/\/www.polisrecreio.com.br\/site\/wp-json\/wp\/v2\/users\/3"}],"replies":[{"embeddable":true,"href":"https:\/\/www.polisrecreio.com.br\/site\/wp-json\/wp\/v2\/comments?post=10707"}],"version-history":[{"count":3,"href":"https:\/\/www.polisrecreio.com.br\/site\/wp-json\/wp\/v2\/posts\/10707\/revisions"}],"predecessor-version":[{"id":10720,"href":"https:\/\/www.polisrecreio.com.br\/site\/wp-json\/wp\/v2\/posts\/10707\/revisions\/10720"}],"wp:featuredmedia":[{"embeddable":true,"href":"https:\/\/www.polisrecreio.com.br\/site\/wp-json\/wp\/v2\/media\/10713"}],"wp:attachment":[{"href":"https:\/\/www.polisrecreio.com.br\/site\/wp-json\/wp\/v2\/media?parent=10707"}],"wp:term":[{"taxonomy":"category","embeddable":true,"href":"https:\/\/www.polisrecreio.com.br\/site\/wp-json\/wp\/v2\/categories?post=10707"},{"taxonomy":"post_tag","embeddable":true,"href":"https:\/\/www.polisrecreio.com.br\/site\/wp-json\/wp\/v2\/tags?post=10707"}],"curies":[{"name":"wp","href":"https:\/\/api.w.org\/{rel}","templated":true}]}}