{"id":1072,"date":"2016-02-04T15:38:08","date_gmt":"2016-02-04T18:38:08","guid":{"rendered":"http:\/\/www.polisrecreio.com.br\/site\/?p=1072"},"modified":"2016-02-04T15:56:48","modified_gmt":"2016-02-04T18:56:48","slug":"iluminacao-publica-no-planalto-finalmente-e-restaurada","status":"publish","type":"post","link":"https:\/\/www.polisrecreio.com.br\/site\/2016\/02\/04\/iluminacao-publica-no-planalto-finalmente-e-restaurada\/","title":{"rendered":"Ilumina\u00e7\u00e3o p\u00fablica no Planalto, finalmente, \u00e9 restaurada"},"content":{"rendered":"<p style=\"text-align: justify;\">Depois de nove noites \u00e0s escuras, finalmente, a empresa Quark Engenharia Ltda. contratada pela Prefeitura Municipal realizou os reparos na ilumina\u00e7\u00e3o p\u00fablica da Rua Sebastiana Damasceno Ferreira, no bairro Planalto.<\/p>\n<p style=\"text-align: justify;\"><!--more--><\/p>\n<p style=\"text-align: justify;\"><a href=\"http:\/\/www.polisrecreio.com.br\/site\/wp-content\/uploads\/2016\/02\/rua-3.jpg\"><img loading=\"lazy\" class=\"aligncenter wp-image-1073 size-full\" src=\"http:\/\/www.polisrecreio.com.br\/site\/wp-content\/uploads\/2016\/02\/rua-3.jpg\" alt=\"rua 3\" width=\"800\" height=\"506\" srcset=\"https:\/\/www.polisrecreio.com.br\/site\/wp-content\/uploads\/2016\/02\/rua-3.jpg 800w, https:\/\/www.polisrecreio.com.br\/site\/wp-content\/uploads\/2016\/02\/rua-3-300x190.jpg 300w\" sizes=\"(max-width: 800px) 100vw, 800px\" \/><\/a><\/p>\n<p style=\"text-align: justify;\">Desde 1\u00ba de janeiro de 2015 a ilumina\u00e7\u00e3o p\u00fablica passou para a responsabilidade dos munic\u00edpios, conforme a Resolu\u00e7\u00e3o Normativa 587\/2013 da Ag\u00eancia Nacional de Energia El\u00e9trica. Algumas prefeituras do Brasil optaram por contratar funcion\u00e1rios para a realiza\u00e7\u00e3o do servi\u00e7o, mas Recreio entendeu que a melhor alternativa seria entrar em um cons\u00f3rcio intermunicipal e este contratar uma empresa para manter e reparar a ilumina\u00e7\u00e3o da cidade e dos distritos, segundo informa\u00e7\u00f5es da Prefeitura.<\/p>\n<p style=\"text-align: justify;\"><a href=\"http:\/\/www.polisrecreio.com.br\/site\/wp-content\/uploads\/2016\/01\/DSCF6263.jpg\"><img loading=\"lazy\" class=\"size-medium wp-image-987 alignleft\" src=\"http:\/\/www.polisrecreio.com.br\/site\/wp-content\/uploads\/2016\/01\/DSCF6263-300x200.jpg\" alt=\"DSCF6263\" width=\"300\" height=\"200\" srcset=\"https:\/\/www.polisrecreio.com.br\/site\/wp-content\/uploads\/2016\/01\/DSCF6263-300x200.jpg 300w, https:\/\/www.polisrecreio.com.br\/site\/wp-content\/uploads\/2016\/01\/DSCF6263-1024x683.jpg 1024w\" sizes=\"(max-width: 300px) 100vw, 300px\" \/><\/a>O caso da Rua Sebastiana Damasceno Ferreira foi destaque no Site P\u00f3lis (foto) no dia 29 de janeiro, quando entramos em contato com o Call Center da empresa Quark, pelo 0800 649 4100, na ocasi\u00e3o a atendente informou que o servi\u00e7o seria executado em at\u00e9 140 horas.<\/p>\n<p style=\"text-align: justify;\">Hoje (04) pela manh\u00e3 os funcion\u00e1rios estiveram no Planalto e realizaram a troca do equipamento rel\u00e9 fotoel\u00e9trico, respons\u00e1vel por acender as luzes quando n\u00e3o h\u00e1 ilumina\u00e7\u00e3o natural.<\/p>\n","protected":false},"excerpt":{"rendered":"<p>Depois de nove noites \u00e0s escuras, finalmente, a empresa Quark Engenharia Ltda. contratada pela Prefeitura Municipal realizou os reparos na ilumina\u00e7\u00e3o p\u00fablica da Rua Sebastiana Damasceno Ferreira, no bairro Planalto.<\/p>\n","protected":false},"author":3,"featured_media":1076,"comment_status":"open","ping_status":"open","sticky":false,"template":"","format":"standard","meta":[],"categories":[6],"tags":[],"yoast_head":"<!-- This site is optimized with the Yoast SEO plugin v15.6.2 - https:\/\/yoast.com\/wordpress\/plugins\/seo\/ -->\n<meta name=\"robots\" content=\"index, follow, max-snippet:-1, max-image-preview:large, max-video-preview:-1\" \/>\n<link rel=\"canonical\" href=\"https:\/\/www.polisrecreio.com.br\/site\/2016\/02\/04\/iluminacao-publica-no-planalto-finalmente-e-restaurada\/\" \/>\n<meta property=\"og:locale\" content=\"pt_BR\" \/>\n<meta property=\"og:type\" content=\"article\" \/>\n<meta property=\"og:title\" content=\"Ilumina\u00e7\u00e3o p\u00fablica no Planalto, finalmente, \u00e9 restaurada - P\u00f3lis Recreio\" \/>\n<meta property=\"og:description\" content=\"Depois de nove noites \u00e0s escuras, finalmente, a empresa Quark Engenharia Ltda. contratada pela Prefeitura Municipal realizou os reparos na ilumina\u00e7\u00e3o p\u00fablica da Rua Sebastiana Damasceno Ferreira, no bairro Planalto.\" \/>\n<meta property=\"og:url\" content=\"https:\/\/www.polisrecreio.com.br\/site\/2016\/02\/04\/iluminacao-publica-no-planalto-finalmente-e-restaurada\/\" \/>\n<meta property=\"og:site_name\" content=\"P\u00f3lis Recreio\" \/>\n<meta property=\"article:publisher\" content=\"https:\/\/www.facebook.com\/Site-P%c3%b3lis-Recreio-MG-181941708571019\/\" \/>\n<meta property=\"article:published_time\" content=\"2016-02-04T18:38:08+00:00\" \/>\n<meta property=\"article:modified_time\" content=\"2016-02-04T18:56:48+00:00\" \/>\n<meta property=\"og:image\" content=\"https:\/\/www.polisrecreio.com.br\/site\/wp-content\/uploads\/2016\/02\/rua4.jpg\" \/>\n\t<meta property=\"og:image:width\" content=\"800\" \/>\n\t<meta property=\"og:image:height\" content=\"408\" \/>\n<meta name=\"twitter:card\" content=\"summary_large_image\" \/>\n<meta name=\"twitter:creator\" content=\"@PolisRecreio\" \/>\n<meta name=\"twitter:site\" content=\"@PolisRecreio\" \/>\n<meta name=\"twitter:label1\" content=\"Est. reading time\">\n\t<meta name=\"twitter:data1\" content=\"1 minuto\">\n<script type=\"application\/ld+json\" class=\"yoast-schema-graph\">{\"@context\":\"https:\/\/schema.org\",\"@graph\":[{\"@type\":\"WebSite\",\"@id\":\"https:\/\/www.polisrecreio.com.br\/site\/#website\",\"url\":\"https:\/\/www.polisrecreio.com.br\/site\/\",\"name\":\"P\\u00f3lis Recreio\",\"description\":\"\",\"potentialAction\":[{\"@type\":\"SearchAction\",\"target\":\"https:\/\/www.polisrecreio.com.br\/site\/?s={search_term_string}\",\"query-input\":\"required name=search_term_string\"}],\"inLanguage\":\"pt-BR\"},{\"@type\":\"ImageObject\",\"@id\":\"https:\/\/www.polisrecreio.com.br\/site\/2016\/02\/04\/iluminacao-publica-no-planalto-finalmente-e-restaurada\/#primaryimage\",\"inLanguage\":\"pt-BR\",\"url\":\"https:\/\/www.polisrecreio.com.br\/site\/wp-content\/uploads\/2016\/02\/rua4.jpg\",\"width\":800,\"height\":408},{\"@type\":\"WebPage\",\"@id\":\"https:\/\/www.polisrecreio.com.br\/site\/2016\/02\/04\/iluminacao-publica-no-planalto-finalmente-e-restaurada\/#webpage\",\"url\":\"https:\/\/www.polisrecreio.com.br\/site\/2016\/02\/04\/iluminacao-publica-no-planalto-finalmente-e-restaurada\/\",\"name\":\"Ilumina\\u00e7\\u00e3o p\\u00fablica no Planalto, finalmente, \\u00e9 restaurada - P\\u00f3lis Recreio\",\"isPartOf\":{\"@id\":\"https:\/\/www.polisrecreio.com.br\/site\/#website\"},\"primaryImageOfPage\":{\"@id\":\"https:\/\/www.polisrecreio.com.br\/site\/2016\/02\/04\/iluminacao-publica-no-planalto-finalmente-e-restaurada\/#primaryimage\"},\"datePublished\":\"2016-02-04T18:38:08+00:00\",\"dateModified\":\"2016-02-04T18:56:48+00:00\",\"author\":{\"@id\":\"https:\/\/www.polisrecreio.com.br\/site\/#\/schema\/person\/3363c1c78e1e28e1329d97adb387638e\"},\"inLanguage\":\"pt-BR\",\"potentialAction\":[{\"@type\":\"ReadAction\",\"target\":[\"https:\/\/www.polisrecreio.com.br\/site\/2016\/02\/04\/iluminacao-publica-no-planalto-finalmente-e-restaurada\/\"]}]},{\"@type\":\"Person\",\"@id\":\"https:\/\/www.polisrecreio.com.br\/site\/#\/schema\/person\/3363c1c78e1e28e1329d97adb387638e\",\"name\":\"Leonardo Ribeiro\",\"image\":{\"@type\":\"ImageObject\",\"@id\":\"https:\/\/www.polisrecreio.com.br\/site\/#personlogo\",\"inLanguage\":\"pt-BR\",\"url\":\"https:\/\/secure.gravatar.com\/avatar\/6ba92a37d621e1a83e23710251178a12?s=96&d=mm&r=g\",\"caption\":\"Leonardo Ribeiro\"},\"sameAs\":[\"http:\/\/www.polisrecreio.com.br\"]}]}<\/script>\n<!-- \/ Yoast SEO plugin. -->","_links":{"self":[{"href":"https:\/\/www.polisrecreio.com.br\/site\/wp-json\/wp\/v2\/posts\/1072"}],"collection":[{"href":"https:\/\/www.polisrecreio.com.br\/site\/wp-json\/wp\/v2\/posts"}],"about":[{"href":"https:\/\/www.polisrecreio.com.br\/site\/wp-json\/wp\/v2\/types\/post"}],"author":[{"embeddable":true,"href":"https:\/\/www.polisrecreio.com.br\/site\/wp-json\/wp\/v2\/users\/3"}],"replies":[{"embeddable":true,"href":"https:\/\/www.polisrecreio.com.br\/site\/wp-json\/wp\/v2\/comments?post=1072"}],"version-history":[{"count":2,"href":"https:\/\/www.polisrecreio.com.br\/site\/wp-json\/wp\/v2\/posts\/1072\/revisions"}],"predecessor-version":[{"id":1077,"href":"https:\/\/www.polisrecreio.com.br\/site\/wp-json\/wp\/v2\/posts\/1072\/revisions\/1077"}],"wp:featuredmedia":[{"embeddable":true,"href":"https:\/\/www.polisrecreio.com.br\/site\/wp-json\/wp\/v2\/media\/1076"}],"wp:attachment":[{"href":"https:\/\/www.polisrecreio.com.br\/site\/wp-json\/wp\/v2\/media?parent=1072"}],"wp:term":[{"taxonomy":"category","embeddable":true,"href":"https:\/\/www.polisrecreio.com.br\/site\/wp-json\/wp\/v2\/categories?post=1072"},{"taxonomy":"post_tag","embeddable":true,"href":"https:\/\/www.polisrecreio.com.br\/site\/wp-json\/wp\/v2\/tags?post=1072"}],"curies":[{"name":"wp","href":"https:\/\/api.w.org\/{rel}","templated":true}]}}