{"id":1078,"date":"2016-02-05T08:04:46","date_gmt":"2016-02-05T11:04:46","guid":{"rendered":"http:\/\/www.polisrecreio.com.br\/site\/?p=1078"},"modified":"2016-02-05T08:04:46","modified_gmt":"2016-02-05T11:04:46","slug":"pm-efetua-prisao-por-corrupcao-de-menores-no-bairro-mandioca","status":"publish","type":"post","link":"https:\/\/www.polisrecreio.com.br\/site\/2016\/02\/05\/pm-efetua-prisao-por-corrupcao-de-menores-no-bairro-mandioca\/","title":{"rendered":"PM efetua pris\u00e3o por corrup\u00e7\u00e3o de menores no bairro Mandioca"},"content":{"rendered":"<p style=\"text-align: justify;\">Na tarde de ontem (04) os policiais militares, Sargento Edmilson Pereira Coimbra e Sargento Marcus Vinicius Geraldo, efetuaram a pris\u00e3o de um homem no bairro Mandioca por corrup\u00e7\u00e3o de menores.<\/p>\n<p style=\"text-align: justify;\"><!--more--><\/p>\n<figure id=\"attachment_1079\" aria-describedby=\"caption-attachment-1079\" style=\"width: 800px\" class=\"wp-caption aligncenter\"><a href=\"http:\/\/www.polisrecreio.com.br\/site\/wp-content\/uploads\/2016\/02\/pm.jpg\"><img loading=\"lazy\" class=\"wp-image-1079 size-full\" src=\"http:\/\/www.polisrecreio.com.br\/site\/wp-content\/uploads\/2016\/02\/pm.jpg\" alt=\"pm\" width=\"800\" height=\"438\" srcset=\"https:\/\/www.polisrecreio.com.br\/site\/wp-content\/uploads\/2016\/02\/pm.jpg 800w, https:\/\/www.polisrecreio.com.br\/site\/wp-content\/uploads\/2016\/02\/pm-300x164.jpg 300w\" sizes=\"(max-width: 800px) 100vw, 800px\" \/><\/a><figcaption id=\"caption-attachment-1079\" class=\"wp-caption-text\">Sargento Coimbra e Sargento Vin\u00edcius.<\/figcaption><\/figure>\n<p style=\"text-align: justify;\">De acordo com a ocorr\u00eancia a PM foi informada via telefone (190) que na Rua Santo Amaro no beco que d\u00e1 acesso \u00e0 Avenida Arthur Lima, no bairro Alto do Asilo, estaria ocorrendo uma movimenta\u00e7\u00e3o suspeita de tr\u00e1fico de drogas, chegando ao local os policiais presenciaram o momento em que M.I passava algo para a menor L.G.G. Sendo abordados e submetidos \u00e0 busca pessoal foi localizado dentro da blusa da menor um tablete de subst\u00e2ncia esverdeada, aparentando ser maconha, quando a menor assumiu ser propriet\u00e1ria da subst\u00e2ncia para o seu consumo. Diante do ocorrido o adulto recebeu voz de pris\u00e3o em flagrante delito por corrup\u00e7\u00e3o de menores e a subst\u00e2ncia foi apreendida.<\/p>\n<p style=\"text-align: justify;\">Ap\u00f3s a pris\u00e3o o adulto foi encaminhado ao pronto socorro municipal para atendimento m\u00e9dico e em seguida conduzido para a Delegacia de Plant\u00e3o em Leopoldina juntamente com a droga apreendida e a menor que foi acompanhada pelos conselheiros tutelares, Maria Izabel da Silva Dami\u00e3o Nascimento e Renato Caetano Gon\u00e7alves.<\/p>\n","protected":false},"excerpt":{"rendered":"<p>Na tarde de ontem (04) os policiais militares, Sargento Edmilson Pereira Coimbra e Sargento Marcus Vinicius Geraldo, efetuaram a pris\u00e3o de um homem no bairro Mandioca por corrup\u00e7\u00e3o de menores.<\/p>\n","protected":false},"author":3,"featured_media":1079,"comment_status":"open","ping_status":"open","sticky":false,"template":"","format":"standard","meta":[],"categories":[6],"tags":[],"yoast_head":"<!-- This site is optimized with the Yoast SEO plugin v15.6.2 - https:\/\/yoast.com\/wordpress\/plugins\/seo\/ -->\n<meta name=\"robots\" content=\"index, follow, max-snippet:-1, max-image-preview:large, max-video-preview:-1\" \/>\n<link rel=\"canonical\" href=\"https:\/\/www.polisrecreio.com.br\/site\/2016\/02\/05\/pm-efetua-prisao-por-corrupcao-de-menores-no-bairro-mandioca\/\" \/>\n<meta property=\"og:locale\" content=\"pt_BR\" \/>\n<meta property=\"og:type\" content=\"article\" \/>\n<meta property=\"og:title\" content=\"PM efetua pris\u00e3o por corrup\u00e7\u00e3o de menores no bairro Mandioca - P\u00f3lis Recreio\" \/>\n<meta property=\"og:description\" content=\"Na tarde de ontem (04) os policiais militares, Sargento Edmilson Pereira Coimbra e Sargento Marcus Vinicius Geraldo, efetuaram a pris\u00e3o de um homem no bairro Mandioca por corrup\u00e7\u00e3o de menores.\" \/>\n<meta property=\"og:url\" content=\"https:\/\/www.polisrecreio.com.br\/site\/2016\/02\/05\/pm-efetua-prisao-por-corrupcao-de-menores-no-bairro-mandioca\/\" \/>\n<meta property=\"og:site_name\" content=\"P\u00f3lis Recreio\" \/>\n<meta property=\"article:publisher\" content=\"https:\/\/www.facebook.com\/Site-P%c3%b3lis-Recreio-MG-181941708571019\/\" \/>\n<meta property=\"article:published_time\" content=\"2016-02-05T11:04:46+00:00\" \/>\n<meta property=\"og:image\" content=\"https:\/\/www.polisrecreio.com.br\/site\/wp-content\/uploads\/2016\/02\/pm.jpg\" \/>\n\t<meta property=\"og:image:width\" content=\"800\" \/>\n\t<meta property=\"og:image:height\" content=\"438\" \/>\n<meta name=\"twitter:card\" content=\"summary_large_image\" \/>\n<meta name=\"twitter:creator\" content=\"@PolisRecreio\" \/>\n<meta name=\"twitter:site\" content=\"@PolisRecreio\" \/>\n<meta name=\"twitter:label1\" content=\"Est. reading time\">\n\t<meta name=\"twitter:data1\" content=\"1 minuto\">\n<script type=\"application\/ld+json\" class=\"yoast-schema-graph\">{\"@context\":\"https:\/\/schema.org\",\"@graph\":[{\"@type\":\"WebSite\",\"@id\":\"https:\/\/www.polisrecreio.com.br\/site\/#website\",\"url\":\"https:\/\/www.polisrecreio.com.br\/site\/\",\"name\":\"P\\u00f3lis Recreio\",\"description\":\"\",\"potentialAction\":[{\"@type\":\"SearchAction\",\"target\":\"https:\/\/www.polisrecreio.com.br\/site\/?s={search_term_string}\",\"query-input\":\"required name=search_term_string\"}],\"inLanguage\":\"pt-BR\"},{\"@type\":\"ImageObject\",\"@id\":\"https:\/\/www.polisrecreio.com.br\/site\/2016\/02\/05\/pm-efetua-prisao-por-corrupcao-de-menores-no-bairro-mandioca\/#primaryimage\",\"inLanguage\":\"pt-BR\",\"url\":\"https:\/\/www.polisrecreio.com.br\/site\/wp-content\/uploads\/2016\/02\/pm.jpg\",\"width\":800,\"height\":438},{\"@type\":\"WebPage\",\"@id\":\"https:\/\/www.polisrecreio.com.br\/site\/2016\/02\/05\/pm-efetua-prisao-por-corrupcao-de-menores-no-bairro-mandioca\/#webpage\",\"url\":\"https:\/\/www.polisrecreio.com.br\/site\/2016\/02\/05\/pm-efetua-prisao-por-corrupcao-de-menores-no-bairro-mandioca\/\",\"name\":\"PM efetua pris\\u00e3o por corrup\\u00e7\\u00e3o de menores no bairro Mandioca - P\\u00f3lis Recreio\",\"isPartOf\":{\"@id\":\"https:\/\/www.polisrecreio.com.br\/site\/#website\"},\"primaryImageOfPage\":{\"@id\":\"https:\/\/www.polisrecreio.com.br\/site\/2016\/02\/05\/pm-efetua-prisao-por-corrupcao-de-menores-no-bairro-mandioca\/#primaryimage\"},\"datePublished\":\"2016-02-05T11:04:46+00:00\",\"dateModified\":\"2016-02-05T11:04:46+00:00\",\"author\":{\"@id\":\"https:\/\/www.polisrecreio.com.br\/site\/#\/schema\/person\/3363c1c78e1e28e1329d97adb387638e\"},\"inLanguage\":\"pt-BR\",\"potentialAction\":[{\"@type\":\"ReadAction\",\"target\":[\"https:\/\/www.polisrecreio.com.br\/site\/2016\/02\/05\/pm-efetua-prisao-por-corrupcao-de-menores-no-bairro-mandioca\/\"]}]},{\"@type\":\"Person\",\"@id\":\"https:\/\/www.polisrecreio.com.br\/site\/#\/schema\/person\/3363c1c78e1e28e1329d97adb387638e\",\"name\":\"Leonardo Ribeiro\",\"image\":{\"@type\":\"ImageObject\",\"@id\":\"https:\/\/www.polisrecreio.com.br\/site\/#personlogo\",\"inLanguage\":\"pt-BR\",\"url\":\"https:\/\/secure.gravatar.com\/avatar\/6ba92a37d621e1a83e23710251178a12?s=96&d=mm&r=g\",\"caption\":\"Leonardo Ribeiro\"},\"sameAs\":[\"http:\/\/www.polisrecreio.com.br\"]}]}<\/script>\n<!-- \/ Yoast SEO plugin. -->","_links":{"self":[{"href":"https:\/\/www.polisrecreio.com.br\/site\/wp-json\/wp\/v2\/posts\/1078"}],"collection":[{"href":"https:\/\/www.polisrecreio.com.br\/site\/wp-json\/wp\/v2\/posts"}],"about":[{"href":"https:\/\/www.polisrecreio.com.br\/site\/wp-json\/wp\/v2\/types\/post"}],"author":[{"embeddable":true,"href":"https:\/\/www.polisrecreio.com.br\/site\/wp-json\/wp\/v2\/users\/3"}],"replies":[{"embeddable":true,"href":"https:\/\/www.polisrecreio.com.br\/site\/wp-json\/wp\/v2\/comments?post=1078"}],"version-history":[{"count":1,"href":"https:\/\/www.polisrecreio.com.br\/site\/wp-json\/wp\/v2\/posts\/1078\/revisions"}],"predecessor-version":[{"id":1080,"href":"https:\/\/www.polisrecreio.com.br\/site\/wp-json\/wp\/v2\/posts\/1078\/revisions\/1080"}],"wp:featuredmedia":[{"embeddable":true,"href":"https:\/\/www.polisrecreio.com.br\/site\/wp-json\/wp\/v2\/media\/1079"}],"wp:attachment":[{"href":"https:\/\/www.polisrecreio.com.br\/site\/wp-json\/wp\/v2\/media?parent=1078"}],"wp:term":[{"taxonomy":"category","embeddable":true,"href":"https:\/\/www.polisrecreio.com.br\/site\/wp-json\/wp\/v2\/categories?post=1078"},{"taxonomy":"post_tag","embeddable":true,"href":"https:\/\/www.polisrecreio.com.br\/site\/wp-json\/wp\/v2\/tags?post=1078"}],"curies":[{"name":"wp","href":"https:\/\/api.w.org\/{rel}","templated":true}]}}