{"id":1081,"date":"2016-02-05T15:36:33","date_gmt":"2016-02-05T18:36:33","guid":{"rendered":"http:\/\/www.polisrecreio.com.br\/site\/?p=1081"},"modified":"2016-02-05T16:07:11","modified_gmt":"2016-02-05T19:07:11","slug":"carnaval-de-recreio-2016-nao-tera-reforco-policial","status":"publish","type":"post","link":"https:\/\/www.polisrecreio.com.br\/site\/2016\/02\/05\/carnaval-de-recreio-2016-nao-tera-reforco-policial\/","title":{"rendered":"Carnaval de Recreio 2016 n\u00e3o ter\u00e1 refor\u00e7o policial"},"content":{"rendered":"<p style=\"text-align: justify;\">Em meio \u00e0 onda de viol\u00eancia na cidade, com carro incendiado, troca de tiros, tentativa de atentado, corrup\u00e7\u00e3o de menores e outras not\u00edcias que vem sendo destaque negativo para Recreio, agora, chegou a informa\u00e7\u00e3o que n\u00e3o haver\u00e1 refor\u00e7o policial durante o Carnaval 2016.<\/p>\n<p style=\"text-align: justify;\"><!--more--><\/p>\n<p style=\"text-align: justify;\"><a href=\"http:\/\/www.polisrecreio.com.br\/site\/wp-content\/uploads\/2016\/02\/pm-3.jpg\"><img loading=\"lazy\" class=\"aligncenter wp-image-1085 size-full\" src=\"http:\/\/www.polisrecreio.com.br\/site\/wp-content\/uploads\/2016\/02\/pm-3.jpg\" alt=\"pm 3\" width=\"800\" height=\"410\" srcset=\"https:\/\/www.polisrecreio.com.br\/site\/wp-content\/uploads\/2016\/02\/pm-3.jpg 800w, https:\/\/www.polisrecreio.com.br\/site\/wp-content\/uploads\/2016\/02\/pm-3-300x154.jpg 300w\" sizes=\"(max-width: 800px) 100vw, 800px\" \/><\/a><\/p>\n<p style=\"text-align: justify;\">De acordo com o Sargento Edmilson Pereira Coimbra o comunicado da car\u00eancia de mais policiais nos quatro dias de folia veio do 3\u00ba Pelot\u00e3o da Pol\u00edcia Militar respons\u00e1vel pelo Destacamento de Recreio e de Argirita, onde a seguran\u00e7a da festa tamb\u00e9m ser\u00e1 feita apenas pelos militares da cidade, segundo ele a justificativa do Pelot\u00e3o para n\u00e3o haver refor\u00e7o \u00e9 a falta de efetivo.<\/p>\n<figure id=\"attachment_1082\" aria-describedby=\"caption-attachment-1082\" style=\"width: 221px\" class=\"wp-caption alignright\"><a href=\"http:\/\/www.polisrecreio.com.br\/site\/wp-content\/uploads\/2016\/02\/pm-C\u00f3pia.jpg\"><img loading=\"lazy\" class=\"wp-image-1082 size-medium\" src=\"http:\/\/www.polisrecreio.com.br\/site\/wp-content\/uploads\/2016\/02\/pm-C\u00f3pia-221x300.jpg\" alt=\"pm - C\u00f3pia\" width=\"221\" height=\"300\" srcset=\"https:\/\/www.polisrecreio.com.br\/site\/wp-content\/uploads\/2016\/02\/pm-C\u00f3pia-221x300.jpg 221w, https:\/\/www.polisrecreio.com.br\/site\/wp-content\/uploads\/2016\/02\/pm-C\u00f3pia.jpg 307w\" sizes=\"(max-width: 221px) 100vw, 221px\" \/><\/a><figcaption id=\"caption-attachment-1082\" class=\"wp-caption-text\">Sargento Coimbra.<\/figcaption><\/figure>\n<p style=\"text-align: justify;\">\u201cVamos trabalhar com o que temos no Munic\u00edpio, ou seja, oito policiais e ainda teremos que cumprir a Resolu\u00e7\u00e3o N\u00ba 4.251\/2013 que regulamentou a jornada de trabalho na Pol\u00edcia Militar em 40 horas semanais\u201d, disse Sargento Coimbra em entrevista ao Site P\u00f3lis.<\/p>\n<p style=\"text-align: justify;\"><strong>Pol\u00edcia Militar alertou comiss\u00e3o organizadora<\/strong><\/p>\n<p style=\"text-align: justify;\">Em reuni\u00e3o com a comiss\u00e3o organizadora do Carnaval de Recreio 2016 o Sargento Coimbra alertou os mesmos sobre a defici\u00eancia no policiamento durante o evento, sugerindo a eles que se poss\u00edvel contratassem seguran\u00e7a especializada.<\/p>\n<p><strong>Prefeitura envia of\u00edcios pedindo refor\u00e7os<\/strong><\/p>\n<p style=\"text-align: justify;\">Preocupado com a seguran\u00e7a p\u00fablica durante a festividade do Carnaval a Prefeitura Municipal enviou of\u00edcios ao Comando do Pelot\u00e3o da Pol\u00edcia Militar, a Delegacia de Pol\u00edcia de Recreio, e at\u00e9 a Promotoria de Justi\u00e7a, solicitando refor\u00e7os policiais para o evento.<\/p>\n<p style=\"text-align: justify;\"><strong>Dicas da Policia Militar de autoprote\u00e7\u00e3o no Carnaval<\/strong><\/p>\n<p style=\"text-align: justify;\"><a href=\"http:\/\/www.polisrecreio.com.br\/site\/wp-content\/uploads\/2016\/02\/dicas.jpg\"><img loading=\"lazy\" class=\"wp-image-1086 size-large alignleft\" src=\"http:\/\/www.polisrecreio.com.br\/site\/wp-content\/uploads\/2016\/02\/dicas-1024x698.jpg\" alt=\"dicas\" width=\"650\" height=\"443\" srcset=\"https:\/\/www.polisrecreio.com.br\/site\/wp-content\/uploads\/2016\/02\/dicas-1024x698.jpg 1024w, https:\/\/www.polisrecreio.com.br\/site\/wp-content\/uploads\/2016\/02\/dicas-300x205.jpg 300w\" sizes=\"(max-width: 650px) 100vw, 650px\" \/><\/a><\/p>\n<p style=\"text-align: justify;\">\n","protected":false},"excerpt":{"rendered":"<p>Em meio \u00e0 onda de viol\u00eancia na cidade, com carro incendiado, troca de tiros, tentativa de atentado, corrup\u00e7\u00e3o de menores e outras not\u00edcias que vem sendo destaque negativo para Recreio, agora, chegou a informa\u00e7\u00e3o que n\u00e3o haver\u00e1 refor\u00e7o policial durante o Carnaval 2016.<\/p>\n","protected":false},"author":3,"featured_media":1085,"comment_status":"open","ping_status":"open","sticky":false,"template":"","format":"standard","meta":[],"categories":[6],"tags":[],"yoast_head":"<!-- This site is optimized with the Yoast SEO plugin v15.6.2 - https:\/\/yoast.com\/wordpress\/plugins\/seo\/ -->\n<meta name=\"robots\" content=\"index, follow, max-snippet:-1, max-image-preview:large, max-video-preview:-1\" \/>\n<link rel=\"canonical\" href=\"https:\/\/www.polisrecreio.com.br\/site\/2016\/02\/05\/carnaval-de-recreio-2016-nao-tera-reforco-policial\/\" \/>\n<meta property=\"og:locale\" content=\"pt_BR\" \/>\n<meta property=\"og:type\" content=\"article\" \/>\n<meta property=\"og:title\" content=\"Carnaval de Recreio 2016 n\u00e3o ter\u00e1 refor\u00e7o policial - P\u00f3lis Recreio\" \/>\n<meta property=\"og:description\" content=\"Em meio \u00e0 onda de viol\u00eancia na cidade, com carro incendiado, troca de tiros, tentativa de atentado, corrup\u00e7\u00e3o de menores e outras not\u00edcias que vem sendo destaque negativo para Recreio, agora, chegou a informa\u00e7\u00e3o que n\u00e3o haver\u00e1 refor\u00e7o policial durante o Carnaval 2016.\" \/>\n<meta property=\"og:url\" content=\"https:\/\/www.polisrecreio.com.br\/site\/2016\/02\/05\/carnaval-de-recreio-2016-nao-tera-reforco-policial\/\" \/>\n<meta property=\"og:site_name\" content=\"P\u00f3lis Recreio\" \/>\n<meta property=\"article:publisher\" content=\"https:\/\/www.facebook.com\/Site-P%c3%b3lis-Recreio-MG-181941708571019\/\" \/>\n<meta property=\"article:published_time\" content=\"2016-02-05T18:36:33+00:00\" \/>\n<meta property=\"article:modified_time\" content=\"2016-02-05T19:07:11+00:00\" \/>\n<meta property=\"og:image\" content=\"https:\/\/www.polisrecreio.com.br\/site\/wp-content\/uploads\/2016\/02\/pm-3.jpg\" \/>\n\t<meta property=\"og:image:width\" content=\"800\" \/>\n\t<meta property=\"og:image:height\" content=\"410\" \/>\n<meta name=\"twitter:card\" content=\"summary_large_image\" \/>\n<meta name=\"twitter:creator\" content=\"@PolisRecreio\" \/>\n<meta name=\"twitter:site\" content=\"@PolisRecreio\" \/>\n<meta name=\"twitter:label1\" content=\"Est. reading time\">\n\t<meta name=\"twitter:data1\" content=\"1 minuto\">\n<script type=\"application\/ld+json\" class=\"yoast-schema-graph\">{\"@context\":\"https:\/\/schema.org\",\"@graph\":[{\"@type\":\"WebSite\",\"@id\":\"https:\/\/www.polisrecreio.com.br\/site\/#website\",\"url\":\"https:\/\/www.polisrecreio.com.br\/site\/\",\"name\":\"P\\u00f3lis Recreio\",\"description\":\"\",\"potentialAction\":[{\"@type\":\"SearchAction\",\"target\":\"https:\/\/www.polisrecreio.com.br\/site\/?s={search_term_string}\",\"query-input\":\"required name=search_term_string\"}],\"inLanguage\":\"pt-BR\"},{\"@type\":\"ImageObject\",\"@id\":\"https:\/\/www.polisrecreio.com.br\/site\/2016\/02\/05\/carnaval-de-recreio-2016-nao-tera-reforco-policial\/#primaryimage\",\"inLanguage\":\"pt-BR\",\"url\":\"https:\/\/www.polisrecreio.com.br\/site\/wp-content\/uploads\/2016\/02\/pm-3.jpg\",\"width\":800,\"height\":410},{\"@type\":\"WebPage\",\"@id\":\"https:\/\/www.polisrecreio.com.br\/site\/2016\/02\/05\/carnaval-de-recreio-2016-nao-tera-reforco-policial\/#webpage\",\"url\":\"https:\/\/www.polisrecreio.com.br\/site\/2016\/02\/05\/carnaval-de-recreio-2016-nao-tera-reforco-policial\/\",\"name\":\"Carnaval de Recreio 2016 n\\u00e3o ter\\u00e1 refor\\u00e7o policial - P\\u00f3lis Recreio\",\"isPartOf\":{\"@id\":\"https:\/\/www.polisrecreio.com.br\/site\/#website\"},\"primaryImageOfPage\":{\"@id\":\"https:\/\/www.polisrecreio.com.br\/site\/2016\/02\/05\/carnaval-de-recreio-2016-nao-tera-reforco-policial\/#primaryimage\"},\"datePublished\":\"2016-02-05T18:36:33+00:00\",\"dateModified\":\"2016-02-05T19:07:11+00:00\",\"author\":{\"@id\":\"https:\/\/www.polisrecreio.com.br\/site\/#\/schema\/person\/3363c1c78e1e28e1329d97adb387638e\"},\"inLanguage\":\"pt-BR\",\"potentialAction\":[{\"@type\":\"ReadAction\",\"target\":[\"https:\/\/www.polisrecreio.com.br\/site\/2016\/02\/05\/carnaval-de-recreio-2016-nao-tera-reforco-policial\/\"]}]},{\"@type\":\"Person\",\"@id\":\"https:\/\/www.polisrecreio.com.br\/site\/#\/schema\/person\/3363c1c78e1e28e1329d97adb387638e\",\"name\":\"Leonardo Ribeiro\",\"image\":{\"@type\":\"ImageObject\",\"@id\":\"https:\/\/www.polisrecreio.com.br\/site\/#personlogo\",\"inLanguage\":\"pt-BR\",\"url\":\"https:\/\/secure.gravatar.com\/avatar\/6ba92a37d621e1a83e23710251178a12?s=96&d=mm&r=g\",\"caption\":\"Leonardo Ribeiro\"},\"sameAs\":[\"http:\/\/www.polisrecreio.com.br\"]}]}<\/script>\n<!-- \/ Yoast SEO plugin. -->","_links":{"self":[{"href":"https:\/\/www.polisrecreio.com.br\/site\/wp-json\/wp\/v2\/posts\/1081"}],"collection":[{"href":"https:\/\/www.polisrecreio.com.br\/site\/wp-json\/wp\/v2\/posts"}],"about":[{"href":"https:\/\/www.polisrecreio.com.br\/site\/wp-json\/wp\/v2\/types\/post"}],"author":[{"embeddable":true,"href":"https:\/\/www.polisrecreio.com.br\/site\/wp-json\/wp\/v2\/users\/3"}],"replies":[{"embeddable":true,"href":"https:\/\/www.polisrecreio.com.br\/site\/wp-json\/wp\/v2\/comments?post=1081"}],"version-history":[{"count":5,"href":"https:\/\/www.polisrecreio.com.br\/site\/wp-json\/wp\/v2\/posts\/1081\/revisions"}],"predecessor-version":[{"id":1091,"href":"https:\/\/www.polisrecreio.com.br\/site\/wp-json\/wp\/v2\/posts\/1081\/revisions\/1091"}],"wp:featuredmedia":[{"embeddable":true,"href":"https:\/\/www.polisrecreio.com.br\/site\/wp-json\/wp\/v2\/media\/1085"}],"wp:attachment":[{"href":"https:\/\/www.polisrecreio.com.br\/site\/wp-json\/wp\/v2\/media?parent=1081"}],"wp:term":[{"taxonomy":"category","embeddable":true,"href":"https:\/\/www.polisrecreio.com.br\/site\/wp-json\/wp\/v2\/categories?post=1081"},{"taxonomy":"post_tag","embeddable":true,"href":"https:\/\/www.polisrecreio.com.br\/site\/wp-json\/wp\/v2\/tags?post=1081"}],"curies":[{"name":"wp","href":"https:\/\/api.w.org\/{rel}","templated":true}]}}