{"id":10873,"date":"2018-08-13T18:48:45","date_gmt":"2018-08-13T21:48:45","guid":{"rendered":"http:\/\/www.polisrecreio.com.br\/site\/?p=10873"},"modified":"2018-08-13T18:49:24","modified_gmt":"2018-08-13T21:49:24","slug":"recreio-e-c-perde-no-regional-sub-17-e-no-sabado-18-joga-em-leopoldina","status":"publish","type":"post","link":"https:\/\/www.polisrecreio.com.br\/site\/2018\/08\/13\/recreio-e-c-perde-no-regional-sub-17-e-no-sabado-18-joga-em-leopoldina\/","title":{"rendered":"Recreio E.C perde no Regional sub-17 e no s\u00e1bado (18) joga em Leopoldina"},"content":{"rendered":"<p style=\"text-align: justify;\">O Recreio E.C perdeu para o Nacional, em Muria\u00e9, na pen\u00faltima rodada da primeira fase do Campeonato Regional sub-17 da Liga Esportiva de Cataguases. No s\u00e1bado (18) o time joga em Leopoldina.<\/p>\n<p><!--more--><\/p>\n<p><a href=\"http:\/\/www.polisrecreio.com.br\/site\/wp-content\/uploads\/2018\/08\/REC.jpg\"><img loading=\"lazy\" class=\"aligncenter size-full wp-image-10844\" src=\"http:\/\/www.polisrecreio.com.br\/site\/wp-content\/uploads\/2018\/08\/REC.jpg\" alt=\"\" width=\"756\" height=\"400\" srcset=\"https:\/\/www.polisrecreio.com.br\/site\/wp-content\/uploads\/2018\/08\/REC.jpg 756w, https:\/\/www.polisrecreio.com.br\/site\/wp-content\/uploads\/2018\/08\/REC-300x159.jpg 300w\" sizes=\"(max-width: 756px) 100vw, 756px\" \/><\/a><\/p>\n<p style=\"text-align: justify;\">A garotada do Le\u00e3o ainda est\u00e1 na zona de classifica\u00e7\u00e3o para a fase de quartas de final, mesmo depois da derrota de 3X0 para o Nacional. A equipe de Muria\u00e9 lidera o grupo.<\/p>\n<p style=\"text-align: justify;\">Na \u00faltima rodada o jogo contra o Leopoldina, na casa do advers\u00e1rio, est\u00e1 marcado para 10h.<\/p>\n","protected":false},"excerpt":{"rendered":"<p>O Recreio E.C perdeu para o Nacional, em Muria\u00e9, na pen\u00faltima rodada da primeira fase do Campeonato Regional sub-17 da Liga Esportiva de Cataguases. No s\u00e1bado (18) o time joga em Leopoldina.<\/p>\n","protected":false},"author":3,"featured_media":10844,"comment_status":"open","ping_status":"open","sticky":false,"template":"","format":"standard","meta":[],"categories":[4],"tags":[],"yoast_head":"<!-- This site is optimized with the Yoast SEO plugin v15.6.2 - https:\/\/yoast.com\/wordpress\/plugins\/seo\/ -->\n<meta name=\"robots\" content=\"index, follow, max-snippet:-1, max-image-preview:large, max-video-preview:-1\" \/>\n<link rel=\"canonical\" href=\"https:\/\/www.polisrecreio.com.br\/site\/2018\/08\/13\/recreio-e-c-perde-no-regional-sub-17-e-no-sabado-18-joga-em-leopoldina\/\" \/>\n<meta property=\"og:locale\" content=\"pt_BR\" \/>\n<meta property=\"og:type\" content=\"article\" \/>\n<meta property=\"og:title\" content=\"Recreio E.C perde no Regional sub-17 e no s\u00e1bado (18) joga em Leopoldina - P\u00f3lis Recreio\" \/>\n<meta property=\"og:description\" content=\"O Recreio E.C perdeu para o Nacional, em Muria\u00e9, na pen\u00faltima rodada da primeira fase do Campeonato Regional sub-17 da Liga Esportiva de Cataguases. No s\u00e1bado (18) o time joga em Leopoldina.\" \/>\n<meta property=\"og:url\" content=\"https:\/\/www.polisrecreio.com.br\/site\/2018\/08\/13\/recreio-e-c-perde-no-regional-sub-17-e-no-sabado-18-joga-em-leopoldina\/\" \/>\n<meta property=\"og:site_name\" content=\"P\u00f3lis Recreio\" \/>\n<meta property=\"article:publisher\" content=\"https:\/\/www.facebook.com\/Site-P%c3%b3lis-Recreio-MG-181941708571019\/\" \/>\n<meta property=\"article:published_time\" content=\"2018-08-13T21:48:45+00:00\" \/>\n<meta property=\"article:modified_time\" content=\"2018-08-13T21:49:24+00:00\" \/>\n<meta property=\"og:image\" content=\"https:\/\/www.polisrecreio.com.br\/site\/wp-content\/uploads\/2018\/08\/REC.jpg\" \/>\n\t<meta property=\"og:image:width\" content=\"756\" \/>\n\t<meta property=\"og:image:height\" content=\"400\" \/>\n<meta name=\"twitter:card\" content=\"summary_large_image\" \/>\n<meta name=\"twitter:creator\" content=\"@PolisRecreio\" \/>\n<meta name=\"twitter:site\" content=\"@PolisRecreio\" \/>\n<script type=\"application\/ld+json\" class=\"yoast-schema-graph\">{\"@context\":\"https:\/\/schema.org\",\"@graph\":[{\"@type\":\"WebSite\",\"@id\":\"https:\/\/www.polisrecreio.com.br\/site\/#website\",\"url\":\"https:\/\/www.polisrecreio.com.br\/site\/\",\"name\":\"P\\u00f3lis Recreio\",\"description\":\"\",\"potentialAction\":[{\"@type\":\"SearchAction\",\"target\":\"https:\/\/www.polisrecreio.com.br\/site\/?s={search_term_string}\",\"query-input\":\"required name=search_term_string\"}],\"inLanguage\":\"pt-BR\"},{\"@type\":\"ImageObject\",\"@id\":\"https:\/\/www.polisrecreio.com.br\/site\/2018\/08\/13\/recreio-e-c-perde-no-regional-sub-17-e-no-sabado-18-joga-em-leopoldina\/#primaryimage\",\"inLanguage\":\"pt-BR\",\"url\":\"https:\/\/www.polisrecreio.com.br\/site\/wp-content\/uploads\/2018\/08\/REC.jpg\",\"width\":756,\"height\":400},{\"@type\":\"WebPage\",\"@id\":\"https:\/\/www.polisrecreio.com.br\/site\/2018\/08\/13\/recreio-e-c-perde-no-regional-sub-17-e-no-sabado-18-joga-em-leopoldina\/#webpage\",\"url\":\"https:\/\/www.polisrecreio.com.br\/site\/2018\/08\/13\/recreio-e-c-perde-no-regional-sub-17-e-no-sabado-18-joga-em-leopoldina\/\",\"name\":\"Recreio E.C perde no Regional sub-17 e no s\\u00e1bado (18) joga em Leopoldina - P\\u00f3lis Recreio\",\"isPartOf\":{\"@id\":\"https:\/\/www.polisrecreio.com.br\/site\/#website\"},\"primaryImageOfPage\":{\"@id\":\"https:\/\/www.polisrecreio.com.br\/site\/2018\/08\/13\/recreio-e-c-perde-no-regional-sub-17-e-no-sabado-18-joga-em-leopoldina\/#primaryimage\"},\"datePublished\":\"2018-08-13T21:48:45+00:00\",\"dateModified\":\"2018-08-13T21:49:24+00:00\",\"author\":{\"@id\":\"https:\/\/www.polisrecreio.com.br\/site\/#\/schema\/person\/3363c1c78e1e28e1329d97adb387638e\"},\"inLanguage\":\"pt-BR\",\"potentialAction\":[{\"@type\":\"ReadAction\",\"target\":[\"https:\/\/www.polisrecreio.com.br\/site\/2018\/08\/13\/recreio-e-c-perde-no-regional-sub-17-e-no-sabado-18-joga-em-leopoldina\/\"]}]},{\"@type\":\"Person\",\"@id\":\"https:\/\/www.polisrecreio.com.br\/site\/#\/schema\/person\/3363c1c78e1e28e1329d97adb387638e\",\"name\":\"Leonardo Ribeiro\",\"image\":{\"@type\":\"ImageObject\",\"@id\":\"https:\/\/www.polisrecreio.com.br\/site\/#personlogo\",\"inLanguage\":\"pt-BR\",\"url\":\"https:\/\/secure.gravatar.com\/avatar\/6ba92a37d621e1a83e23710251178a12?s=96&d=mm&r=g\",\"caption\":\"Leonardo Ribeiro\"},\"sameAs\":[\"http:\/\/www.polisrecreio.com.br\"]}]}<\/script>\n<!-- \/ Yoast SEO plugin. -->","_links":{"self":[{"href":"https:\/\/www.polisrecreio.com.br\/site\/wp-json\/wp\/v2\/posts\/10873"}],"collection":[{"href":"https:\/\/www.polisrecreio.com.br\/site\/wp-json\/wp\/v2\/posts"}],"about":[{"href":"https:\/\/www.polisrecreio.com.br\/site\/wp-json\/wp\/v2\/types\/post"}],"author":[{"embeddable":true,"href":"https:\/\/www.polisrecreio.com.br\/site\/wp-json\/wp\/v2\/users\/3"}],"replies":[{"embeddable":true,"href":"https:\/\/www.polisrecreio.com.br\/site\/wp-json\/wp\/v2\/comments?post=10873"}],"version-history":[{"count":2,"href":"https:\/\/www.polisrecreio.com.br\/site\/wp-json\/wp\/v2\/posts\/10873\/revisions"}],"predecessor-version":[{"id":10875,"href":"https:\/\/www.polisrecreio.com.br\/site\/wp-json\/wp\/v2\/posts\/10873\/revisions\/10875"}],"wp:featuredmedia":[{"embeddable":true,"href":"https:\/\/www.polisrecreio.com.br\/site\/wp-json\/wp\/v2\/media\/10844"}],"wp:attachment":[{"href":"https:\/\/www.polisrecreio.com.br\/site\/wp-json\/wp\/v2\/media?parent=10873"}],"wp:term":[{"taxonomy":"category","embeddable":true,"href":"https:\/\/www.polisrecreio.com.br\/site\/wp-json\/wp\/v2\/categories?post=10873"},{"taxonomy":"post_tag","embeddable":true,"href":"https:\/\/www.polisrecreio.com.br\/site\/wp-json\/wp\/v2\/tags?post=10873"}],"curies":[{"name":"wp","href":"https:\/\/api.w.org\/{rel}","templated":true}]}}