{"id":10971,"date":"2018-08-27T21:26:08","date_gmt":"2018-08-28T00:26:08","guid":{"rendered":"http:\/\/www.polisrecreio.com.br\/site\/?p=10971"},"modified":"2018-08-27T21:26:08","modified_gmt":"2018-08-28T00:26:08","slug":"e-e-olavo-bilac-lanca-fanfarra-em-evento-no-dia-6-de-setembro","status":"publish","type":"post","link":"https:\/\/www.polisrecreio.com.br\/site\/2018\/08\/27\/e-e-olavo-bilac-lanca-fanfarra-em-evento-no-dia-6-de-setembro\/","title":{"rendered":"E.E Olavo Bilac lan\u00e7a fanfarra em evento no dia 6 de setembro"},"content":{"rendered":"<p style=\"text-align: justify;\">A E.E Olavo Bilac, de Recreio, vai lan\u00e7ar a fanfarra criada no col\u00e9gio este ano em evento no dia 6 de setembro. Desfile, homenagens e apresenta\u00e7\u00f5es culturais est\u00e3o na programa\u00e7\u00e3o.<\/p>\n<p><!--more--><\/p>\n<p><a href=\"http:\/\/www.polisrecreio.com.br\/site\/wp-content\/uploads\/2018\/08\/DSC_0252.jpg\"><img loading=\"lazy\" class=\"aligncenter size-full wp-image-10972\" src=\"http:\/\/www.polisrecreio.com.br\/site\/wp-content\/uploads\/2018\/08\/DSC_0252.jpg\" alt=\"\" width=\"750\" height=\"574\" srcset=\"https:\/\/www.polisrecreio.com.br\/site\/wp-content\/uploads\/2018\/08\/DSC_0252.jpg 750w, https:\/\/www.polisrecreio.com.br\/site\/wp-content\/uploads\/2018\/08\/DSC_0252-300x230.jpg 300w\" sizes=\"(max-width: 750px) 100vw, 750px\" \/><\/a><\/p>\n<p style=\"text-align: justify;\">O desfile est\u00e1 previsto para come\u00e7ar \u00e0s 8h, com sa\u00edda da Pra\u00e7a Oleg\u00e1rio Maciel, em dire\u00e7\u00e3o ao Centro Cultural Aristides Dorigo, aonde haver\u00e1 apresenta\u00e7\u00e3o de grupos culturais. Em frente ao col\u00e9gio estadual haver\u00e1 tamb\u00e9m homenagens a Vilmano Francisco Vieira, que dar\u00e1 nome a fanfarra.<\/p>\n<p style=\"text-align: justify;\">A fanfarra com quase 40 integrantes est\u00e1 sendo coordenada pelo amigo da escola, Carlos S\u00e9rgio Sim\u00e3o Ara\u00fajo \u201cDa\u00fa\u201d, e foi criada com apoio da comunidade atrav\u00e9s de uma a\u00e7\u00e3o que arrecadou os recursos e comprou os instrumentos que foram doados ao col\u00e9gio. A dire\u00e7\u00e3o da escola de samba ERUS tamb\u00e9m est\u00e1 apoiando com o empr\u00e9stimo de alguns instrumentos.<\/p>\n<p style=\"text-align: justify;\">O evento do dia 6 ser\u00e1 organizado pela E.E Olavo Bilac e contar\u00e1 com a participa\u00e7\u00e3o do Centro Educacional Castelo das Letras e da APAE.<\/p>\n","protected":false},"excerpt":{"rendered":"<p>A E.E Olavo Bilac, de Recreio, vai lan\u00e7ar a fanfarra criada no col\u00e9gio este ano em evento no dia 6 de setembro. Desfile, homenagens e apresenta\u00e7\u00f5es culturais est\u00e3o na programa\u00e7\u00e3o.<\/p>\n","protected":false},"author":3,"featured_media":10972,"comment_status":"open","ping_status":"open","sticky":false,"template":"","format":"standard","meta":[],"categories":[9],"tags":[],"yoast_head":"<!-- This site is optimized with the Yoast SEO plugin v15.6.2 - https:\/\/yoast.com\/wordpress\/plugins\/seo\/ -->\n<meta name=\"robots\" content=\"index, follow, max-snippet:-1, max-image-preview:large, max-video-preview:-1\" \/>\n<link rel=\"canonical\" href=\"http:\/\/www.polisrecreio.com.br\/site\/2018\/08\/27\/e-e-olavo-bilac-lanca-fanfarra-em-evento-no-dia-6-de-setembro\/\" \/>\n<meta property=\"og:locale\" content=\"pt_BR\" \/>\n<meta property=\"og:type\" content=\"article\" \/>\n<meta property=\"og:title\" content=\"E.E Olavo Bilac lan\u00e7a fanfarra em evento no dia 6 de setembro - P\u00f3lis Recreio\" \/>\n<meta property=\"og:description\" content=\"A E.E Olavo Bilac, de Recreio, vai lan\u00e7ar a fanfarra criada no col\u00e9gio este ano em evento no dia 6 de setembro. Desfile, homenagens e apresenta\u00e7\u00f5es culturais est\u00e3o na programa\u00e7\u00e3o.\" \/>\n<meta property=\"og:url\" content=\"http:\/\/www.polisrecreio.com.br\/site\/2018\/08\/27\/e-e-olavo-bilac-lanca-fanfarra-em-evento-no-dia-6-de-setembro\/\" \/>\n<meta property=\"og:site_name\" content=\"P\u00f3lis Recreio\" \/>\n<meta property=\"article:publisher\" content=\"https:\/\/www.facebook.com\/Site-P%c3%b3lis-Recreio-MG-181941708571019\/\" \/>\n<meta property=\"article:published_time\" content=\"2018-08-28T00:26:08+00:00\" \/>\n<meta property=\"og:image\" content=\"https:\/\/www.polisrecreio.com.br\/site\/wp-content\/uploads\/2018\/08\/DSC_0252.jpg\" \/>\n\t<meta property=\"og:image:width\" content=\"750\" \/>\n\t<meta property=\"og:image:height\" content=\"574\" \/>\n<meta name=\"twitter:card\" content=\"summary_large_image\" \/>\n<meta name=\"twitter:creator\" content=\"@PolisRecreio\" \/>\n<meta name=\"twitter:site\" content=\"@PolisRecreio\" \/>\n<meta name=\"twitter:label1\" content=\"Est. reading time\">\n\t<meta name=\"twitter:data1\" content=\"1 minuto\">\n<script type=\"application\/ld+json\" class=\"yoast-schema-graph\">{\"@context\":\"https:\/\/schema.org\",\"@graph\":[{\"@type\":\"WebSite\",\"@id\":\"https:\/\/www.polisrecreio.com.br\/site\/#website\",\"url\":\"https:\/\/www.polisrecreio.com.br\/site\/\",\"name\":\"P\\u00f3lis Recreio\",\"description\":\"\",\"potentialAction\":[{\"@type\":\"SearchAction\",\"target\":\"https:\/\/www.polisrecreio.com.br\/site\/?s={search_term_string}\",\"query-input\":\"required name=search_term_string\"}],\"inLanguage\":\"pt-BR\"},{\"@type\":\"ImageObject\",\"@id\":\"http:\/\/www.polisrecreio.com.br\/site\/2018\/08\/27\/e-e-olavo-bilac-lanca-fanfarra-em-evento-no-dia-6-de-setembro\/#primaryimage\",\"inLanguage\":\"pt-BR\",\"url\":\"https:\/\/www.polisrecreio.com.br\/site\/wp-content\/uploads\/2018\/08\/DSC_0252.jpg\",\"width\":750,\"height\":574},{\"@type\":\"WebPage\",\"@id\":\"http:\/\/www.polisrecreio.com.br\/site\/2018\/08\/27\/e-e-olavo-bilac-lanca-fanfarra-em-evento-no-dia-6-de-setembro\/#webpage\",\"url\":\"http:\/\/www.polisrecreio.com.br\/site\/2018\/08\/27\/e-e-olavo-bilac-lanca-fanfarra-em-evento-no-dia-6-de-setembro\/\",\"name\":\"E.E Olavo Bilac lan\\u00e7a fanfarra em evento no dia 6 de setembro - P\\u00f3lis Recreio\",\"isPartOf\":{\"@id\":\"https:\/\/www.polisrecreio.com.br\/site\/#website\"},\"primaryImageOfPage\":{\"@id\":\"http:\/\/www.polisrecreio.com.br\/site\/2018\/08\/27\/e-e-olavo-bilac-lanca-fanfarra-em-evento-no-dia-6-de-setembro\/#primaryimage\"},\"datePublished\":\"2018-08-28T00:26:08+00:00\",\"dateModified\":\"2018-08-28T00:26:08+00:00\",\"author\":{\"@id\":\"https:\/\/www.polisrecreio.com.br\/site\/#\/schema\/person\/3363c1c78e1e28e1329d97adb387638e\"},\"inLanguage\":\"pt-BR\",\"potentialAction\":[{\"@type\":\"ReadAction\",\"target\":[\"http:\/\/www.polisrecreio.com.br\/site\/2018\/08\/27\/e-e-olavo-bilac-lanca-fanfarra-em-evento-no-dia-6-de-setembro\/\"]}]},{\"@type\":\"Person\",\"@id\":\"https:\/\/www.polisrecreio.com.br\/site\/#\/schema\/person\/3363c1c78e1e28e1329d97adb387638e\",\"name\":\"Leonardo Ribeiro\",\"image\":{\"@type\":\"ImageObject\",\"@id\":\"https:\/\/www.polisrecreio.com.br\/site\/#personlogo\",\"inLanguage\":\"pt-BR\",\"url\":\"https:\/\/secure.gravatar.com\/avatar\/6ba92a37d621e1a83e23710251178a12?s=96&d=mm&r=g\",\"caption\":\"Leonardo Ribeiro\"},\"sameAs\":[\"http:\/\/www.polisrecreio.com.br\"]}]}<\/script>\n<!-- \/ Yoast SEO plugin. -->","_links":{"self":[{"href":"https:\/\/www.polisrecreio.com.br\/site\/wp-json\/wp\/v2\/posts\/10971"}],"collection":[{"href":"https:\/\/www.polisrecreio.com.br\/site\/wp-json\/wp\/v2\/posts"}],"about":[{"href":"https:\/\/www.polisrecreio.com.br\/site\/wp-json\/wp\/v2\/types\/post"}],"author":[{"embeddable":true,"href":"https:\/\/www.polisrecreio.com.br\/site\/wp-json\/wp\/v2\/users\/3"}],"replies":[{"embeddable":true,"href":"https:\/\/www.polisrecreio.com.br\/site\/wp-json\/wp\/v2\/comments?post=10971"}],"version-history":[{"count":1,"href":"https:\/\/www.polisrecreio.com.br\/site\/wp-json\/wp\/v2\/posts\/10971\/revisions"}],"predecessor-version":[{"id":10973,"href":"https:\/\/www.polisrecreio.com.br\/site\/wp-json\/wp\/v2\/posts\/10971\/revisions\/10973"}],"wp:featuredmedia":[{"embeddable":true,"href":"https:\/\/www.polisrecreio.com.br\/site\/wp-json\/wp\/v2\/media\/10972"}],"wp:attachment":[{"href":"https:\/\/www.polisrecreio.com.br\/site\/wp-json\/wp\/v2\/media?parent=10971"}],"wp:term":[{"taxonomy":"category","embeddable":true,"href":"https:\/\/www.polisrecreio.com.br\/site\/wp-json\/wp\/v2\/categories?post=10971"},{"taxonomy":"post_tag","embeddable":true,"href":"https:\/\/www.polisrecreio.com.br\/site\/wp-json\/wp\/v2\/tags?post=10971"}],"curies":[{"name":"wp","href":"https:\/\/api.w.org\/{rel}","templated":true}]}}