{"id":1101,"date":"2016-02-06T15:32:55","date_gmt":"2016-02-06T18:32:55","guid":{"rendered":"http:\/\/www.polisrecreio.com.br\/site\/?p=1101"},"modified":"2016-02-06T15:42:26","modified_gmt":"2016-02-06T18:42:26","slug":"registrado-o-primeiro-acidente-do-carnaval-na-madrugada-de-sabado","status":"publish","type":"post","link":"https:\/\/www.polisrecreio.com.br\/site\/2016\/02\/06\/registrado-o-primeiro-acidente-do-carnaval-na-madrugada-de-sabado\/","title":{"rendered":"Registrado o primeiro acidente do Carnaval na madrugada de s\u00e1bado"},"content":{"rendered":"<p style=\"text-align: justify;\">Na madrugada deste s\u00e1bado (06) por volta das 4h foi registrado pela Pol\u00edcia Militar o primeiro acidente do Carnaval 2016, um ve\u00edculo VW Voyage com placa de Recreio colidiu com uma \u00e1rvore na Rua Augusto Lacerda, em frente ao n\u00ba 10.<\/p>\n<p style=\"text-align: justify;\"><!--more--><\/p>\n<figure id=\"attachment_1097\" aria-describedby=\"caption-attachment-1097\" style=\"width: 800px\" class=\"wp-caption alignnone\"><a href=\"http:\/\/www.polisrecreio.com.br\/site\/wp-content\/uploads\/2016\/02\/foto-e1454782947466.jpg\"><img loading=\"lazy\" class=\"wp-image-1097 size-full\" src=\"http:\/\/www.polisrecreio.com.br\/site\/wp-content\/uploads\/2016\/02\/foto-e1454782947466.jpg\" alt=\"foto\" width=\"800\" height=\"600\" \/><\/a><figcaption id=\"caption-attachment-1097\" class=\"wp-caption-text\">Imagem ilustrativa. Foto: Pierre de Souza.<\/figcaption><\/figure>\n<p style=\"text-align: justify;\">De acordo com o Sargento\u00a0Marcus Vin\u00edcius Geraldo\u00a0o motorista fez o contorno da rotat\u00f3ria do Lions Clube e ao seguir em dire\u00e7\u00e3o \u00e0 Rua Augusto Lacerda perdeu o controle do ve\u00edculo e bateu na \u00e1rvore. \u201cCom a for\u00e7a do impacto tanto condutor como passageiro chocaram-se com o vidro frontal, o choque foi t\u00e3o forte que o vidro quebrou e os dois ficaram com peda\u00e7os agarrados em seus rostos\u201d, disse o Sargento.<\/p>\n<p style=\"text-align: justify;\">Os moradores pr\u00f3ximos ao local do acidente acordaram assustados com o barulho da batida.\u00a0\u201cQuando cheguei perto fiquei assustado com o rosto dos rapazes ensaguentados, mas, gra\u00e7as a Deus n\u00e3o houve danos maiores, disse Pierre de Souza.<\/p>\n<p style=\"text-align: justify;\">Motorista e passageiro foram encaminhados ao pronto socorro municipal, passaram o dia em observa\u00e7\u00e3o e hoje est\u00e3o bem, apesar dos ferimentos. Os nomes n\u00e3o foram informados.<\/p>\n","protected":false},"excerpt":{"rendered":"<p>Na madrugada deste s\u00e1bado (06) por volta das 4h foi registrado pela Pol\u00edcia Militar o primeiro acidente do Carnaval 2016, um ve\u00edculo VW Voyage com placa de Recreio colidiu com uma \u00e1rvore na Rua Augusto Lacerda, em frente ao n\u00ba 10.<\/p>\n","protected":false},"author":3,"featured_media":1097,"comment_status":"open","ping_status":"open","sticky":false,"template":"","format":"standard","meta":[],"categories":[6],"tags":[],"yoast_head":"<!-- This site is optimized with the Yoast SEO plugin v15.6.2 - https:\/\/yoast.com\/wordpress\/plugins\/seo\/ -->\n<meta name=\"robots\" content=\"index, follow, max-snippet:-1, max-image-preview:large, max-video-preview:-1\" \/>\n<link rel=\"canonical\" href=\"https:\/\/www.polisrecreio.com.br\/site\/2016\/02\/06\/registrado-o-primeiro-acidente-do-carnaval-na-madrugada-de-sabado\/\" \/>\n<meta property=\"og:locale\" content=\"pt_BR\" \/>\n<meta property=\"og:type\" content=\"article\" \/>\n<meta property=\"og:title\" content=\"Registrado o primeiro acidente do Carnaval na madrugada de s\u00e1bado - P\u00f3lis Recreio\" \/>\n<meta property=\"og:description\" content=\"Na madrugada deste s\u00e1bado (06) por volta das 4h foi registrado pela Pol\u00edcia Militar o primeiro acidente do Carnaval 2016, um ve\u00edculo VW Voyage com placa de Recreio colidiu com uma \u00e1rvore na Rua Augusto Lacerda, em frente ao n\u00ba 10.\" \/>\n<meta property=\"og:url\" content=\"https:\/\/www.polisrecreio.com.br\/site\/2016\/02\/06\/registrado-o-primeiro-acidente-do-carnaval-na-madrugada-de-sabado\/\" \/>\n<meta property=\"og:site_name\" content=\"P\u00f3lis Recreio\" \/>\n<meta property=\"article:publisher\" content=\"https:\/\/www.facebook.com\/Site-P%c3%b3lis-Recreio-MG-181941708571019\/\" \/>\n<meta property=\"article:published_time\" content=\"2016-02-06T18:32:55+00:00\" \/>\n<meta property=\"article:modified_time\" content=\"2016-02-06T18:42:26+00:00\" \/>\n<meta property=\"og:image\" content=\"https:\/\/www.polisrecreio.com.br\/site\/wp-content\/uploads\/2016\/02\/foto-e1454782947466.jpg\" \/>\n\t<meta property=\"og:image:width\" content=\"800\" \/>\n\t<meta property=\"og:image:height\" content=\"600\" \/>\n<meta name=\"twitter:card\" content=\"summary_large_image\" \/>\n<meta name=\"twitter:creator\" content=\"@PolisRecreio\" \/>\n<meta name=\"twitter:site\" content=\"@PolisRecreio\" \/>\n<meta name=\"twitter:label1\" content=\"Est. reading time\">\n\t<meta name=\"twitter:data1\" content=\"1 minuto\">\n<script type=\"application\/ld+json\" class=\"yoast-schema-graph\">{\"@context\":\"https:\/\/schema.org\",\"@graph\":[{\"@type\":\"WebSite\",\"@id\":\"https:\/\/www.polisrecreio.com.br\/site\/#website\",\"url\":\"https:\/\/www.polisrecreio.com.br\/site\/\",\"name\":\"P\\u00f3lis Recreio\",\"description\":\"\",\"potentialAction\":[{\"@type\":\"SearchAction\",\"target\":\"https:\/\/www.polisrecreio.com.br\/site\/?s={search_term_string}\",\"query-input\":\"required name=search_term_string\"}],\"inLanguage\":\"pt-BR\"},{\"@type\":\"ImageObject\",\"@id\":\"https:\/\/www.polisrecreio.com.br\/site\/2016\/02\/06\/registrado-o-primeiro-acidente-do-carnaval-na-madrugada-de-sabado\/#primaryimage\",\"inLanguage\":\"pt-BR\",\"url\":\"https:\/\/www.polisrecreio.com.br\/site\/wp-content\/uploads\/2016\/02\/foto-e1454782947466.jpg\",\"width\":800,\"height\":600},{\"@type\":\"WebPage\",\"@id\":\"https:\/\/www.polisrecreio.com.br\/site\/2016\/02\/06\/registrado-o-primeiro-acidente-do-carnaval-na-madrugada-de-sabado\/#webpage\",\"url\":\"https:\/\/www.polisrecreio.com.br\/site\/2016\/02\/06\/registrado-o-primeiro-acidente-do-carnaval-na-madrugada-de-sabado\/\",\"name\":\"Registrado o primeiro acidente do Carnaval na madrugada de s\\u00e1bado - P\\u00f3lis Recreio\",\"isPartOf\":{\"@id\":\"https:\/\/www.polisrecreio.com.br\/site\/#website\"},\"primaryImageOfPage\":{\"@id\":\"https:\/\/www.polisrecreio.com.br\/site\/2016\/02\/06\/registrado-o-primeiro-acidente-do-carnaval-na-madrugada-de-sabado\/#primaryimage\"},\"datePublished\":\"2016-02-06T18:32:55+00:00\",\"dateModified\":\"2016-02-06T18:42:26+00:00\",\"author\":{\"@id\":\"https:\/\/www.polisrecreio.com.br\/site\/#\/schema\/person\/3363c1c78e1e28e1329d97adb387638e\"},\"inLanguage\":\"pt-BR\",\"potentialAction\":[{\"@type\":\"ReadAction\",\"target\":[\"https:\/\/www.polisrecreio.com.br\/site\/2016\/02\/06\/registrado-o-primeiro-acidente-do-carnaval-na-madrugada-de-sabado\/\"]}]},{\"@type\":\"Person\",\"@id\":\"https:\/\/www.polisrecreio.com.br\/site\/#\/schema\/person\/3363c1c78e1e28e1329d97adb387638e\",\"name\":\"Leonardo Ribeiro\",\"image\":{\"@type\":\"ImageObject\",\"@id\":\"https:\/\/www.polisrecreio.com.br\/site\/#personlogo\",\"inLanguage\":\"pt-BR\",\"url\":\"https:\/\/secure.gravatar.com\/avatar\/6ba92a37d621e1a83e23710251178a12?s=96&d=mm&r=g\",\"caption\":\"Leonardo Ribeiro\"},\"sameAs\":[\"http:\/\/www.polisrecreio.com.br\"]}]}<\/script>\n<!-- \/ Yoast SEO plugin. -->","_links":{"self":[{"href":"https:\/\/www.polisrecreio.com.br\/site\/wp-json\/wp\/v2\/posts\/1101"}],"collection":[{"href":"https:\/\/www.polisrecreio.com.br\/site\/wp-json\/wp\/v2\/posts"}],"about":[{"href":"https:\/\/www.polisrecreio.com.br\/site\/wp-json\/wp\/v2\/types\/post"}],"author":[{"embeddable":true,"href":"https:\/\/www.polisrecreio.com.br\/site\/wp-json\/wp\/v2\/users\/3"}],"replies":[{"embeddable":true,"href":"https:\/\/www.polisrecreio.com.br\/site\/wp-json\/wp\/v2\/comments?post=1101"}],"version-history":[{"count":5,"href":"https:\/\/www.polisrecreio.com.br\/site\/wp-json\/wp\/v2\/posts\/1101\/revisions"}],"predecessor-version":[{"id":1106,"href":"https:\/\/www.polisrecreio.com.br\/site\/wp-json\/wp\/v2\/posts\/1101\/revisions\/1106"}],"wp:featuredmedia":[{"embeddable":true,"href":"https:\/\/www.polisrecreio.com.br\/site\/wp-json\/wp\/v2\/media\/1097"}],"wp:attachment":[{"href":"https:\/\/www.polisrecreio.com.br\/site\/wp-json\/wp\/v2\/media?parent=1101"}],"wp:term":[{"taxonomy":"category","embeddable":true,"href":"https:\/\/www.polisrecreio.com.br\/site\/wp-json\/wp\/v2\/categories?post=1101"},{"taxonomy":"post_tag","embeddable":true,"href":"https:\/\/www.polisrecreio.com.br\/site\/wp-json\/wp\/v2\/tags?post=1101"}],"curies":[{"name":"wp","href":"https:\/\/api.w.org\/{rel}","templated":true}]}}