{"id":1108,"date":"2016-02-07T08:29:53","date_gmt":"2016-02-07T11:29:53","guid":{"rendered":"http:\/\/www.polisrecreio.com.br\/site\/?p=1108"},"modified":"2016-02-07T08:35:28","modified_gmt":"2016-02-07T11:35:28","slug":"folioes-lotaram-a-praca-dos-ferroviarios-na-primeira-noite-de-carnaval","status":"publish","type":"post","link":"https:\/\/www.polisrecreio.com.br\/site\/2016\/02\/07\/folioes-lotaram-a-praca-dos-ferroviarios-na-primeira-noite-de-carnaval\/","title":{"rendered":"Foli\u00f5es lotaram a Pra\u00e7a dos Ferrovi\u00e1rios na primeira noite de Carnaval"},"content":{"rendered":"<p style=\"text-align: justify;\">Na primeira noite da maior festa popular da cidade a Pra\u00e7a dos Ferrovi\u00e1rios ficou lotada de foli\u00f5es ao som de Hellen Cristina &amp; Banda. Os primeiros blocos a desfilarem pela avenida foram IEY e do Bem.<\/p>\n<p style=\"text-align: justify;\"><!--more--><\/p>\n<figure id=\"attachment_1109\" aria-describedby=\"caption-attachment-1109\" style=\"width: 960px\" class=\"wp-caption aligncenter\"><a href=\"http:\/\/www.polisrecreio.com.br\/site\/wp-content\/uploads\/2016\/02\/12647312_600541896766348_8312185706629081238_n.jpg\"><img loading=\"lazy\" class=\"wp-image-1109 size-full\" src=\"http:\/\/www.polisrecreio.com.br\/site\/wp-content\/uploads\/2016\/02\/12647312_600541896766348_8312185706629081238_n.jpg\" alt=\"12647312_600541896766348_8312185706629081238_n\" width=\"960\" height=\"626\" srcset=\"https:\/\/www.polisrecreio.com.br\/site\/wp-content\/uploads\/2016\/02\/12647312_600541896766348_8312185706629081238_n.jpg 960w, https:\/\/www.polisrecreio.com.br\/site\/wp-content\/uploads\/2016\/02\/12647312_600541896766348_8312185706629081238_n-300x196.jpg 300w\" sizes=\"(max-width: 960px) 100vw, 960px\" \/><\/a><figcaption id=\"caption-attachment-1109\" class=\"wp-caption-text\">Carnaval 2016. Foto: Pierre de Souza\/Comunica\u00e7\u00e3o PMR.<\/figcaption><\/figure>\n<p style=\"text-align: justify;\">O Carnaval 2016 foi oficialmente aberto \u00e0s 10h com o pronunciamento do prefeito municipal \u00d4nio Fialho Miranda \u201cOninho\u201d, em seguida chegou \u00e0 Pra\u00e7a dos Ferrovi\u00e1rios o Bloco do IEY e logo ap\u00f3s veio o Bloco do Bem.<\/p>\n<p style=\"text-align: justify;\">A festa se estendeu at\u00e9 a madrugada do domingo com a cantora Hellen Cristina &amp; Banda apresentando muito ax\u00e9 music, as tradicionais marchinhas, sertanejo universit\u00e1rio e outros ritmos.<\/p>\n<figure id=\"attachment_1110\" aria-describedby=\"caption-attachment-1110\" style=\"width: 960px\" class=\"wp-caption aligncenter\"><a href=\"http:\/\/www.polisrecreio.com.br\/site\/wp-content\/uploads\/2016\/02\/12651191_600542170099654_4632782989516138705_n.jpg\"><img loading=\"lazy\" class=\"wp-image-1110 size-full\" src=\"http:\/\/www.polisrecreio.com.br\/site\/wp-content\/uploads\/2016\/02\/12651191_600542170099654_4632782989516138705_n.jpg\" alt=\"12651191_600542170099654_4632782989516138705_n\" width=\"960\" height=\"691\" srcset=\"https:\/\/www.polisrecreio.com.br\/site\/wp-content\/uploads\/2016\/02\/12651191_600542170099654_4632782989516138705_n.jpg 960w, https:\/\/www.polisrecreio.com.br\/site\/wp-content\/uploads\/2016\/02\/12651191_600542170099654_4632782989516138705_n-300x216.jpg 300w\" sizes=\"(max-width: 960px) 100vw, 960px\" \/><\/a><figcaption id=\"caption-attachment-1110\" class=\"wp-caption-text\">Hellen Cristina &amp; Banda. Foto: Pierre de Souza\/Comunica\u00e7\u00e3o PMR.<\/figcaption><\/figure>\n<p style=\"text-align: justify;\"><strong>Veja a programa\u00e7\u00e3o de hoje do Carnaval de Recreio 2016:<\/strong><\/p>\n<p style=\"text-align: justify;\">15h \u00e0s 18h \u2013 Bloco do Funil (Haras do Juarez)<\/p>\n<p style=\"text-align: justify;\">19h \u00e0s 21h \u2013 Bloco Amigos do Alto (Bar do Dudu)<\/p>\n<p style=\"text-align: justify;\">19h \u00e0s 22h \u2013 Bloco do Mandioca<\/p>\n<p style=\"text-align: justify;\">19h \u00e0s 23h \u2013 Bloco Deixa Arder<\/p>\n<p style=\"text-align: justify;\">20h \u2013 Bloco Preocupados de Souza \u201cPapel Higi\u00eanico\u201d<\/p>\n<p style=\"text-align: justify;\">23:30h \u2013 Escola de Samba ERUS<\/p>\n<p style=\"text-align: justify;\">Ap\u00f3s desfile da ERUS: Show com Hellen Cristina &amp; Banda.<\/p>\n","protected":false},"excerpt":{"rendered":"<p>Na primeira noite da maior festa popular da cidade a Pra\u00e7a dos Ferrovi\u00e1rios ficou lotada de foli\u00f5es ao som de Hellen Cristina &amp; Banda. Os primeiros blocos a desfilarem pela avenida foram IEY e do Bem.<\/p>\n","protected":false},"author":3,"featured_media":1111,"comment_status":"open","ping_status":"open","sticky":false,"template":"","format":"standard","meta":[],"categories":[2],"tags":[],"yoast_head":"<!-- This site is optimized with the Yoast SEO plugin v15.6.2 - https:\/\/yoast.com\/wordpress\/plugins\/seo\/ -->\n<meta name=\"robots\" content=\"index, follow, max-snippet:-1, max-image-preview:large, max-video-preview:-1\" \/>\n<link rel=\"canonical\" href=\"https:\/\/www.polisrecreio.com.br\/site\/2016\/02\/07\/folioes-lotaram-a-praca-dos-ferroviarios-na-primeira-noite-de-carnaval\/\" \/>\n<meta property=\"og:locale\" content=\"pt_BR\" \/>\n<meta property=\"og:type\" content=\"article\" \/>\n<meta property=\"og:title\" content=\"Foli\u00f5es lotaram a Pra\u00e7a dos Ferrovi\u00e1rios na primeira noite de Carnaval - P\u00f3lis Recreio\" \/>\n<meta property=\"og:description\" content=\"Na primeira noite da maior festa popular da cidade a Pra\u00e7a dos Ferrovi\u00e1rios ficou lotada de foli\u00f5es ao som de Hellen Cristina &amp; Banda. Os primeiros blocos a desfilarem pela avenida foram IEY e do Bem.\" \/>\n<meta property=\"og:url\" content=\"https:\/\/www.polisrecreio.com.br\/site\/2016\/02\/07\/folioes-lotaram-a-praca-dos-ferroviarios-na-primeira-noite-de-carnaval\/\" \/>\n<meta property=\"og:site_name\" content=\"P\u00f3lis Recreio\" \/>\n<meta property=\"article:publisher\" content=\"https:\/\/www.facebook.com\/Site-P%c3%b3lis-Recreio-MG-181941708571019\/\" \/>\n<meta property=\"article:published_time\" content=\"2016-02-07T11:29:53+00:00\" \/>\n<meta property=\"article:modified_time\" content=\"2016-02-07T11:35:28+00:00\" \/>\n<meta property=\"og:image\" content=\"https:\/\/www.polisrecreio.com.br\/site\/wp-content\/uploads\/2016\/02\/12661850_600542150099656_6527490869927795172_n-e1454844579804.jpg\" \/>\n\t<meta property=\"og:image:width\" content=\"800\" \/>\n\t<meta property=\"og:image:height\" content=\"485\" \/>\n<meta name=\"twitter:card\" content=\"summary_large_image\" \/>\n<meta name=\"twitter:creator\" content=\"@PolisRecreio\" \/>\n<meta name=\"twitter:site\" content=\"@PolisRecreio\" \/>\n<meta name=\"twitter:label1\" content=\"Est. reading time\">\n\t<meta name=\"twitter:data1\" content=\"1 minuto\">\n<script type=\"application\/ld+json\" class=\"yoast-schema-graph\">{\"@context\":\"https:\/\/schema.org\",\"@graph\":[{\"@type\":\"WebSite\",\"@id\":\"https:\/\/www.polisrecreio.com.br\/site\/#website\",\"url\":\"https:\/\/www.polisrecreio.com.br\/site\/\",\"name\":\"P\\u00f3lis Recreio\",\"description\":\"\",\"potentialAction\":[{\"@type\":\"SearchAction\",\"target\":\"https:\/\/www.polisrecreio.com.br\/site\/?s={search_term_string}\",\"query-input\":\"required name=search_term_string\"}],\"inLanguage\":\"pt-BR\"},{\"@type\":\"ImageObject\",\"@id\":\"https:\/\/www.polisrecreio.com.br\/site\/2016\/02\/07\/folioes-lotaram-a-praca-dos-ferroviarios-na-primeira-noite-de-carnaval\/#primaryimage\",\"inLanguage\":\"pt-BR\",\"url\":\"https:\/\/www.polisrecreio.com.br\/site\/wp-content\/uploads\/2016\/02\/12661850_600542150099656_6527490869927795172_n-e1454844579804.jpg\",\"width\":800,\"height\":485},{\"@type\":\"WebPage\",\"@id\":\"https:\/\/www.polisrecreio.com.br\/site\/2016\/02\/07\/folioes-lotaram-a-praca-dos-ferroviarios-na-primeira-noite-de-carnaval\/#webpage\",\"url\":\"https:\/\/www.polisrecreio.com.br\/site\/2016\/02\/07\/folioes-lotaram-a-praca-dos-ferroviarios-na-primeira-noite-de-carnaval\/\",\"name\":\"Foli\\u00f5es lotaram a Pra\\u00e7a dos Ferrovi\\u00e1rios na primeira noite de Carnaval - P\\u00f3lis Recreio\",\"isPartOf\":{\"@id\":\"https:\/\/www.polisrecreio.com.br\/site\/#website\"},\"primaryImageOfPage\":{\"@id\":\"https:\/\/www.polisrecreio.com.br\/site\/2016\/02\/07\/folioes-lotaram-a-praca-dos-ferroviarios-na-primeira-noite-de-carnaval\/#primaryimage\"},\"datePublished\":\"2016-02-07T11:29:53+00:00\",\"dateModified\":\"2016-02-07T11:35:28+00:00\",\"author\":{\"@id\":\"https:\/\/www.polisrecreio.com.br\/site\/#\/schema\/person\/3363c1c78e1e28e1329d97adb387638e\"},\"inLanguage\":\"pt-BR\",\"potentialAction\":[{\"@type\":\"ReadAction\",\"target\":[\"https:\/\/www.polisrecreio.com.br\/site\/2016\/02\/07\/folioes-lotaram-a-praca-dos-ferroviarios-na-primeira-noite-de-carnaval\/\"]}]},{\"@type\":\"Person\",\"@id\":\"https:\/\/www.polisrecreio.com.br\/site\/#\/schema\/person\/3363c1c78e1e28e1329d97adb387638e\",\"name\":\"Leonardo Ribeiro\",\"image\":{\"@type\":\"ImageObject\",\"@id\":\"https:\/\/www.polisrecreio.com.br\/site\/#personlogo\",\"inLanguage\":\"pt-BR\",\"url\":\"https:\/\/secure.gravatar.com\/avatar\/6ba92a37d621e1a83e23710251178a12?s=96&d=mm&r=g\",\"caption\":\"Leonardo Ribeiro\"},\"sameAs\":[\"http:\/\/www.polisrecreio.com.br\"]}]}<\/script>\n<!-- \/ Yoast SEO plugin. -->","_links":{"self":[{"href":"https:\/\/www.polisrecreio.com.br\/site\/wp-json\/wp\/v2\/posts\/1108"}],"collection":[{"href":"https:\/\/www.polisrecreio.com.br\/site\/wp-json\/wp\/v2\/posts"}],"about":[{"href":"https:\/\/www.polisrecreio.com.br\/site\/wp-json\/wp\/v2\/types\/post"}],"author":[{"embeddable":true,"href":"https:\/\/www.polisrecreio.com.br\/site\/wp-json\/wp\/v2\/users\/3"}],"replies":[{"embeddable":true,"href":"https:\/\/www.polisrecreio.com.br\/site\/wp-json\/wp\/v2\/comments?post=1108"}],"version-history":[{"count":4,"href":"https:\/\/www.polisrecreio.com.br\/site\/wp-json\/wp\/v2\/posts\/1108\/revisions"}],"predecessor-version":[{"id":1115,"href":"https:\/\/www.polisrecreio.com.br\/site\/wp-json\/wp\/v2\/posts\/1108\/revisions\/1115"}],"wp:featuredmedia":[{"embeddable":true,"href":"https:\/\/www.polisrecreio.com.br\/site\/wp-json\/wp\/v2\/media\/1111"}],"wp:attachment":[{"href":"https:\/\/www.polisrecreio.com.br\/site\/wp-json\/wp\/v2\/media?parent=1108"}],"wp:term":[{"taxonomy":"category","embeddable":true,"href":"https:\/\/www.polisrecreio.com.br\/site\/wp-json\/wp\/v2\/categories?post=1108"},{"taxonomy":"post_tag","embeddable":true,"href":"https:\/\/www.polisrecreio.com.br\/site\/wp-json\/wp\/v2\/tags?post=1108"}],"curies":[{"name":"wp","href":"https:\/\/api.w.org\/{rel}","templated":true}]}}