{"id":1116,"date":"2016-02-08T10:01:28","date_gmt":"2016-02-08T13:01:28","guid":{"rendered":"http:\/\/www.polisrecreio.com.br\/site\/?p=1116"},"modified":"2016-02-11T07:38:28","modified_gmt":"2016-02-11T10:38:28","slug":"pe-agnaldo-sera-transferido-de-recreio-para-mirai-apos-a-semana-santa","status":"publish","type":"post","link":"https:\/\/www.polisrecreio.com.br\/site\/2016\/02\/08\/pe-agnaldo-sera-transferido-de-recreio-para-mirai-apos-a-semana-santa\/","title":{"rendered":"Pe. Agnaldo ser\u00e1 transferido de Recreio para Mira\u00ed ap\u00f3s a semana santa"},"content":{"rendered":"<p style=\"text-align: justify;\">O Bispo da Diocese de Leopoldina Dom Jos\u00e9 Eudes Campos do Nascimento, anunciou na \u00faltima quinta-feira (04), atrav\u00e9s do site www.dioceseleopoldina.com, a transfer\u00eancia do Pe. Agnaldo dos Reis Ferraz. O p\u00e1roco de Recreio estar\u00e1 a caminho de Mira\u00ed ap\u00f3s a semana santa.<\/p>\n<p style=\"text-align: justify;\"><!--more--><\/p>\n<figure id=\"attachment_1117\" aria-describedby=\"caption-attachment-1117\" style=\"width: 800px\" class=\"wp-caption aligncenter\"><a href=\"http:\/\/www.polisrecreio.com.br\/site\/wp-content\/uploads\/2016\/02\/12644636_933209643424131_5057629845840905882_n-e1454933820623.jpg\"><img loading=\"lazy\" class=\"wp-image-1117 size-full\" src=\"http:\/\/www.polisrecreio.com.br\/site\/wp-content\/uploads\/2016\/02\/12644636_933209643424131_5057629845840905882_n-e1454933820623.jpg\" alt=\"12644636_933209643424131_5057629845840905882_n\" width=\"800\" height=\"468\" \/><\/a><figcaption id=\"caption-attachment-1117\" class=\"wp-caption-text\">Pe. Agnaldo. Foto: Par\u00f3quia Jesus Menino Deus.<\/figcaption><\/figure>\n<p style=\"text-align: justify;\">Pe. Agnaldo, natural de Visconde do Rio Branco (MG), est\u00e1 na cidade desde 2 de fevereiro de 2009, sendo aqui o seu segundo trabalho sacerdotal, o primeiro havia sido na Par\u00f3quia S\u00e3o Sebasti\u00e3o em Cachoeira Alegre, distrito de Bar\u00e3o do Monte Alto.<\/p>\n<p style=\"text-align: justify;\">\u201cTodos cat\u00f3licos est\u00e3o em l\u00e1grimas com a transfer\u00eancia, sabemos o que ele fez em nossa Par\u00f3quia, Padre respons\u00e1vel e comprometido com o seu sacerdote. Vive para servir, incans\u00e1vel nas coisas de Deus. Quando ach\u00e1vamos que havia terminado uma novena ou um <a href=\"http:\/\/www.polisrecreio.com.br\/site\/wp-content\/uploads\/2016\/02\/1499402_467896786654196_1531549462_n.jpg\"><img loading=\"lazy\" class=\"size-medium wp-image-1124 alignleft\" src=\"http:\/\/www.polisrecreio.com.br\/site\/wp-content\/uploads\/2016\/02\/1499402_467896786654196_1531549462_n-300x210.jpg\" alt=\"1499402_467896786654196_1531549462_n\" width=\"300\" height=\"210\" srcset=\"https:\/\/www.polisrecreio.com.br\/site\/wp-content\/uploads\/2016\/02\/1499402_467896786654196_1531549462_n-300x210.jpg 300w, https:\/\/www.polisrecreio.com.br\/site\/wp-content\/uploads\/2016\/02\/1499402_467896786654196_1531549462_n.jpg 478w\" sizes=\"(max-width: 300px) 100vw, 300px\" \/><\/a>festejo j\u00e1 anunciava outros. Din\u00e2mico ao extremo, assim foram sete anos de extraordin\u00e1ria entrega ao servi\u00e7o, alguns diziam a ele: \u201co senhor vai matar estes idosos!\u201dDe uma alegria e um carisma incompar\u00e1vel sem distin\u00e7\u00e3o, tratamento igual para todos fi\u00e9is e em todas as comunidades, com certeza vai deixar muitas saudades. Apesar de estar com o cora\u00e7\u00e3o partido respeito e compreendo a decis\u00e3o do Bispo Dom Jos\u00e9 Eudes. Esperamos que Pe. Agnaldo possa evangelizar, semear e partilhar tudo como \u00e9 um sacerdote de Cristo, para colher verdadeiros e bons frutos em sua nova miss\u00e3o. Estaremos sempre em ora\u00e7\u00e3o por ele, um recreiense de cora\u00e7\u00e3o\u201d, disse Castorina Ruback (foto junto com Padre).<\/p>\n<p style=\"text-align: justify;\">No ano de 2013 Pe. Agnaldo foi reconhecido como Cidad\u00e3o Honor\u00e1rio Recreiense pela C\u00e2mara Municipal por indica\u00e7\u00e3o do vereador Jos\u00e9 Roberto Fontes de Almeida \u201cBeleza\u201d (PTB).<\/p>\n<p style=\"text-align: justify;\">O pr\u00f3ximo administrador da Par\u00f3quia Jesus Menino Deus ser\u00e1 Pe. Edson Campos que atuava na Matriz de S\u00e3o Jos\u00e9 Oper\u00e1rio de Cataguases. Ao todo ser\u00e3o transferidos 22 padres e a decis\u00e3o das mudan\u00e7as foram tomadas ap\u00f3s reuni\u00e3o do Conselho Presbiteral.<\/p>\n<p><a href=\"http:\/\/www.polisrecreio.com.br\/site\/wp-content\/uploads\/2016\/02\/FOTO16.jpg\"><img loading=\"lazy\" class=\"alignright wp-image-1118 size-medium\" src=\"http:\/\/www.polisrecreio.com.br\/site\/wp-content\/uploads\/2016\/02\/FOTO16-300x259.jpg\" alt=\"FOTO16\" width=\"300\" height=\"259\" srcset=\"https:\/\/www.polisrecreio.com.br\/site\/wp-content\/uploads\/2016\/02\/FOTO16-300x259.jpg 300w, https:\/\/www.polisrecreio.com.br\/site\/wp-content\/uploads\/2016\/02\/FOTO16.jpg 623w\" sizes=\"(max-width: 300px) 100vw, 300px\" \/><\/a><strong>O recreiense Pe. Silas vai para Ub\u00e1<\/strong><\/p>\n<p style=\"text-align: justify;\">Ap\u00f3s dez anos atuando como\u00a0p\u00e1roco da Par\u00f3quia Nossa Senhora Aparecida no Porto, na cidade de Muria\u00e9, o recreiense Pe. Silas Geraldo (foto) ser\u00e1 transferido para a Par\u00f3quia Divino Esp\u00edrito Santo, em Ub\u00e1. Ele atuar\u00e1 tamb\u00e9m como Vice-Reitor do Semin\u00e1rio Nossa Senhora de Guadalupe.<\/p>\n<p style=\"text-align: justify;\"><strong>Bispo justifica as transfer\u00eancias<\/strong><\/p>\n<p style=\"text-align: justify;\"><a href=\"http:\/\/www.polisrecreio.com.br\/site\/wp-content\/uploads\/2016\/02\/Dom-Jose-Eudes-Bispo-da-Diocese-de-Leopoldina-Foto-Guia-Muriae.jpg\"><img loading=\"lazy\" class=\"alignleft wp-image-1119 size-medium\" src=\"http:\/\/www.polisrecreio.com.br\/site\/wp-content\/uploads\/2016\/02\/Dom-Jose-Eudes-Bispo-da-Diocese-de-Leopoldina-Foto-Guia-Muriae-300x225.jpg\" alt=\"Dom-Jose-Eudes-Bispo-da-Diocese-de-Leopoldina-Foto-Guia-Muriae\" width=\"300\" height=\"225\" srcset=\"https:\/\/www.polisrecreio.com.br\/site\/wp-content\/uploads\/2016\/02\/Dom-Jose-Eudes-Bispo-da-Diocese-de-Leopoldina-Foto-Guia-Muriae-300x225.jpg 300w, https:\/\/www.polisrecreio.com.br\/site\/wp-content\/uploads\/2016\/02\/Dom-Jose-Eudes-Bispo-da-Diocese-de-Leopoldina-Foto-Guia-Muriae.jpg 600w\" sizes=\"(max-width: 300px) 100vw, 300px\" \/><\/a>Em postagem publicada no site da Diocese com o t\u00edtulo \u201cPara que Transfer\u00eancias\u201d, Dom Jos\u00e9 Eudes (foto), esclareceu sobre as transfer\u00eancias. \u201cPor que o Bispo precisa transferir padres? Esta pergunta, olhando as rea\u00e7\u00f5es a essa pr\u00e1tica comum na Igreja, poucos se fazem ou buscam respostas. Normalmente ficam em posturas mais afetivas ou possessivas: \u201cnosso padre\u201d, \u201cele estava bem aqui\u201d, \u201cele n\u00e3o pode sair\u201d, \u201co senhor n\u00e3o pode tir\u00e1-lo de n\u00f3s\u201d\u2026 Apesar de haver tamb\u00e9m os que querem ver longe o padre que t\u00eam e apresentam at\u00e9 listas de \u201cqueremos estes\u201d. Este tempo \u00e9 sempre de fadiga e de caras feias. Mas de aprendizado e de gra\u00e7a!\u201d, palavras de Dom Jos\u00e9 Eudes.<\/p>\n<p style=\"text-align: justify;\">Veja na \u00edntegra a postagem em <a href=\"http:\/\/dioceseleopoldina.com\/noticiasdiocese\/para-que-fazer-transferencias\/\">http:\/\/dioceseleopoldina.com\/noticiasdiocese\/para-que-fazer-transferencias\/<\/a>.<\/p>\n","protected":false},"excerpt":{"rendered":"<p>O Bispo da Diocese de Leopoldina Dom Jos\u00e9 Eudes Campos do Nascimento, anunciou na \u00faltima quinta-feira (04), atrav\u00e9s do site www.dioceseleopoldina.com, a transfer\u00eancia do Pe. Agnaldo dos Reis Ferraz. O p\u00e1roco de Recreio estar\u00e1 a caminho de Mira\u00ed ap\u00f3s a semana santa.<\/p>\n","protected":false},"author":3,"featured_media":1117,"comment_status":"open","ping_status":"open","sticky":false,"template":"","format":"standard","meta":[],"categories":[6],"tags":[],"yoast_head":"<!-- This site is optimized with the Yoast SEO plugin v15.6.2 - https:\/\/yoast.com\/wordpress\/plugins\/seo\/ -->\n<meta name=\"robots\" content=\"index, follow, max-snippet:-1, max-image-preview:large, max-video-preview:-1\" \/>\n<link rel=\"canonical\" href=\"http:\/\/www.polisrecreio.com.br\/site\/2016\/02\/08\/pe-agnaldo-sera-transferido-de-recreio-para-mirai-apos-a-semana-santa\/\" \/>\n<meta property=\"og:locale\" content=\"pt_BR\" \/>\n<meta property=\"og:type\" content=\"article\" \/>\n<meta property=\"og:title\" content=\"Pe. Agnaldo ser\u00e1 transferido de Recreio para Mira\u00ed ap\u00f3s a semana santa - P\u00f3lis Recreio\" \/>\n<meta property=\"og:description\" content=\"O Bispo da Diocese de Leopoldina Dom Jos\u00e9 Eudes Campos do Nascimento, anunciou na \u00faltima quinta-feira (04), atrav\u00e9s do site www.dioceseleopoldina.com, a transfer\u00eancia do Pe. Agnaldo dos Reis Ferraz. O p\u00e1roco de Recreio estar\u00e1 a caminho de Mira\u00ed ap\u00f3s a semana santa.\" \/>\n<meta property=\"og:url\" content=\"http:\/\/www.polisrecreio.com.br\/site\/2016\/02\/08\/pe-agnaldo-sera-transferido-de-recreio-para-mirai-apos-a-semana-santa\/\" \/>\n<meta property=\"og:site_name\" content=\"P\u00f3lis Recreio\" \/>\n<meta property=\"article:publisher\" content=\"https:\/\/www.facebook.com\/Site-P%c3%b3lis-Recreio-MG-181941708571019\/\" \/>\n<meta property=\"article:published_time\" content=\"2016-02-08T13:01:28+00:00\" \/>\n<meta property=\"article:modified_time\" content=\"2016-02-11T10:38:28+00:00\" \/>\n<meta property=\"og:image\" content=\"https:\/\/www.polisrecreio.com.br\/site\/wp-content\/uploads\/2016\/02\/12644636_933209643424131_5057629845840905882_n-e1454933820623.jpg\" \/>\n\t<meta property=\"og:image:width\" content=\"800\" \/>\n\t<meta property=\"og:image:height\" content=\"468\" \/>\n<meta name=\"twitter:card\" content=\"summary_large_image\" \/>\n<meta name=\"twitter:creator\" content=\"@PolisRecreio\" \/>\n<meta name=\"twitter:site\" content=\"@PolisRecreio\" \/>\n<meta name=\"twitter:label1\" content=\"Est. reading time\">\n\t<meta name=\"twitter:data1\" content=\"3 minutos\">\n<script type=\"application\/ld+json\" class=\"yoast-schema-graph\">{\"@context\":\"https:\/\/schema.org\",\"@graph\":[{\"@type\":\"WebSite\",\"@id\":\"https:\/\/www.polisrecreio.com.br\/site\/#website\",\"url\":\"https:\/\/www.polisrecreio.com.br\/site\/\",\"name\":\"P\\u00f3lis Recreio\",\"description\":\"\",\"potentialAction\":[{\"@type\":\"SearchAction\",\"target\":\"https:\/\/www.polisrecreio.com.br\/site\/?s={search_term_string}\",\"query-input\":\"required name=search_term_string\"}],\"inLanguage\":\"pt-BR\"},{\"@type\":\"ImageObject\",\"@id\":\"http:\/\/www.polisrecreio.com.br\/site\/2016\/02\/08\/pe-agnaldo-sera-transferido-de-recreio-para-mirai-apos-a-semana-santa\/#primaryimage\",\"inLanguage\":\"pt-BR\",\"url\":\"https:\/\/www.polisrecreio.com.br\/site\/wp-content\/uploads\/2016\/02\/12644636_933209643424131_5057629845840905882_n-e1454933820623.jpg\",\"width\":800,\"height\":468},{\"@type\":\"WebPage\",\"@id\":\"http:\/\/www.polisrecreio.com.br\/site\/2016\/02\/08\/pe-agnaldo-sera-transferido-de-recreio-para-mirai-apos-a-semana-santa\/#webpage\",\"url\":\"http:\/\/www.polisrecreio.com.br\/site\/2016\/02\/08\/pe-agnaldo-sera-transferido-de-recreio-para-mirai-apos-a-semana-santa\/\",\"name\":\"Pe. Agnaldo ser\\u00e1 transferido de Recreio para Mira\\u00ed ap\\u00f3s a semana santa - P\\u00f3lis Recreio\",\"isPartOf\":{\"@id\":\"https:\/\/www.polisrecreio.com.br\/site\/#website\"},\"primaryImageOfPage\":{\"@id\":\"http:\/\/www.polisrecreio.com.br\/site\/2016\/02\/08\/pe-agnaldo-sera-transferido-de-recreio-para-mirai-apos-a-semana-santa\/#primaryimage\"},\"datePublished\":\"2016-02-08T13:01:28+00:00\",\"dateModified\":\"2016-02-11T10:38:28+00:00\",\"author\":{\"@id\":\"https:\/\/www.polisrecreio.com.br\/site\/#\/schema\/person\/3363c1c78e1e28e1329d97adb387638e\"},\"inLanguage\":\"pt-BR\",\"potentialAction\":[{\"@type\":\"ReadAction\",\"target\":[\"http:\/\/www.polisrecreio.com.br\/site\/2016\/02\/08\/pe-agnaldo-sera-transferido-de-recreio-para-mirai-apos-a-semana-santa\/\"]}]},{\"@type\":\"Person\",\"@id\":\"https:\/\/www.polisrecreio.com.br\/site\/#\/schema\/person\/3363c1c78e1e28e1329d97adb387638e\",\"name\":\"Leonardo Ribeiro\",\"image\":{\"@type\":\"ImageObject\",\"@id\":\"https:\/\/www.polisrecreio.com.br\/site\/#personlogo\",\"inLanguage\":\"pt-BR\",\"url\":\"https:\/\/secure.gravatar.com\/avatar\/6ba92a37d621e1a83e23710251178a12?s=96&d=mm&r=g\",\"caption\":\"Leonardo Ribeiro\"},\"sameAs\":[\"http:\/\/www.polisrecreio.com.br\"]}]}<\/script>\n<!-- \/ Yoast SEO plugin. -->","_links":{"self":[{"href":"https:\/\/www.polisrecreio.com.br\/site\/wp-json\/wp\/v2\/posts\/1116"}],"collection":[{"href":"https:\/\/www.polisrecreio.com.br\/site\/wp-json\/wp\/v2\/posts"}],"about":[{"href":"https:\/\/www.polisrecreio.com.br\/site\/wp-json\/wp\/v2\/types\/post"}],"author":[{"embeddable":true,"href":"https:\/\/www.polisrecreio.com.br\/site\/wp-json\/wp\/v2\/users\/3"}],"replies":[{"embeddable":true,"href":"https:\/\/www.polisrecreio.com.br\/site\/wp-json\/wp\/v2\/comments?post=1116"}],"version-history":[{"count":11,"href":"https:\/\/www.polisrecreio.com.br\/site\/wp-json\/wp\/v2\/posts\/1116\/revisions"}],"predecessor-version":[{"id":1129,"href":"https:\/\/www.polisrecreio.com.br\/site\/wp-json\/wp\/v2\/posts\/1116\/revisions\/1129"}],"wp:featuredmedia":[{"embeddable":true,"href":"https:\/\/www.polisrecreio.com.br\/site\/wp-json\/wp\/v2\/media\/1117"}],"wp:attachment":[{"href":"https:\/\/www.polisrecreio.com.br\/site\/wp-json\/wp\/v2\/media?parent=1116"}],"wp:term":[{"taxonomy":"category","embeddable":true,"href":"https:\/\/www.polisrecreio.com.br\/site\/wp-json\/wp\/v2\/categories?post=1116"},{"taxonomy":"post_tag","embeddable":true,"href":"https:\/\/www.polisrecreio.com.br\/site\/wp-json\/wp\/v2\/tags?post=1116"}],"curies":[{"name":"wp","href":"https:\/\/api.w.org\/{rel}","templated":true}]}}