{"id":11188,"date":"2018-09-17T08:40:55","date_gmt":"2018-09-17T11:40:55","guid":{"rendered":"http:\/\/www.polisrecreio.com.br\/site\/?p=11188"},"modified":"2018-09-17T08:40:55","modified_gmt":"2018-09-17T11:40:55","slug":"ideal-perde-primeiro-jogo-da-final-do-regional-sub-11-e-sabado-22-a-decisao-sera-na-vila","status":"publish","type":"post","link":"https:\/\/www.polisrecreio.com.br\/site\/2018\/09\/17\/ideal-perde-primeiro-jogo-da-final-do-regional-sub-11-e-sabado-22-a-decisao-sera-na-vila\/","title":{"rendered":"Ideal perde primeiro jogo da final do Regional sub-11 e s\u00e1bado (22) a decis\u00e3o ser\u00e1 na Vila"},"content":{"rendered":"<p style=\"text-align: justify;\">O Ideal perdeu o primeiro jogo da final do 1\u00ba Campeonato Regional sub-11 da Liga Esportiva de Cataguases, 3X2 para o Cruzeiro, em Muria\u00e9. No s\u00e1bado (22) a decis\u00e3o ser\u00e1 no Est\u00e1dio Alcides Campos \u201cVila\u201d.<\/p>\n<p><!--more--><\/p>\n<p><a href=\"http:\/\/www.polisrecreio.com.br\/site\/wp-content\/uploads\/2018\/09\/40969516_937582393109842_4962840689122476032_n.jpg\"><img loading=\"lazy\" class=\"aligncenter size-full wp-image-11146\" src=\"http:\/\/www.polisrecreio.com.br\/site\/wp-content\/uploads\/2018\/09\/40969516_937582393109842_4962840689122476032_n.jpg\" alt=\"\" width=\"960\" height=\"720\" srcset=\"https:\/\/www.polisrecreio.com.br\/site\/wp-content\/uploads\/2018\/09\/40969516_937582393109842_4962840689122476032_n.jpg 960w, https:\/\/www.polisrecreio.com.br\/site\/wp-content\/uploads\/2018\/09\/40969516_937582393109842_4962840689122476032_n-300x225.jpg 300w, https:\/\/www.polisrecreio.com.br\/site\/wp-content\/uploads\/2018\/09\/40969516_937582393109842_4962840689122476032_n-768x576.jpg 768w\" sizes=\"(max-width: 960px) 100vw, 960px\" \/><\/a><\/p>\n<p style=\"text-align: justify;\">Para levantar o trof\u00e9u de campe\u00e3o 2018 os \u201cmeninos da Vila do Ideal\u201d ter\u00e3o que ganhar no tempo normal, por qualquer placar, e tamb\u00e9m nos p\u00eanaltis.<\/p>\n<p style=\"text-align: justify;\">A grande final do Regional sub-11 ser\u00e1 no pr\u00f3ximo s\u00e1bado, as 16:30h.<\/p>\n","protected":false},"excerpt":{"rendered":"<p>O Ideal perdeu o primeiro jogo da final do 1\u00ba Campeonato Regional sub-11 da Liga Esportiva de Cataguases, 3X2 para o Cruzeiro, em Muria\u00e9. No s\u00e1bado (22) a decis\u00e3o ser\u00e1 no Est\u00e1dio Alcides Campos \u201cVila\u201d.<\/p>\n","protected":false},"author":3,"featured_media":11146,"comment_status":"open","ping_status":"open","sticky":false,"template":"","format":"standard","meta":[],"categories":[4],"tags":[],"yoast_head":"<!-- This site is optimized with the Yoast SEO plugin v15.6.2 - https:\/\/yoast.com\/wordpress\/plugins\/seo\/ -->\n<meta name=\"robots\" content=\"index, follow, max-snippet:-1, max-image-preview:large, max-video-preview:-1\" \/>\n<link rel=\"canonical\" href=\"http:\/\/www.polisrecreio.com.br\/site\/2018\/09\/17\/ideal-perde-primeiro-jogo-da-final-do-regional-sub-11-e-sabado-22-a-decisao-sera-na-vila\/\" \/>\n<meta property=\"og:locale\" content=\"pt_BR\" \/>\n<meta property=\"og:type\" content=\"article\" \/>\n<meta property=\"og:title\" content=\"Ideal perde primeiro jogo da final do Regional sub-11 e s\u00e1bado (22) a decis\u00e3o ser\u00e1 na Vila - P\u00f3lis Recreio\" \/>\n<meta property=\"og:description\" content=\"O Ideal perdeu o primeiro jogo da final do 1\u00ba Campeonato Regional sub-11 da Liga Esportiva de Cataguases, 3X2 para o Cruzeiro, em Muria\u00e9. No s\u00e1bado (22) a decis\u00e3o ser\u00e1 no Est\u00e1dio Alcides Campos \u201cVila\u201d.\" \/>\n<meta property=\"og:url\" content=\"http:\/\/www.polisrecreio.com.br\/site\/2018\/09\/17\/ideal-perde-primeiro-jogo-da-final-do-regional-sub-11-e-sabado-22-a-decisao-sera-na-vila\/\" \/>\n<meta property=\"og:site_name\" content=\"P\u00f3lis Recreio\" \/>\n<meta property=\"article:publisher\" content=\"https:\/\/www.facebook.com\/Site-P%c3%b3lis-Recreio-MG-181941708571019\/\" \/>\n<meta property=\"article:published_time\" content=\"2018-09-17T11:40:55+00:00\" \/>\n<meta property=\"og:image\" content=\"https:\/\/www.polisrecreio.com.br\/site\/wp-content\/uploads\/2018\/09\/40969516_937582393109842_4962840689122476032_n.jpg\" \/>\n\t<meta property=\"og:image:width\" content=\"960\" \/>\n\t<meta property=\"og:image:height\" content=\"720\" \/>\n<meta name=\"twitter:card\" content=\"summary_large_image\" \/>\n<meta name=\"twitter:creator\" content=\"@PolisRecreio\" \/>\n<meta name=\"twitter:site\" content=\"@PolisRecreio\" \/>\n<script type=\"application\/ld+json\" class=\"yoast-schema-graph\">{\"@context\":\"https:\/\/schema.org\",\"@graph\":[{\"@type\":\"WebSite\",\"@id\":\"https:\/\/www.polisrecreio.com.br\/site\/#website\",\"url\":\"https:\/\/www.polisrecreio.com.br\/site\/\",\"name\":\"P\\u00f3lis Recreio\",\"description\":\"\",\"potentialAction\":[{\"@type\":\"SearchAction\",\"target\":\"https:\/\/www.polisrecreio.com.br\/site\/?s={search_term_string}\",\"query-input\":\"required name=search_term_string\"}],\"inLanguage\":\"pt-BR\"},{\"@type\":\"ImageObject\",\"@id\":\"http:\/\/www.polisrecreio.com.br\/site\/2018\/09\/17\/ideal-perde-primeiro-jogo-da-final-do-regional-sub-11-e-sabado-22-a-decisao-sera-na-vila\/#primaryimage\",\"inLanguage\":\"pt-BR\",\"url\":\"https:\/\/www.polisrecreio.com.br\/site\/wp-content\/uploads\/2018\/09\/40969516_937582393109842_4962840689122476032_n.jpg\",\"width\":960,\"height\":720,\"caption\":\"Ideal, categoria sub-11.\"},{\"@type\":\"WebPage\",\"@id\":\"http:\/\/www.polisrecreio.com.br\/site\/2018\/09\/17\/ideal-perde-primeiro-jogo-da-final-do-regional-sub-11-e-sabado-22-a-decisao-sera-na-vila\/#webpage\",\"url\":\"http:\/\/www.polisrecreio.com.br\/site\/2018\/09\/17\/ideal-perde-primeiro-jogo-da-final-do-regional-sub-11-e-sabado-22-a-decisao-sera-na-vila\/\",\"name\":\"Ideal perde primeiro jogo da final do Regional sub-11 e s\\u00e1bado (22) a decis\\u00e3o ser\\u00e1 na Vila - P\\u00f3lis Recreio\",\"isPartOf\":{\"@id\":\"https:\/\/www.polisrecreio.com.br\/site\/#website\"},\"primaryImageOfPage\":{\"@id\":\"http:\/\/www.polisrecreio.com.br\/site\/2018\/09\/17\/ideal-perde-primeiro-jogo-da-final-do-regional-sub-11-e-sabado-22-a-decisao-sera-na-vila\/#primaryimage\"},\"datePublished\":\"2018-09-17T11:40:55+00:00\",\"dateModified\":\"2018-09-17T11:40:55+00:00\",\"author\":{\"@id\":\"https:\/\/www.polisrecreio.com.br\/site\/#\/schema\/person\/3363c1c78e1e28e1329d97adb387638e\"},\"inLanguage\":\"pt-BR\",\"potentialAction\":[{\"@type\":\"ReadAction\",\"target\":[\"http:\/\/www.polisrecreio.com.br\/site\/2018\/09\/17\/ideal-perde-primeiro-jogo-da-final-do-regional-sub-11-e-sabado-22-a-decisao-sera-na-vila\/\"]}]},{\"@type\":\"Person\",\"@id\":\"https:\/\/www.polisrecreio.com.br\/site\/#\/schema\/person\/3363c1c78e1e28e1329d97adb387638e\",\"name\":\"Leonardo Ribeiro\",\"image\":{\"@type\":\"ImageObject\",\"@id\":\"https:\/\/www.polisrecreio.com.br\/site\/#personlogo\",\"inLanguage\":\"pt-BR\",\"url\":\"https:\/\/secure.gravatar.com\/avatar\/6ba92a37d621e1a83e23710251178a12?s=96&d=mm&r=g\",\"caption\":\"Leonardo Ribeiro\"},\"sameAs\":[\"http:\/\/www.polisrecreio.com.br\"]}]}<\/script>\n<!-- \/ Yoast SEO plugin. -->","_links":{"self":[{"href":"https:\/\/www.polisrecreio.com.br\/site\/wp-json\/wp\/v2\/posts\/11188"}],"collection":[{"href":"https:\/\/www.polisrecreio.com.br\/site\/wp-json\/wp\/v2\/posts"}],"about":[{"href":"https:\/\/www.polisrecreio.com.br\/site\/wp-json\/wp\/v2\/types\/post"}],"author":[{"embeddable":true,"href":"https:\/\/www.polisrecreio.com.br\/site\/wp-json\/wp\/v2\/users\/3"}],"replies":[{"embeddable":true,"href":"https:\/\/www.polisrecreio.com.br\/site\/wp-json\/wp\/v2\/comments?post=11188"}],"version-history":[{"count":1,"href":"https:\/\/www.polisrecreio.com.br\/site\/wp-json\/wp\/v2\/posts\/11188\/revisions"}],"predecessor-version":[{"id":11189,"href":"https:\/\/www.polisrecreio.com.br\/site\/wp-json\/wp\/v2\/posts\/11188\/revisions\/11189"}],"wp:featuredmedia":[{"embeddable":true,"href":"https:\/\/www.polisrecreio.com.br\/site\/wp-json\/wp\/v2\/media\/11146"}],"wp:attachment":[{"href":"https:\/\/www.polisrecreio.com.br\/site\/wp-json\/wp\/v2\/media?parent=11188"}],"wp:term":[{"taxonomy":"category","embeddable":true,"href":"https:\/\/www.polisrecreio.com.br\/site\/wp-json\/wp\/v2\/categories?post=11188"},{"taxonomy":"post_tag","embeddable":true,"href":"https:\/\/www.polisrecreio.com.br\/site\/wp-json\/wp\/v2\/tags?post=11188"}],"curies":[{"name":"wp","href":"https:\/\/api.w.org\/{rel}","templated":true}]}}