{"id":11255,"date":"2018-09-25T16:23:06","date_gmt":"2018-09-25T19:23:06","guid":{"rendered":"http:\/\/www.polisrecreio.com.br\/site\/?p=11255"},"modified":"2018-09-25T16:46:55","modified_gmt":"2018-09-25T19:46:55","slug":"pela-22a-vez-prefeito-de-recreio-quitara-salario-do-funcionalismo-de-forma-antecipada","status":"publish","type":"post","link":"https:\/\/www.polisrecreio.com.br\/site\/2018\/09\/25\/pela-22a-vez-prefeito-de-recreio-quitara-salario-do-funcionalismo-de-forma-antecipada\/","title":{"rendered":"Pela 22\u00aa vez: prefeito de Recreio quitar\u00e1 sal\u00e1rio do funcionalismo de forma antecipada"},"content":{"rendered":"<p style=\"text-align: justify;\">Pela 22\u00aa vez o prefeito de Recreio, Jos\u00e9 Maria Barros, quitar\u00e1 a folha salarial do funcionalismo municipal de forma antecipada. O cronograma de setembro come\u00e7a nesta quarta-feira (26) e vai at\u00e9 sexta-feira (28).<\/p>\n<p><!--more--><\/p>\n<p><a href=\"http:\/\/www.polisrecreio.com.br\/site\/wp-content\/uploads\/2018\/09\/DSCN4471.jpg\"><img loading=\"lazy\" class=\"aligncenter size-full wp-image-11256\" src=\"http:\/\/www.polisrecreio.com.br\/site\/wp-content\/uploads\/2018\/09\/DSCN4471.jpg\" alt=\"\" width=\"750\" height=\"484\" srcset=\"https:\/\/www.polisrecreio.com.br\/site\/wp-content\/uploads\/2018\/09\/DSCN4471.jpg 750w, https:\/\/www.polisrecreio.com.br\/site\/wp-content\/uploads\/2018\/09\/DSCN4471-300x194.jpg 300w\" sizes=\"(max-width: 750px) 100vw, 750px\" \/><\/a><\/p>\n<p style=\"text-align: justify;\">Em 21 meses de administra\u00e7\u00e3o o prefeito pagou todos os vencimentos antes do prazo da legisla\u00e7\u00e3o trabalhista, assim como a gratifica\u00e7\u00e3o de Natal de 2017, mais conhecida como 13\u00ba sal\u00e1rio. De acordo com a Consolida\u00e7\u00e3o das Leis do Trabalho \u201cCLT\u201d, o pagamento do sal\u00e1rio mensal deve ser efetuado o mais tardar at\u00e9 o 5\u00ba dia \u00fatil do m\u00eas subsequente ao vencido, ou seja, em setembro todo empregador deve pagar os seus funcion\u00e1rios at\u00e9 dia 5 de outubro.<\/p>\n<p style=\"text-align: justify;\">\u201cMesmo com todas as dificuldades financeiras, que n\u00e3o \u00e9 um problema s\u00f3 de Recreio, mas de todo o Brasil, e ainda com diversos atrasos de repasses estaduais ao Munic\u00edpio, a nossa equipe administrativa mostra a compet\u00eancia e efici\u00eancia na administra\u00e7\u00e3o do dinheiro p\u00fablico. Manter em dia a folha salarial \u00e9 nosso compromisso\u201d, disse Jos\u00e9 Maria Barros.<\/p>\n<p style=\"text-align: justify;\"><strong>Confira o cronograma de setembro<\/strong><\/p>\n<ul>\n<li style=\"text-align: justify;\"><strong>26\/09 \u2013 quarta-feira;<\/strong><\/li>\n<li style=\"text-align: justify;\">Obras, Aposentados, Desenvolvimento Social e Administra\u00e7\u00e3o;<\/li>\n<li style=\"text-align: justify;\"><strong>27\/09 \u2013 quinta-feira;<\/strong><\/li>\n<li style=\"text-align: justify;\">Educa\u00e7\u00e3o;<\/li>\n<li style=\"text-align: justify;\"><strong>28\/09 \u2013 sexta-feira;<\/strong><\/li>\n<li style=\"text-align: justify;\">Sa\u00fade.<\/li>\n<\/ul>\n<p>&nbsp;<\/p>\n","protected":false},"excerpt":{"rendered":"<p>Pela 22\u00aa vez o prefeito de Recreio, Jos\u00e9 Maria Barros, quitar\u00e1 a folha salarial do funcionalismo municipal de forma antecipada. O cronograma de setembro come\u00e7a nesta quarta-feira (26) e vai at\u00e9 sexta-feira (28).<\/p>\n","protected":false},"author":3,"featured_media":11256,"comment_status":"open","ping_status":"open","sticky":false,"template":"","format":"standard","meta":[],"categories":[6],"tags":[],"yoast_head":"<!-- This site is optimized with the Yoast SEO plugin v15.6.2 - https:\/\/yoast.com\/wordpress\/plugins\/seo\/ -->\n<meta name=\"robots\" content=\"index, follow, max-snippet:-1, max-image-preview:large, max-video-preview:-1\" \/>\n<link rel=\"canonical\" href=\"http:\/\/www.polisrecreio.com.br\/site\/2018\/09\/25\/pela-22a-vez-prefeito-de-recreio-quitara-salario-do-funcionalismo-de-forma-antecipada\/\" \/>\n<meta property=\"og:locale\" content=\"pt_BR\" \/>\n<meta property=\"og:type\" content=\"article\" \/>\n<meta property=\"og:title\" content=\"Pela 22\u00aa vez: prefeito de Recreio quitar\u00e1 sal\u00e1rio do funcionalismo de forma antecipada - P\u00f3lis Recreio\" \/>\n<meta property=\"og:description\" content=\"Pela 22\u00aa vez o prefeito de Recreio, Jos\u00e9 Maria Barros, quitar\u00e1 a folha salarial do funcionalismo municipal de forma antecipada. O cronograma de setembro come\u00e7a nesta quarta-feira (26) e vai at\u00e9 sexta-feira (28).\" \/>\n<meta property=\"og:url\" content=\"http:\/\/www.polisrecreio.com.br\/site\/2018\/09\/25\/pela-22a-vez-prefeito-de-recreio-quitara-salario-do-funcionalismo-de-forma-antecipada\/\" \/>\n<meta property=\"og:site_name\" content=\"P\u00f3lis Recreio\" \/>\n<meta property=\"article:publisher\" content=\"https:\/\/www.facebook.com\/Site-P%c3%b3lis-Recreio-MG-181941708571019\/\" \/>\n<meta property=\"article:published_time\" content=\"2018-09-25T19:23:06+00:00\" \/>\n<meta property=\"article:modified_time\" content=\"2018-09-25T19:46:55+00:00\" \/>\n<meta property=\"og:image\" content=\"https:\/\/www.polisrecreio.com.br\/site\/wp-content\/uploads\/2018\/09\/DSCN4471.jpg\" \/>\n\t<meta property=\"og:image:width\" content=\"750\" \/>\n\t<meta property=\"og:image:height\" content=\"484\" \/>\n<meta name=\"twitter:card\" content=\"summary_large_image\" \/>\n<meta name=\"twitter:creator\" content=\"@PolisRecreio\" \/>\n<meta name=\"twitter:site\" content=\"@PolisRecreio\" \/>\n<meta name=\"twitter:label1\" content=\"Est. reading time\">\n\t<meta name=\"twitter:data1\" content=\"1 minuto\">\n<script type=\"application\/ld+json\" class=\"yoast-schema-graph\">{\"@context\":\"https:\/\/schema.org\",\"@graph\":[{\"@type\":\"WebSite\",\"@id\":\"https:\/\/www.polisrecreio.com.br\/site\/#website\",\"url\":\"https:\/\/www.polisrecreio.com.br\/site\/\",\"name\":\"P\\u00f3lis Recreio\",\"description\":\"\",\"potentialAction\":[{\"@type\":\"SearchAction\",\"target\":\"https:\/\/www.polisrecreio.com.br\/site\/?s={search_term_string}\",\"query-input\":\"required name=search_term_string\"}],\"inLanguage\":\"pt-BR\"},{\"@type\":\"ImageObject\",\"@id\":\"http:\/\/www.polisrecreio.com.br\/site\/2018\/09\/25\/pela-22a-vez-prefeito-de-recreio-quitara-salario-do-funcionalismo-de-forma-antecipada\/#primaryimage\",\"inLanguage\":\"pt-BR\",\"url\":\"https:\/\/www.polisrecreio.com.br\/site\/wp-content\/uploads\/2018\/09\/DSCN4471.jpg\",\"width\":750,\"height\":484},{\"@type\":\"WebPage\",\"@id\":\"http:\/\/www.polisrecreio.com.br\/site\/2018\/09\/25\/pela-22a-vez-prefeito-de-recreio-quitara-salario-do-funcionalismo-de-forma-antecipada\/#webpage\",\"url\":\"http:\/\/www.polisrecreio.com.br\/site\/2018\/09\/25\/pela-22a-vez-prefeito-de-recreio-quitara-salario-do-funcionalismo-de-forma-antecipada\/\",\"name\":\"Pela 22\\u00aa vez: prefeito de Recreio quitar\\u00e1 sal\\u00e1rio do funcionalismo de forma antecipada - P\\u00f3lis Recreio\",\"isPartOf\":{\"@id\":\"https:\/\/www.polisrecreio.com.br\/site\/#website\"},\"primaryImageOfPage\":{\"@id\":\"http:\/\/www.polisrecreio.com.br\/site\/2018\/09\/25\/pela-22a-vez-prefeito-de-recreio-quitara-salario-do-funcionalismo-de-forma-antecipada\/#primaryimage\"},\"datePublished\":\"2018-09-25T19:23:06+00:00\",\"dateModified\":\"2018-09-25T19:46:55+00:00\",\"author\":{\"@id\":\"https:\/\/www.polisrecreio.com.br\/site\/#\/schema\/person\/3363c1c78e1e28e1329d97adb387638e\"},\"inLanguage\":\"pt-BR\",\"potentialAction\":[{\"@type\":\"ReadAction\",\"target\":[\"http:\/\/www.polisrecreio.com.br\/site\/2018\/09\/25\/pela-22a-vez-prefeito-de-recreio-quitara-salario-do-funcionalismo-de-forma-antecipada\/\"]}]},{\"@type\":\"Person\",\"@id\":\"https:\/\/www.polisrecreio.com.br\/site\/#\/schema\/person\/3363c1c78e1e28e1329d97adb387638e\",\"name\":\"Leonardo Ribeiro\",\"image\":{\"@type\":\"ImageObject\",\"@id\":\"https:\/\/www.polisrecreio.com.br\/site\/#personlogo\",\"inLanguage\":\"pt-BR\",\"url\":\"https:\/\/secure.gravatar.com\/avatar\/6ba92a37d621e1a83e23710251178a12?s=96&d=mm&r=g\",\"caption\":\"Leonardo Ribeiro\"},\"sameAs\":[\"http:\/\/www.polisrecreio.com.br\"]}]}<\/script>\n<!-- \/ Yoast SEO plugin. -->","_links":{"self":[{"href":"https:\/\/www.polisrecreio.com.br\/site\/wp-json\/wp\/v2\/posts\/11255"}],"collection":[{"href":"https:\/\/www.polisrecreio.com.br\/site\/wp-json\/wp\/v2\/posts"}],"about":[{"href":"https:\/\/www.polisrecreio.com.br\/site\/wp-json\/wp\/v2\/types\/post"}],"author":[{"embeddable":true,"href":"https:\/\/www.polisrecreio.com.br\/site\/wp-json\/wp\/v2\/users\/3"}],"replies":[{"embeddable":true,"href":"https:\/\/www.polisrecreio.com.br\/site\/wp-json\/wp\/v2\/comments?post=11255"}],"version-history":[{"count":5,"href":"https:\/\/www.polisrecreio.com.br\/site\/wp-json\/wp\/v2\/posts\/11255\/revisions"}],"predecessor-version":[{"id":11263,"href":"https:\/\/www.polisrecreio.com.br\/site\/wp-json\/wp\/v2\/posts\/11255\/revisions\/11263"}],"wp:featuredmedia":[{"embeddable":true,"href":"https:\/\/www.polisrecreio.com.br\/site\/wp-json\/wp\/v2\/media\/11256"}],"wp:attachment":[{"href":"https:\/\/www.polisrecreio.com.br\/site\/wp-json\/wp\/v2\/media?parent=11255"}],"wp:term":[{"taxonomy":"category","embeddable":true,"href":"https:\/\/www.polisrecreio.com.br\/site\/wp-json\/wp\/v2\/categories?post=11255"},{"taxonomy":"post_tag","embeddable":true,"href":"https:\/\/www.polisrecreio.com.br\/site\/wp-json\/wp\/v2\/tags?post=11255"}],"curies":[{"name":"wp","href":"https:\/\/api.w.org\/{rel}","templated":true}]}}