{"id":11324,"date":"2018-09-30T19:48:15","date_gmt":"2018-09-30T22:48:15","guid":{"rendered":"http:\/\/www.polisrecreio.com.br\/site\/?p=11324"},"modified":"2018-09-30T19:48:48","modified_gmt":"2018-09-30T22:48:48","slug":"eleicoes-2018-e-titulo-pode-ser-baixado-a-qualquer-momento-ate-o-dia-da-votacao","status":"publish","type":"post","link":"https:\/\/www.polisrecreio.com.br\/site\/2018\/09\/30\/eleicoes-2018-e-titulo-pode-ser-baixado-a-qualquer-momento-ate-o-dia-da-votacao\/","title":{"rendered":"Elei\u00e7\u00f5es 2018: e-T\u00edtulo pode ser baixado a qualquer momento at\u00e9 o dia da vota\u00e7\u00e3o"},"content":{"rendered":"<p style=\"text-align: justify;\">Os eleitores que est\u00e3o em dia com a Justi\u00e7a Eleitoral, mas que por algum motivo perderam a primeira via do t\u00edtulo e n\u00e3o conseguiram a segunda via, podem ficar despreocupados. Isso porque o\u00a0e-T\u00edtulo\u00a0substitui o documento na hora de votar.<\/p>\n<p><!--more--><\/p>\n<p><a href=\"http:\/\/www.polisrecreio.com.br\/site\/wp-content\/uploads\/2018\/09\/a891fca6-ff4f-4594-b432-5ccfeefd2d12.jpeg\"><img loading=\"lazy\" class=\"aligncenter size-full wp-image-11325\" src=\"http:\/\/www.polisrecreio.com.br\/site\/wp-content\/uploads\/2018\/09\/a891fca6-ff4f-4594-b432-5ccfeefd2d12.jpeg\" alt=\"\" width=\"750\" height=\"363\" srcset=\"https:\/\/www.polisrecreio.com.br\/site\/wp-content\/uploads\/2018\/09\/a891fca6-ff4f-4594-b432-5ccfeefd2d12.jpeg 750w, https:\/\/www.polisrecreio.com.br\/site\/wp-content\/uploads\/2018\/09\/a891fca6-ff4f-4594-b432-5ccfeefd2d12-300x145.jpeg 300w\" sizes=\"(max-width: 750px) 100vw, 750px\" \/><\/a><\/p>\n<p style=\"text-align: justify;\">Basta baixar o aplicativo no\u00a0smartphone\u00a0ou\u00a0tablet, dispon\u00edvel para\u00a0<a href=\"http:\/\/www.techtudo.com.br\/tudo-sobre\/iphone-8.html\">iPhone<\/a>\u00a0(<a href=\"http:\/\/www.techtudo.com.br\/tudo-sobre\/ios.html\">iOS<\/a>) e smartphones\u00a0(<a href=\"http:\/\/www.techtudo.com.br\/tudo-sobre\/android.html\">Android<\/a>). O aplicativo apresenta informa\u00e7\u00f5es como dados da zona eleitoral do usu\u00e1rio e a situa\u00e7\u00e3o cadastral do eleitor em tempo real.\u00a0Ap\u00f3s baix\u00e1-lo, \u00e9 s\u00f3 preencher com os dados pessoais.<\/p>\n<p style=\"text-align: justify;\">O aplicativo foi atualizado esta semana e, a partir de agora, tamb\u00e9m permite ao eleitor emitir a certid\u00e3o de quita\u00e7\u00e3o eleitoral, al\u00e9m da certid\u00e3o de crimes eleitorais. Essas certid\u00f5es s\u00e3o emitidas com\u00a0QR Code, o que possibilita a leitura pelo pr\u00f3prio celular.<\/p>\n<p style=\"text-align: justify;\">Importante destacar que \u00e9 necess\u00e1rio preencher os dados pessoais exatamente como eles est\u00e3o no Cadastro Eleitoral. Isso porque, na hora de preencher os dados no aplicativo, se houver preenchimento de alguma informa\u00e7\u00e3o em discord\u00e2ncia com aquela lan\u00e7ada no documento original, o sistema n\u00e3o validar\u00e1 o cadastro. Portanto, \u00e9 preciso estar atento a esse importante detalhe.<\/p>\n<p style=\"text-align: justify;\">Outra informa\u00e7\u00e3o relevante \u00e9 que se o eleitor j\u00e1 tiver feito o recadastramento biom\u00e9trico (cadastro das impress\u00f5es digitais) junto \u00e0 Justi\u00e7a Eleitoral, a vers\u00e3o do\u00a0e-T\u00edtulo\u00a0vir\u00e1 acompanhada da foto do eleitor, o que facilitar\u00e1 a identifica\u00e7\u00e3o na hora do voto. Caso o eleitor ainda n\u00e3o tenha feito o recadastramento biom\u00e9trico, a vers\u00e3o do\u00a0e-T\u00edtulo\u00a0ser\u00e1 baixada sem a foto. Nesse caso, o eleitor est\u00e1 obrigado a levar outro documento oficial com foto para se identificar ao mes\u00e1rio durante a vota\u00e7\u00e3o.<\/p>\n<p style=\"text-align: justify;\">O primeiro turno das Elei\u00e7\u00f5es 2018 ocorrer\u00e1\u00a0no<strong>\u00a0<\/strong>dia 7 de outubro\u00a0e o segundo turno no dia\u00a028 de outubro<strong>.\u00a0<\/strong>Os eleitores podem votar entre\u00a08h e\u00a017h.<\/p>\n<p><em>Com informa\u00e7\u00f5es: TRE-MG.<\/em><\/p>\n","protected":false},"excerpt":{"rendered":"<p>Os eleitores que est\u00e3o em dia com a Justi\u00e7a Eleitoral, mas que por algum motivo perderam a primeira via do t\u00edtulo e n\u00e3o conseguiram a segunda via, podem ficar despreocupados. Isso porque o\u00a0e-T\u00edtulo\u00a0substitui o documento na hora de votar.<\/p>\n","protected":false},"author":3,"featured_media":11325,"comment_status":"open","ping_status":"open","sticky":false,"template":"","format":"standard","meta":[],"categories":[13],"tags":[],"yoast_head":"<!-- This site is optimized with the Yoast SEO plugin v15.6.2 - https:\/\/yoast.com\/wordpress\/plugins\/seo\/ -->\n<meta name=\"robots\" content=\"index, follow, max-snippet:-1, max-image-preview:large, max-video-preview:-1\" \/>\n<link rel=\"canonical\" href=\"https:\/\/www.polisrecreio.com.br\/site\/2018\/09\/30\/eleicoes-2018-e-titulo-pode-ser-baixado-a-qualquer-momento-ate-o-dia-da-votacao\/\" \/>\n<meta property=\"og:locale\" content=\"pt_BR\" \/>\n<meta property=\"og:type\" content=\"article\" \/>\n<meta property=\"og:title\" content=\"Elei\u00e7\u00f5es 2018: e-T\u00edtulo pode ser baixado a qualquer momento at\u00e9 o dia da vota\u00e7\u00e3o - P\u00f3lis Recreio\" \/>\n<meta property=\"og:description\" content=\"Os eleitores que est\u00e3o em dia com a Justi\u00e7a Eleitoral, mas que por algum motivo perderam a primeira via do t\u00edtulo e n\u00e3o conseguiram a segunda via, podem ficar despreocupados. Isso porque o\u00a0e-T\u00edtulo\u00a0substitui o documento na hora de votar.\" \/>\n<meta property=\"og:url\" content=\"https:\/\/www.polisrecreio.com.br\/site\/2018\/09\/30\/eleicoes-2018-e-titulo-pode-ser-baixado-a-qualquer-momento-ate-o-dia-da-votacao\/\" \/>\n<meta property=\"og:site_name\" content=\"P\u00f3lis Recreio\" \/>\n<meta property=\"article:publisher\" content=\"https:\/\/www.facebook.com\/Site-P%c3%b3lis-Recreio-MG-181941708571019\/\" \/>\n<meta property=\"article:published_time\" content=\"2018-09-30T22:48:15+00:00\" \/>\n<meta property=\"article:modified_time\" content=\"2018-09-30T22:48:48+00:00\" \/>\n<meta property=\"og:image\" content=\"https:\/\/www.polisrecreio.com.br\/site\/wp-content\/uploads\/2018\/09\/a891fca6-ff4f-4594-b432-5ccfeefd2d12.jpeg\" \/>\n\t<meta property=\"og:image:width\" content=\"750\" \/>\n\t<meta property=\"og:image:height\" content=\"363\" \/>\n<meta name=\"twitter:card\" content=\"summary_large_image\" \/>\n<meta name=\"twitter:creator\" content=\"@PolisRecreio\" \/>\n<meta name=\"twitter:site\" content=\"@PolisRecreio\" \/>\n<meta name=\"twitter:label1\" content=\"Est. reading time\">\n\t<meta name=\"twitter:data1\" content=\"2 minutos\">\n<script type=\"application\/ld+json\" class=\"yoast-schema-graph\">{\"@context\":\"https:\/\/schema.org\",\"@graph\":[{\"@type\":\"WebSite\",\"@id\":\"https:\/\/www.polisrecreio.com.br\/site\/#website\",\"url\":\"https:\/\/www.polisrecreio.com.br\/site\/\",\"name\":\"P\\u00f3lis Recreio\",\"description\":\"\",\"potentialAction\":[{\"@type\":\"SearchAction\",\"target\":\"https:\/\/www.polisrecreio.com.br\/site\/?s={search_term_string}\",\"query-input\":\"required name=search_term_string\"}],\"inLanguage\":\"pt-BR\"},{\"@type\":\"ImageObject\",\"@id\":\"https:\/\/www.polisrecreio.com.br\/site\/2018\/09\/30\/eleicoes-2018-e-titulo-pode-ser-baixado-a-qualquer-momento-ate-o-dia-da-votacao\/#primaryimage\",\"inLanguage\":\"pt-BR\",\"url\":\"https:\/\/www.polisrecreio.com.br\/site\/wp-content\/uploads\/2018\/09\/a891fca6-ff4f-4594-b432-5ccfeefd2d12.jpeg\",\"width\":750,\"height\":363},{\"@type\":\"WebPage\",\"@id\":\"https:\/\/www.polisrecreio.com.br\/site\/2018\/09\/30\/eleicoes-2018-e-titulo-pode-ser-baixado-a-qualquer-momento-ate-o-dia-da-votacao\/#webpage\",\"url\":\"https:\/\/www.polisrecreio.com.br\/site\/2018\/09\/30\/eleicoes-2018-e-titulo-pode-ser-baixado-a-qualquer-momento-ate-o-dia-da-votacao\/\",\"name\":\"Elei\\u00e7\\u00f5es 2018: e-T\\u00edtulo pode ser baixado a qualquer momento at\\u00e9 o dia da vota\\u00e7\\u00e3o - P\\u00f3lis Recreio\",\"isPartOf\":{\"@id\":\"https:\/\/www.polisrecreio.com.br\/site\/#website\"},\"primaryImageOfPage\":{\"@id\":\"https:\/\/www.polisrecreio.com.br\/site\/2018\/09\/30\/eleicoes-2018-e-titulo-pode-ser-baixado-a-qualquer-momento-ate-o-dia-da-votacao\/#primaryimage\"},\"datePublished\":\"2018-09-30T22:48:15+00:00\",\"dateModified\":\"2018-09-30T22:48:48+00:00\",\"author\":{\"@id\":\"https:\/\/www.polisrecreio.com.br\/site\/#\/schema\/person\/3363c1c78e1e28e1329d97adb387638e\"},\"inLanguage\":\"pt-BR\",\"potentialAction\":[{\"@type\":\"ReadAction\",\"target\":[\"https:\/\/www.polisrecreio.com.br\/site\/2018\/09\/30\/eleicoes-2018-e-titulo-pode-ser-baixado-a-qualquer-momento-ate-o-dia-da-votacao\/\"]}]},{\"@type\":\"Person\",\"@id\":\"https:\/\/www.polisrecreio.com.br\/site\/#\/schema\/person\/3363c1c78e1e28e1329d97adb387638e\",\"name\":\"Leonardo Ribeiro\",\"image\":{\"@type\":\"ImageObject\",\"@id\":\"https:\/\/www.polisrecreio.com.br\/site\/#personlogo\",\"inLanguage\":\"pt-BR\",\"url\":\"https:\/\/secure.gravatar.com\/avatar\/6ba92a37d621e1a83e23710251178a12?s=96&d=mm&r=g\",\"caption\":\"Leonardo Ribeiro\"},\"sameAs\":[\"http:\/\/www.polisrecreio.com.br\"]}]}<\/script>\n<!-- \/ Yoast SEO plugin. -->","_links":{"self":[{"href":"https:\/\/www.polisrecreio.com.br\/site\/wp-json\/wp\/v2\/posts\/11324"}],"collection":[{"href":"https:\/\/www.polisrecreio.com.br\/site\/wp-json\/wp\/v2\/posts"}],"about":[{"href":"https:\/\/www.polisrecreio.com.br\/site\/wp-json\/wp\/v2\/types\/post"}],"author":[{"embeddable":true,"href":"https:\/\/www.polisrecreio.com.br\/site\/wp-json\/wp\/v2\/users\/3"}],"replies":[{"embeddable":true,"href":"https:\/\/www.polisrecreio.com.br\/site\/wp-json\/wp\/v2\/comments?post=11324"}],"version-history":[{"count":2,"href":"https:\/\/www.polisrecreio.com.br\/site\/wp-json\/wp\/v2\/posts\/11324\/revisions"}],"predecessor-version":[{"id":11327,"href":"https:\/\/www.polisrecreio.com.br\/site\/wp-json\/wp\/v2\/posts\/11324\/revisions\/11327"}],"wp:featuredmedia":[{"embeddable":true,"href":"https:\/\/www.polisrecreio.com.br\/site\/wp-json\/wp\/v2\/media\/11325"}],"wp:attachment":[{"href":"https:\/\/www.polisrecreio.com.br\/site\/wp-json\/wp\/v2\/media?parent=11324"}],"wp:term":[{"taxonomy":"category","embeddable":true,"href":"https:\/\/www.polisrecreio.com.br\/site\/wp-json\/wp\/v2\/categories?post=11324"},{"taxonomy":"post_tag","embeddable":true,"href":"https:\/\/www.polisrecreio.com.br\/site\/wp-json\/wp\/v2\/tags?post=11324"}],"curies":[{"name":"wp","href":"https:\/\/api.w.org\/{rel}","templated":true}]}}