{"id":1133,"date":"2016-02-11T08:25:43","date_gmt":"2016-02-11T11:25:43","guid":{"rendered":"http:\/\/www.polisrecreio.com.br\/site\/?p=1133"},"modified":"2016-02-11T08:29:56","modified_gmt":"2016-02-11T11:29:56","slug":"erus-completa-54-carnavais-cantando-aqui-nao-existe-sofrer","status":"publish","type":"post","link":"https:\/\/www.polisrecreio.com.br\/site\/2016\/02\/11\/erus-completa-54-carnavais-cantando-aqui-nao-existe-sofrer\/","title":{"rendered":"ERUS completa 54 carnavais cantando \u201cAqui n\u00e3o existe sofrer\u201d"},"content":{"rendered":"<p style=\"text-align: justify;\">A Escola de Ritmos Unidos do Samba, ou simplesmente a ERUS, completou 54 carnavais na avenida do samba recreiense cantando \u201cAqui n\u00e3o existe sofrer\u201d de Lino Lelis. A agremia\u00e7\u00e3o superou as dificuldades e desfilou nos dois dias da festa.<\/p>\n<p style=\"text-align: justify;\"><!--more--><\/p>\n<figure id=\"attachment_1134\" aria-describedby=\"caption-attachment-1134\" style=\"width: 960px\" class=\"wp-caption aligncenter\"><a href=\"http:\/\/www.polisrecreio.com.br\/site\/wp-content\/uploads\/2016\/02\/12647407_601023363384868_1136532944644287506_n.jpg\"><img loading=\"lazy\" class=\"wp-image-1134 size-full\" src=\"http:\/\/www.polisrecreio.com.br\/site\/wp-content\/uploads\/2016\/02\/12647407_601023363384868_1136532944644287506_n.jpg\" alt=\"12647407_601023363384868_1136532944644287506_n\" width=\"960\" height=\"676\" srcset=\"https:\/\/www.polisrecreio.com.br\/site\/wp-content\/uploads\/2016\/02\/12647407_601023363384868_1136532944644287506_n.jpg 960w, https:\/\/www.polisrecreio.com.br\/site\/wp-content\/uploads\/2016\/02\/12647407_601023363384868_1136532944644287506_n-300x211.jpg 300w\" sizes=\"(max-width: 960px) 100vw, 960px\" \/><\/a><figcaption id=\"caption-attachment-1134\" class=\"wp-caption-text\">Coroa da ERUS. Foto: Pierre de Souza\/Comuni\u00e7\u00e3o PMR.<\/figcaption><\/figure>\n<p style=\"text-align: justify;\">\u201cA ideia de desfilar apenas em uma noite do Carnaval acabou sendo descartada pela dire\u00e7\u00e3o da Escola ap\u00f3s incans\u00e1veis pedidos dos componentes e do p\u00fablico em geral\u201d, disse a diretora Elza Helena.<\/p>\n<figure id=\"attachment_1135\" aria-describedby=\"caption-attachment-1135\" style=\"width: 300px\" class=\"wp-caption alignleft\"><a href=\"http:\/\/www.polisrecreio.com.br\/site\/wp-content\/uploads\/2016\/02\/12715663_601597686660769_2139010249241450370_n.jpg\"><img loading=\"lazy\" class=\"wp-image-1135 size-medium\" src=\"http:\/\/www.polisrecreio.com.br\/site\/wp-content\/uploads\/2016\/02\/12715663_601597686660769_2139010249241450370_n-300x223.jpg\" alt=\"12715663_601597686660769_2139010249241450370_n\" width=\"300\" height=\"223\" srcset=\"https:\/\/www.polisrecreio.com.br\/site\/wp-content\/uploads\/2016\/02\/12715663_601597686660769_2139010249241450370_n-300x223.jpg 300w, https:\/\/www.polisrecreio.com.br\/site\/wp-content\/uploads\/2016\/02\/12715663_601597686660769_2139010249241450370_n.jpg 742w\" sizes=\"(max-width: 300px) 100vw, 300px\" \/><\/a><figcaption id=\"caption-attachment-1135\" class=\"wp-caption-text\">Lino Lelis e Paulinho da ERUS. Foto: Pierre de Souza\/Comunica\u00e7\u00e3o PMR.<\/figcaption><\/figure>\n<p style=\"text-align: justify;\">Na interpreta\u00e7\u00e3o do samba enredo de 2016 estiveram Lino Lelis e Paulinho da ERUS acompanhados da bateria nota 10 do Mestre Nem e de toda empolga\u00e7\u00e3o dos membros da escola que superou todas as dificuldades e fez uma bela apresenta\u00e7\u00e3o nos seus mais de meio s\u00e9culo de hist\u00f3ria.<\/p>\n<p style=\"text-align: justify;\">Com suas cores azul, amarelo e branco, a ERUS \u00e9 uma das agremia\u00e7\u00f5es carnavalescas mais antigas da regi\u00e3o.<\/p>\n<figure id=\"attachment_1136\" aria-describedby=\"caption-attachment-1136\" style=\"width: 960px\" class=\"wp-caption aligncenter\"><a href=\"http:\/\/www.polisrecreio.com.br\/site\/wp-content\/uploads\/2016\/02\/12717177_601023796718158_7677712847484135514_n.jpg\"><img loading=\"lazy\" class=\"wp-image-1136 size-full\" src=\"http:\/\/www.polisrecreio.com.br\/site\/wp-content\/uploads\/2016\/02\/12717177_601023796718158_7677712847484135514_n.jpg\" alt=\"12717177_601023796718158_7677712847484135514_n\" width=\"960\" height=\"528\" srcset=\"https:\/\/www.polisrecreio.com.br\/site\/wp-content\/uploads\/2016\/02\/12717177_601023796718158_7677712847484135514_n.jpg 960w, https:\/\/www.polisrecreio.com.br\/site\/wp-content\/uploads\/2016\/02\/12717177_601023796718158_7677712847484135514_n-300x165.jpg 300w\" sizes=\"(max-width: 960px) 100vw, 960px\" \/><\/a><figcaption id=\"caption-attachment-1136\" class=\"wp-caption-text\">P\u00fablico assistindo a ERUS. Foto: Pierre de Souza\/Comunica\u00e7\u00e3o PMR.<\/figcaption><\/figure>\n<p><a href=\"http:\/\/www.polisrecreio.com.br\/site\/wp-content\/uploads\/2016\/02\/12651030_601597179994153_3987581748205661169_n.jpg\"><img loading=\"lazy\" class=\"alignnone size-medium wp-image-1137\" src=\"http:\/\/www.polisrecreio.com.br\/site\/wp-content\/uploads\/2016\/02\/12651030_601597179994153_3987581748205661169_n-300x241.jpg\" alt=\"12651030_601597179994153_3987581748205661169_n\" width=\"300\" height=\"241\" srcset=\"https:\/\/www.polisrecreio.com.br\/site\/wp-content\/uploads\/2016\/02\/12651030_601597179994153_3987581748205661169_n-300x241.jpg 300w, https:\/\/www.polisrecreio.com.br\/site\/wp-content\/uploads\/2016\/02\/12651030_601597179994153_3987581748205661169_n.jpg 960w\" sizes=\"(max-width: 300px) 100vw, 300px\" \/><\/a>\u00a0 <a href=\"http:\/\/www.polisrecreio.com.br\/site\/wp-content\/uploads\/2016\/02\/12717282_601596916660846_1998558742659560409_n.jpg\"><img loading=\"lazy\" class=\"alignnone wp-image-1138\" src=\"http:\/\/www.polisrecreio.com.br\/site\/wp-content\/uploads\/2016\/02\/12717282_601596916660846_1998558742659560409_n-300x232.jpg\" alt=\"12717282_601596916660846_1998558742659560409_n\" width=\"311\" height=\"240\" srcset=\"https:\/\/www.polisrecreio.com.br\/site\/wp-content\/uploads\/2016\/02\/12717282_601596916660846_1998558742659560409_n-300x232.jpg 300w, https:\/\/www.polisrecreio.com.br\/site\/wp-content\/uploads\/2016\/02\/12717282_601596916660846_1998558742659560409_n.jpg 960w\" sizes=\"(max-width: 311px) 100vw, 311px\" \/><\/a><\/p>\n<p><em>Ou\u00e7a o samba enredo &#8220;Aqui n\u00e3o existe sofrer&#8221;.<\/em><\/p>\n<!--[if lt IE 9]><script>document.createElement('audio');<\/script><![endif]-->\n<audio class=\"wp-audio-shortcode\" id=\"audio-1133-1\" preload=\"none\" style=\"width: 100%;\" controls=\"controls\"><source type=\"audio\/mpeg\" src=\"http:\/\/www.polisrecreio.com.br\/site\/wp-content\/uploads\/2016\/01\/Erus-2016-MP3.mp3.mp3?_=1\" \/><a href=\"http:\/\/www.polisrecreio.com.br\/site\/wp-content\/uploads\/2016\/01\/Erus-2016-MP3.mp3.mp3\">http:\/\/www.polisrecreio.com.br\/site\/wp-content\/uploads\/2016\/01\/Erus-2016-MP3.mp3.mp3<\/a><\/audio>\n","protected":false},"excerpt":{"rendered":"<p>A Escola de Ritmos Unidos do Samba, ou simplesmente a ERUS, completou 54 carnavais na avenida do samba recreiense cantando \u201cAqui n\u00e3o existe sofrer\u201d de Lino Lelis. A agremia\u00e7\u00e3o superou as dificuldades e desfilou nos dois dias da festa.<\/p>\n","protected":false},"author":3,"featured_media":1134,"comment_status":"open","ping_status":"open","sticky":false,"template":"","format":"standard","meta":[],"categories":[2],"tags":[],"yoast_head":"<!-- This site is optimized with the Yoast SEO plugin v15.6.2 - https:\/\/yoast.com\/wordpress\/plugins\/seo\/ -->\n<meta name=\"robots\" content=\"index, follow, max-snippet:-1, max-image-preview:large, max-video-preview:-1\" \/>\n<link rel=\"canonical\" href=\"http:\/\/www.polisrecreio.com.br\/site\/2016\/02\/11\/erus-completa-54-carnavais-cantando-aqui-nao-existe-sofrer\/\" \/>\n<meta property=\"og:locale\" content=\"pt_BR\" \/>\n<meta property=\"og:type\" content=\"article\" \/>\n<meta property=\"og:title\" content=\"ERUS completa 54 carnavais cantando \u201cAqui n\u00e3o existe sofrer\u201d - P\u00f3lis Recreio\" \/>\n<meta property=\"og:description\" content=\"A Escola de Ritmos Unidos do Samba, ou simplesmente a ERUS, completou 54 carnavais na avenida do samba recreiense cantando \u201cAqui n\u00e3o existe sofrer\u201d de Lino Lelis. A agremia\u00e7\u00e3o superou as dificuldades e desfilou nos dois dias da festa.\" \/>\n<meta property=\"og:url\" content=\"http:\/\/www.polisrecreio.com.br\/site\/2016\/02\/11\/erus-completa-54-carnavais-cantando-aqui-nao-existe-sofrer\/\" \/>\n<meta property=\"og:site_name\" content=\"P\u00f3lis Recreio\" \/>\n<meta property=\"article:publisher\" content=\"https:\/\/www.facebook.com\/Site-P%c3%b3lis-Recreio-MG-181941708571019\/\" \/>\n<meta property=\"article:published_time\" content=\"2016-02-11T11:25:43+00:00\" \/>\n<meta property=\"article:modified_time\" content=\"2016-02-11T11:29:56+00:00\" \/>\n<meta property=\"og:image\" content=\"https:\/\/www.polisrecreio.com.br\/site\/wp-content\/uploads\/2016\/02\/12647407_601023363384868_1136532944644287506_n.jpg\" \/>\n\t<meta property=\"og:image:width\" content=\"960\" \/>\n\t<meta property=\"og:image:height\" content=\"676\" \/>\n<meta name=\"twitter:card\" content=\"summary_large_image\" \/>\n<meta name=\"twitter:creator\" content=\"@PolisRecreio\" \/>\n<meta name=\"twitter:site\" content=\"@PolisRecreio\" \/>\n<meta name=\"twitter:label1\" content=\"Est. reading time\">\n\t<meta name=\"twitter:data1\" content=\"1 minuto\">\n<script type=\"application\/ld+json\" class=\"yoast-schema-graph\">{\"@context\":\"https:\/\/schema.org\",\"@graph\":[{\"@type\":\"WebSite\",\"@id\":\"https:\/\/www.polisrecreio.com.br\/site\/#website\",\"url\":\"https:\/\/www.polisrecreio.com.br\/site\/\",\"name\":\"P\\u00f3lis Recreio\",\"description\":\"\",\"potentialAction\":[{\"@type\":\"SearchAction\",\"target\":\"https:\/\/www.polisrecreio.com.br\/site\/?s={search_term_string}\",\"query-input\":\"required name=search_term_string\"}],\"inLanguage\":\"pt-BR\"},{\"@type\":\"ImageObject\",\"@id\":\"http:\/\/www.polisrecreio.com.br\/site\/2016\/02\/11\/erus-completa-54-carnavais-cantando-aqui-nao-existe-sofrer\/#primaryimage\",\"inLanguage\":\"pt-BR\",\"url\":\"https:\/\/www.polisrecreio.com.br\/site\/wp-content\/uploads\/2016\/02\/12647407_601023363384868_1136532944644287506_n.jpg\",\"width\":960,\"height\":676},{\"@type\":\"WebPage\",\"@id\":\"http:\/\/www.polisrecreio.com.br\/site\/2016\/02\/11\/erus-completa-54-carnavais-cantando-aqui-nao-existe-sofrer\/#webpage\",\"url\":\"http:\/\/www.polisrecreio.com.br\/site\/2016\/02\/11\/erus-completa-54-carnavais-cantando-aqui-nao-existe-sofrer\/\",\"name\":\"ERUS completa 54 carnavais cantando \\u201cAqui n\\u00e3o existe sofrer\\u201d - P\\u00f3lis Recreio\",\"isPartOf\":{\"@id\":\"https:\/\/www.polisrecreio.com.br\/site\/#website\"},\"primaryImageOfPage\":{\"@id\":\"http:\/\/www.polisrecreio.com.br\/site\/2016\/02\/11\/erus-completa-54-carnavais-cantando-aqui-nao-existe-sofrer\/#primaryimage\"},\"datePublished\":\"2016-02-11T11:25:43+00:00\",\"dateModified\":\"2016-02-11T11:29:56+00:00\",\"author\":{\"@id\":\"https:\/\/www.polisrecreio.com.br\/site\/#\/schema\/person\/3363c1c78e1e28e1329d97adb387638e\"},\"inLanguage\":\"pt-BR\",\"potentialAction\":[{\"@type\":\"ReadAction\",\"target\":[\"http:\/\/www.polisrecreio.com.br\/site\/2016\/02\/11\/erus-completa-54-carnavais-cantando-aqui-nao-existe-sofrer\/\"]}]},{\"@type\":\"Person\",\"@id\":\"https:\/\/www.polisrecreio.com.br\/site\/#\/schema\/person\/3363c1c78e1e28e1329d97adb387638e\",\"name\":\"Leonardo Ribeiro\",\"image\":{\"@type\":\"ImageObject\",\"@id\":\"https:\/\/www.polisrecreio.com.br\/site\/#personlogo\",\"inLanguage\":\"pt-BR\",\"url\":\"https:\/\/secure.gravatar.com\/avatar\/6ba92a37d621e1a83e23710251178a12?s=96&d=mm&r=g\",\"caption\":\"Leonardo Ribeiro\"},\"sameAs\":[\"http:\/\/www.polisrecreio.com.br\"]}]}<\/script>\n<!-- \/ Yoast SEO plugin. -->","_links":{"self":[{"href":"https:\/\/www.polisrecreio.com.br\/site\/wp-json\/wp\/v2\/posts\/1133"}],"collection":[{"href":"https:\/\/www.polisrecreio.com.br\/site\/wp-json\/wp\/v2\/posts"}],"about":[{"href":"https:\/\/www.polisrecreio.com.br\/site\/wp-json\/wp\/v2\/types\/post"}],"author":[{"embeddable":true,"href":"https:\/\/www.polisrecreio.com.br\/site\/wp-json\/wp\/v2\/users\/3"}],"replies":[{"embeddable":true,"href":"https:\/\/www.polisrecreio.com.br\/site\/wp-json\/wp\/v2\/comments?post=1133"}],"version-history":[{"count":5,"href":"https:\/\/www.polisrecreio.com.br\/site\/wp-json\/wp\/v2\/posts\/1133\/revisions"}],"predecessor-version":[{"id":1143,"href":"https:\/\/www.polisrecreio.com.br\/site\/wp-json\/wp\/v2\/posts\/1133\/revisions\/1143"}],"wp:featuredmedia":[{"embeddable":true,"href":"https:\/\/www.polisrecreio.com.br\/site\/wp-json\/wp\/v2\/media\/1134"}],"wp:attachment":[{"href":"https:\/\/www.polisrecreio.com.br\/site\/wp-json\/wp\/v2\/media?parent=1133"}],"wp:term":[{"taxonomy":"category","embeddable":true,"href":"https:\/\/www.polisrecreio.com.br\/site\/wp-json\/wp\/v2\/categories?post=1133"},{"taxonomy":"post_tag","embeddable":true,"href":"https:\/\/www.polisrecreio.com.br\/site\/wp-json\/wp\/v2\/tags?post=1133"}],"curies":[{"name":"wp","href":"https:\/\/api.w.org\/{rel}","templated":true}]}}