{"id":1144,"date":"2016-02-11T18:54:40","date_gmt":"2016-02-11T21:54:40","guid":{"rendered":"http:\/\/www.polisrecreio.com.br\/site\/?p=1144"},"modified":"2016-02-11T19:06:58","modified_gmt":"2016-02-11T22:06:58","slug":"grsleopoldina-aprova-reforma-do-centro-cirurgico-do-hospital-sao-sebastiao","status":"publish","type":"post","link":"https:\/\/www.polisrecreio.com.br\/site\/2016\/02\/11\/grsleopoldina-aprova-reforma-do-centro-cirurgico-do-hospital-sao-sebastiao\/","title":{"rendered":"GRS\/Leopoldina aprova reforma do centro cir\u00fargico do Hospital S\u00e3o Sebasti\u00e3o"},"content":{"rendered":"<p style=\"text-align: justify;\">Cinco meses depois de comunicar a suspens\u00e3o das atividades do centro cir\u00fargico, por conta de irregularidades constatadas pela Vigil\u00e2ncia Sanit\u00e1ria da Ger\u00eancia Regional de Sa\u00fade de Leopoldina, o Hospital S\u00e3o Sebasti\u00e3o recebeu hoje (11) pela manh\u00e3 a vistoria da equipe t\u00e9cnica da GRS que aprovou a reforma realizada pela Prefeitura Municipal.<\/p>\n<p style=\"text-align: justify;\"><!--more--><\/p>\n<figure id=\"attachment_1145\" aria-describedby=\"caption-attachment-1145\" style=\"width: 785px\" class=\"wp-caption aligncenter\"><a href=\"http:\/\/www.polisrecreio.com.br\/site\/wp-content\/uploads\/2016\/02\/centro-cir\u00fargico.jpg\"><img loading=\"lazy\" class=\"wp-image-1145 size-full\" src=\"http:\/\/www.polisrecreio.com.br\/site\/wp-content\/uploads\/2016\/02\/centro-cir\u00fargico.jpg\" alt=\"centro cir\u00fargico\" width=\"785\" height=\"474\" srcset=\"https:\/\/www.polisrecreio.com.br\/site\/wp-content\/uploads\/2016\/02\/centro-cir\u00fargico.jpg 785w, https:\/\/www.polisrecreio.com.br\/site\/wp-content\/uploads\/2016\/02\/centro-cir\u00fargico-300x181.jpg 300w\" sizes=\"(max-width: 785px) 100vw, 785px\" \/><\/a><figcaption id=\"caption-attachment-1145\" class=\"wp-caption-text\">Novo centro cir\u00fargico.<\/figcaption><\/figure>\n<p style=\"text-align: justify;\">\u201cAo todo foram gastos no centro cir\u00fargico R$ 35 mil para adequar as exig\u00eancias da Vigil\u00e2ncia Sanit\u00e1ria com obras realizadas entre os meses de outubro, novembro e dezembro, em seguida adquirimos tamb\u00e9m uma lavadora ultrass\u00f4nica no valor de R$ 5 mil. Somando tudo a Prefeitura destinou R$ 40 mil de recursos pr\u00f3prios do Munic\u00edpio\u201d, disse o prefeito de Recreio, \u00d4nio Fialho Miranda \u201cOninho\u201d, ao Site P\u00f3lis.<\/p>\n<p style=\"text-align: justify;\">Segundo o enfermeiro do Hospital, Carlos Roberto A. Ferreira, nos pr\u00f3ximos dias o centro cir\u00fargico j\u00e1 estar\u00e1 com o seu funcionamento normalizado, recebendo pacientes de Recreio e regi\u00e3o.<\/p>\n<p style=\"text-align: justify;\">Informa\u00e7\u00f5es sobre marca\u00e7\u00e3o de cirurgias eletivas e de partos poder\u00e3o ser obtidas pelo telefone (32) 3444-1918.<\/p>\n","protected":false},"excerpt":{"rendered":"<p>Cinco meses depois de comunicar a suspens\u00e3o das atividades do centro cir\u00fargico, por conta de irregularidades constatadas pela Vigil\u00e2ncia Sanit\u00e1ria da Ger\u00eancia Regional de Sa\u00fade de Leopoldina, o Hospital S\u00e3o Sebasti\u00e3o recebeu hoje (11) pela manh\u00e3 a vistoria da equipe t\u00e9cnica da GRS que aprovou a reforma realizada pela Prefeitura Municipal.<\/p>\n","protected":false},"author":3,"featured_media":1145,"comment_status":"open","ping_status":"open","sticky":false,"template":"","format":"standard","meta":[],"categories":[7],"tags":[],"yoast_head":"<!-- This site is optimized with the Yoast SEO plugin v15.6.2 - https:\/\/yoast.com\/wordpress\/plugins\/seo\/ -->\n<meta name=\"robots\" content=\"index, follow, max-snippet:-1, max-image-preview:large, max-video-preview:-1\" \/>\n<link rel=\"canonical\" href=\"https:\/\/www.polisrecreio.com.br\/site\/2016\/02\/11\/grsleopoldina-aprova-reforma-do-centro-cirurgico-do-hospital-sao-sebastiao\/\" \/>\n<meta property=\"og:locale\" content=\"pt_BR\" \/>\n<meta property=\"og:type\" content=\"article\" \/>\n<meta property=\"og:title\" content=\"GRS\/Leopoldina aprova reforma do centro cir\u00fargico do Hospital S\u00e3o Sebasti\u00e3o - P\u00f3lis Recreio\" \/>\n<meta property=\"og:description\" content=\"Cinco meses depois de comunicar a suspens\u00e3o das atividades do centro cir\u00fargico, por conta de irregularidades constatadas pela Vigil\u00e2ncia Sanit\u00e1ria da Ger\u00eancia Regional de Sa\u00fade de Leopoldina, o Hospital S\u00e3o Sebasti\u00e3o recebeu hoje (11) pela manh\u00e3 a vistoria da equipe t\u00e9cnica da GRS que aprovou a reforma realizada pela Prefeitura Municipal.\" \/>\n<meta property=\"og:url\" content=\"https:\/\/www.polisrecreio.com.br\/site\/2016\/02\/11\/grsleopoldina-aprova-reforma-do-centro-cirurgico-do-hospital-sao-sebastiao\/\" \/>\n<meta property=\"og:site_name\" content=\"P\u00f3lis Recreio\" \/>\n<meta property=\"article:publisher\" content=\"https:\/\/www.facebook.com\/Site-P%c3%b3lis-Recreio-MG-181941708571019\/\" \/>\n<meta property=\"article:published_time\" content=\"2016-02-11T21:54:40+00:00\" \/>\n<meta property=\"article:modified_time\" content=\"2016-02-11T22:06:58+00:00\" \/>\n<meta property=\"og:image\" content=\"https:\/\/www.polisrecreio.com.br\/site\/wp-content\/uploads\/2016\/02\/centro-cir\u00fargico.jpg\" \/>\n\t<meta property=\"og:image:width\" content=\"785\" \/>\n\t<meta property=\"og:image:height\" content=\"474\" \/>\n<meta name=\"twitter:card\" content=\"summary_large_image\" \/>\n<meta name=\"twitter:creator\" content=\"@PolisRecreio\" \/>\n<meta name=\"twitter:site\" content=\"@PolisRecreio\" \/>\n<meta name=\"twitter:label1\" content=\"Est. reading time\">\n\t<meta name=\"twitter:data1\" content=\"1 minuto\">\n<script type=\"application\/ld+json\" class=\"yoast-schema-graph\">{\"@context\":\"https:\/\/schema.org\",\"@graph\":[{\"@type\":\"WebSite\",\"@id\":\"https:\/\/www.polisrecreio.com.br\/site\/#website\",\"url\":\"https:\/\/www.polisrecreio.com.br\/site\/\",\"name\":\"P\\u00f3lis Recreio\",\"description\":\"\",\"potentialAction\":[{\"@type\":\"SearchAction\",\"target\":\"https:\/\/www.polisrecreio.com.br\/site\/?s={search_term_string}\",\"query-input\":\"required name=search_term_string\"}],\"inLanguage\":\"pt-BR\"},{\"@type\":\"ImageObject\",\"@id\":\"https:\/\/www.polisrecreio.com.br\/site\/2016\/02\/11\/grsleopoldina-aprova-reforma-do-centro-cirurgico-do-hospital-sao-sebastiao\/#primaryimage\",\"inLanguage\":\"pt-BR\",\"url\":\"https:\/\/www.polisrecreio.com.br\/site\/wp-content\/uploads\/2016\/02\/centro-cir\\u00fargico.jpg\",\"width\":785,\"height\":474},{\"@type\":\"WebPage\",\"@id\":\"https:\/\/www.polisrecreio.com.br\/site\/2016\/02\/11\/grsleopoldina-aprova-reforma-do-centro-cirurgico-do-hospital-sao-sebastiao\/#webpage\",\"url\":\"https:\/\/www.polisrecreio.com.br\/site\/2016\/02\/11\/grsleopoldina-aprova-reforma-do-centro-cirurgico-do-hospital-sao-sebastiao\/\",\"name\":\"GRS\/Leopoldina aprova reforma do centro cir\\u00fargico do Hospital S\\u00e3o Sebasti\\u00e3o - P\\u00f3lis Recreio\",\"isPartOf\":{\"@id\":\"https:\/\/www.polisrecreio.com.br\/site\/#website\"},\"primaryImageOfPage\":{\"@id\":\"https:\/\/www.polisrecreio.com.br\/site\/2016\/02\/11\/grsleopoldina-aprova-reforma-do-centro-cirurgico-do-hospital-sao-sebastiao\/#primaryimage\"},\"datePublished\":\"2016-02-11T21:54:40+00:00\",\"dateModified\":\"2016-02-11T22:06:58+00:00\",\"author\":{\"@id\":\"https:\/\/www.polisrecreio.com.br\/site\/#\/schema\/person\/3363c1c78e1e28e1329d97adb387638e\"},\"inLanguage\":\"pt-BR\",\"potentialAction\":[{\"@type\":\"ReadAction\",\"target\":[\"https:\/\/www.polisrecreio.com.br\/site\/2016\/02\/11\/grsleopoldina-aprova-reforma-do-centro-cirurgico-do-hospital-sao-sebastiao\/\"]}]},{\"@type\":\"Person\",\"@id\":\"https:\/\/www.polisrecreio.com.br\/site\/#\/schema\/person\/3363c1c78e1e28e1329d97adb387638e\",\"name\":\"Leonardo Ribeiro\",\"image\":{\"@type\":\"ImageObject\",\"@id\":\"https:\/\/www.polisrecreio.com.br\/site\/#personlogo\",\"inLanguage\":\"pt-BR\",\"url\":\"https:\/\/secure.gravatar.com\/avatar\/6ba92a37d621e1a83e23710251178a12?s=96&d=mm&r=g\",\"caption\":\"Leonardo Ribeiro\"},\"sameAs\":[\"http:\/\/www.polisrecreio.com.br\"]}]}<\/script>\n<!-- \/ Yoast SEO plugin. -->","_links":{"self":[{"href":"https:\/\/www.polisrecreio.com.br\/site\/wp-json\/wp\/v2\/posts\/1144"}],"collection":[{"href":"https:\/\/www.polisrecreio.com.br\/site\/wp-json\/wp\/v2\/posts"}],"about":[{"href":"https:\/\/www.polisrecreio.com.br\/site\/wp-json\/wp\/v2\/types\/post"}],"author":[{"embeddable":true,"href":"https:\/\/www.polisrecreio.com.br\/site\/wp-json\/wp\/v2\/users\/3"}],"replies":[{"embeddable":true,"href":"https:\/\/www.polisrecreio.com.br\/site\/wp-json\/wp\/v2\/comments?post=1144"}],"version-history":[{"count":5,"href":"https:\/\/www.polisrecreio.com.br\/site\/wp-json\/wp\/v2\/posts\/1144\/revisions"}],"predecessor-version":[{"id":1150,"href":"https:\/\/www.polisrecreio.com.br\/site\/wp-json\/wp\/v2\/posts\/1144\/revisions\/1150"}],"wp:featuredmedia":[{"embeddable":true,"href":"https:\/\/www.polisrecreio.com.br\/site\/wp-json\/wp\/v2\/media\/1145"}],"wp:attachment":[{"href":"https:\/\/www.polisrecreio.com.br\/site\/wp-json\/wp\/v2\/media?parent=1144"}],"wp:term":[{"taxonomy":"category","embeddable":true,"href":"https:\/\/www.polisrecreio.com.br\/site\/wp-json\/wp\/v2\/categories?post=1144"},{"taxonomy":"post_tag","embeddable":true,"href":"https:\/\/www.polisrecreio.com.br\/site\/wp-json\/wp\/v2\/tags?post=1144"}],"curies":[{"name":"wp","href":"https:\/\/api.w.org\/{rel}","templated":true}]}}