{"id":1151,"date":"2016-02-12T17:46:10","date_gmt":"2016-02-12T20:46:10","guid":{"rendered":"http:\/\/www.polisrecreio.com.br\/site\/?p=1151"},"modified":"2016-02-12T17:46:10","modified_gmt":"2016-02-12T20:46:10","slug":"cidades-da-regiao-receberao-apoio-de-militares-no-combate-ao-aedes-aegypti","status":"publish","type":"post","link":"https:\/\/www.polisrecreio.com.br\/site\/2016\/02\/12\/cidades-da-regiao-receberao-apoio-de-militares-no-combate-ao-aedes-aegypti\/","title":{"rendered":"Cidades da regi\u00e3o receber\u00e3o apoio de militares no combate ao Aedes Aegypti"},"content":{"rendered":"<p style=\"text-align: justify;\">Neste s\u00e1bado (13) acontece a mobiliza\u00e7\u00e3o nacional de combate ao mosquito Aedes Aegypti com a participa\u00e7\u00e3o de mais 200 mil militares da Marinha, Ex\u00e9rcito e Aeron\u00e1utica, em 350 cidades consideradas end\u00eamicas de acordo com indica\u00e7\u00e3o do Minist\u00e9rio da Sa\u00fade. Na regi\u00e3o da zona da mata mineira, Leopoldina, Cataguases, Ub\u00e1 e Juiz de Fora receber\u00e3o o mutir\u00e3o.<\/p>\n<p style=\"text-align: justify;\"><!--more--><\/p>\n<p style=\"text-align: justify;\"><a href=\"http:\/\/www.polisrecreio.com.br\/site\/wp-content\/uploads\/2016\/02\/dengue.jpg\"><img loading=\"lazy\" class=\"aligncenter wp-image-1152 size-full\" src=\"http:\/\/www.polisrecreio.com.br\/site\/wp-content\/uploads\/2016\/02\/dengue.jpg\" alt=\"dengue\" width=\"620\" height=\"465\" srcset=\"https:\/\/www.polisrecreio.com.br\/site\/wp-content\/uploads\/2016\/02\/dengue.jpg 620w, https:\/\/www.polisrecreio.com.br\/site\/wp-content\/uploads\/2016\/02\/dengue-300x225.jpg 300w\" sizes=\"(max-width: 620px) 100vw, 620px\" \/><\/a><\/p>\n<p style=\"text-align: justify;\">Essa a\u00e7\u00e3o faz parte da segunda etapa da campanha criada pelo Governo Federal contra o mosquito transmissor da dengue, da febre chikungunya e do zika v\u00edrus. Na primeira, no final de janeiro, as For\u00e7as Armadas realizaram um mutir\u00e3o de limpeza em mais de 1 mil unidades militares espalhadas pelo Pa\u00eds.<\/p>\n<p style=\"text-align: justify;\">O cronograma da campanha prev\u00ea tamb\u00e9m entre os dias 15 e 18 a a\u00e7\u00e3o de militares em conjunto com agentes de sa\u00fade com a visita\u00e7\u00e3o de resid\u00eancias no objetivo de eliminar locais prop\u00edcios a criadouros do mosquito, e por fim entre 19 de fevereiro e 4 de mar\u00e7o as escolas p\u00fablicas receber\u00e3o palestras dos homens e mulheres das For\u00e7as Armadas sobre a necessidade de combater o Aedes Aegypti.<\/p>\n<p style=\"text-align: justify;\"><em>Com informa\u00e7\u00f5es do Portal Brasil.<\/em><\/p>\n<p style=\"text-align: justify;\"><strong>Em Recreio, Prefeitura far\u00e1 a\u00e7\u00e3o dia 19 de mar\u00e7o<\/strong><\/p>\n<p style=\"text-align: justify;\">Em Recreio, com mais de 100 notifica\u00e7\u00f5es suspeitas da dengue s\u00f3 neste in\u00edcio de 2016 a Prefeitura Municipal atrav\u00e9s da Secretaria Municipal de Sa\u00fade e a Vigil\u00e2ncia Epidemiol\u00f3gica estar\u00e1 realizando uma a\u00e7\u00e3o de combate \u00e0 dengue dia 19 de mar\u00e7o no Largo Santo Ant\u00f4nio.<\/p>\n<p style=\"text-align: justify;\">O objetivo da a\u00e7\u00e3o ser\u00e1 recolher, com a ajuda da popula\u00e7\u00e3o, os materiais que possam servir de focos do mosquito. Na sequ\u00eancia os materiais ser\u00e3o trocados por cupons e no final do evento os participantes concorrer\u00e3o a v\u00e1rios pr\u00eamios.<\/p>\n","protected":false},"excerpt":{"rendered":"<p>Neste s\u00e1bado (13) acontece a mobiliza\u00e7\u00e3o nacional de combate ao mosquito Aedes Aegypti com a participa\u00e7\u00e3o de mais 200 mil militares da Marinha, Ex\u00e9rcito e Aeron\u00e1utica, em 350 cidades consideradas end\u00eamicas de acordo com indica\u00e7\u00e3o do Minist\u00e9rio da Sa\u00fade. Na regi\u00e3o da zona da mata mineira, Leopoldina, Cataguases, Ub\u00e1 e Juiz de Fora receber\u00e3o o [&hellip;]<\/p>\n","protected":false},"author":3,"featured_media":1152,"comment_status":"open","ping_status":"open","sticky":false,"template":"","format":"standard","meta":[],"categories":[7],"tags":[],"yoast_head":"<!-- This site is optimized with the Yoast SEO plugin v15.6.2 - https:\/\/yoast.com\/wordpress\/plugins\/seo\/ -->\n<meta name=\"robots\" content=\"index, follow, max-snippet:-1, max-image-preview:large, max-video-preview:-1\" \/>\n<link rel=\"canonical\" href=\"https:\/\/www.polisrecreio.com.br\/site\/2016\/02\/12\/cidades-da-regiao-receberao-apoio-de-militares-no-combate-ao-aedes-aegypti\/\" \/>\n<meta property=\"og:locale\" content=\"pt_BR\" \/>\n<meta property=\"og:type\" content=\"article\" \/>\n<meta property=\"og:title\" content=\"Cidades da regi\u00e3o receber\u00e3o apoio de militares no combate ao Aedes Aegypti - P\u00f3lis Recreio\" \/>\n<meta property=\"og:description\" content=\"Neste s\u00e1bado (13) acontece a mobiliza\u00e7\u00e3o nacional de combate ao mosquito Aedes Aegypti com a participa\u00e7\u00e3o de mais 200 mil militares da Marinha, Ex\u00e9rcito e Aeron\u00e1utica, em 350 cidades consideradas end\u00eamicas de acordo com indica\u00e7\u00e3o do Minist\u00e9rio da Sa\u00fade. Na regi\u00e3o da zona da mata mineira, Leopoldina, Cataguases, Ub\u00e1 e Juiz de Fora receber\u00e3o o [&hellip;]\" \/>\n<meta property=\"og:url\" content=\"https:\/\/www.polisrecreio.com.br\/site\/2016\/02\/12\/cidades-da-regiao-receberao-apoio-de-militares-no-combate-ao-aedes-aegypti\/\" \/>\n<meta property=\"og:site_name\" content=\"P\u00f3lis Recreio\" \/>\n<meta property=\"article:publisher\" content=\"https:\/\/www.facebook.com\/Site-P%c3%b3lis-Recreio-MG-181941708571019\/\" \/>\n<meta property=\"article:published_time\" content=\"2016-02-12T20:46:10+00:00\" \/>\n<meta property=\"og:image\" content=\"https:\/\/www.polisrecreio.com.br\/site\/wp-content\/uploads\/2016\/02\/dengue.jpg\" \/>\n\t<meta property=\"og:image:width\" content=\"620\" \/>\n\t<meta property=\"og:image:height\" content=\"465\" \/>\n<meta name=\"twitter:card\" content=\"summary_large_image\" \/>\n<meta name=\"twitter:creator\" content=\"@PolisRecreio\" \/>\n<meta name=\"twitter:site\" content=\"@PolisRecreio\" \/>\n<meta name=\"twitter:label1\" content=\"Est. reading time\">\n\t<meta name=\"twitter:data1\" content=\"2 minutos\">\n<script type=\"application\/ld+json\" class=\"yoast-schema-graph\">{\"@context\":\"https:\/\/schema.org\",\"@graph\":[{\"@type\":\"WebSite\",\"@id\":\"https:\/\/www.polisrecreio.com.br\/site\/#website\",\"url\":\"https:\/\/www.polisrecreio.com.br\/site\/\",\"name\":\"P\\u00f3lis Recreio\",\"description\":\"\",\"potentialAction\":[{\"@type\":\"SearchAction\",\"target\":\"https:\/\/www.polisrecreio.com.br\/site\/?s={search_term_string}\",\"query-input\":\"required name=search_term_string\"}],\"inLanguage\":\"pt-BR\"},{\"@type\":\"ImageObject\",\"@id\":\"https:\/\/www.polisrecreio.com.br\/site\/2016\/02\/12\/cidades-da-regiao-receberao-apoio-de-militares-no-combate-ao-aedes-aegypti\/#primaryimage\",\"inLanguage\":\"pt-BR\",\"url\":\"https:\/\/www.polisrecreio.com.br\/site\/wp-content\/uploads\/2016\/02\/dengue.jpg\",\"width\":620,\"height\":465},{\"@type\":\"WebPage\",\"@id\":\"https:\/\/www.polisrecreio.com.br\/site\/2016\/02\/12\/cidades-da-regiao-receberao-apoio-de-militares-no-combate-ao-aedes-aegypti\/#webpage\",\"url\":\"https:\/\/www.polisrecreio.com.br\/site\/2016\/02\/12\/cidades-da-regiao-receberao-apoio-de-militares-no-combate-ao-aedes-aegypti\/\",\"name\":\"Cidades da regi\\u00e3o receber\\u00e3o apoio de militares no combate ao Aedes Aegypti - P\\u00f3lis Recreio\",\"isPartOf\":{\"@id\":\"https:\/\/www.polisrecreio.com.br\/site\/#website\"},\"primaryImageOfPage\":{\"@id\":\"https:\/\/www.polisrecreio.com.br\/site\/2016\/02\/12\/cidades-da-regiao-receberao-apoio-de-militares-no-combate-ao-aedes-aegypti\/#primaryimage\"},\"datePublished\":\"2016-02-12T20:46:10+00:00\",\"dateModified\":\"2016-02-12T20:46:10+00:00\",\"author\":{\"@id\":\"https:\/\/www.polisrecreio.com.br\/site\/#\/schema\/person\/3363c1c78e1e28e1329d97adb387638e\"},\"inLanguage\":\"pt-BR\",\"potentialAction\":[{\"@type\":\"ReadAction\",\"target\":[\"https:\/\/www.polisrecreio.com.br\/site\/2016\/02\/12\/cidades-da-regiao-receberao-apoio-de-militares-no-combate-ao-aedes-aegypti\/\"]}]},{\"@type\":\"Person\",\"@id\":\"https:\/\/www.polisrecreio.com.br\/site\/#\/schema\/person\/3363c1c78e1e28e1329d97adb387638e\",\"name\":\"Leonardo Ribeiro\",\"image\":{\"@type\":\"ImageObject\",\"@id\":\"https:\/\/www.polisrecreio.com.br\/site\/#personlogo\",\"inLanguage\":\"pt-BR\",\"url\":\"https:\/\/secure.gravatar.com\/avatar\/6ba92a37d621e1a83e23710251178a12?s=96&d=mm&r=g\",\"caption\":\"Leonardo Ribeiro\"},\"sameAs\":[\"http:\/\/www.polisrecreio.com.br\"]}]}<\/script>\n<!-- \/ Yoast SEO plugin. -->","_links":{"self":[{"href":"https:\/\/www.polisrecreio.com.br\/site\/wp-json\/wp\/v2\/posts\/1151"}],"collection":[{"href":"https:\/\/www.polisrecreio.com.br\/site\/wp-json\/wp\/v2\/posts"}],"about":[{"href":"https:\/\/www.polisrecreio.com.br\/site\/wp-json\/wp\/v2\/types\/post"}],"author":[{"embeddable":true,"href":"https:\/\/www.polisrecreio.com.br\/site\/wp-json\/wp\/v2\/users\/3"}],"replies":[{"embeddable":true,"href":"https:\/\/www.polisrecreio.com.br\/site\/wp-json\/wp\/v2\/comments?post=1151"}],"version-history":[{"count":2,"href":"https:\/\/www.polisrecreio.com.br\/site\/wp-json\/wp\/v2\/posts\/1151\/revisions"}],"predecessor-version":[{"id":1154,"href":"https:\/\/www.polisrecreio.com.br\/site\/wp-json\/wp\/v2\/posts\/1151\/revisions\/1154"}],"wp:featuredmedia":[{"embeddable":true,"href":"https:\/\/www.polisrecreio.com.br\/site\/wp-json\/wp\/v2\/media\/1152"}],"wp:attachment":[{"href":"https:\/\/www.polisrecreio.com.br\/site\/wp-json\/wp\/v2\/media?parent=1151"}],"wp:term":[{"taxonomy":"category","embeddable":true,"href":"https:\/\/www.polisrecreio.com.br\/site\/wp-json\/wp\/v2\/categories?post=1151"},{"taxonomy":"post_tag","embeddable":true,"href":"https:\/\/www.polisrecreio.com.br\/site\/wp-json\/wp\/v2\/tags?post=1151"}],"curies":[{"name":"wp","href":"https:\/\/api.w.org\/{rel}","templated":true}]}}