{"id":1156,"date":"2016-02-15T20:17:46","date_gmt":"2016-02-15T23:17:46","guid":{"rendered":"http:\/\/www.polisrecreio.com.br\/site\/?p=1156"},"modified":"2016-02-15T20:17:46","modified_gmt":"2016-02-15T23:17:46","slug":"camara-rejeita-projeto-do-executivo-para-emprestimo-de-r-350-mil","status":"publish","type":"post","link":"https:\/\/www.polisrecreio.com.br\/site\/2016\/02\/15\/camara-rejeita-projeto-do-executivo-para-emprestimo-de-r-350-mil\/","title":{"rendered":"C\u00e2mara rejeita projeto do executivo para empr\u00e9stimo de R$ 350 mil"},"content":{"rendered":"<p style=\"text-align: justify;\">Em sess\u00e3o ordin\u00e1ria nesta segunda-feira (15) a C\u00e2mara Municipal de Recreio rejeitou por 7 votos a 1 o projeto de lei n\u00ba 1.452\/2016 de autoria do executivo que solicitava autoriza\u00e7\u00e3o para que o munic\u00edpio contra\u00edsse junto ao Banco de Desenvolvimento de Minas Gerais \u201cBDMG\u201d um empr\u00e9stimo de R$ 350 mil para financiamento de obras de pavimenta\u00e7\u00e3o de ruas.<\/p>\n<p style=\"text-align: justify;\"><!--more--><\/p>\n<p style=\"text-align: justify;\"><a href=\"http:\/\/www.polisrecreio.com.br\/site\/wp-content\/uploads\/2016\/02\/c\u00e2mara.jpg\"><img loading=\"lazy\" class=\"aligncenter wp-image-1157 size-full\" src=\"http:\/\/www.polisrecreio.com.br\/site\/wp-content\/uploads\/2016\/02\/c\u00e2mara.jpg\" alt=\"c\u00e2mara\" width=\"800\" height=\"331\" srcset=\"https:\/\/www.polisrecreio.com.br\/site\/wp-content\/uploads\/2016\/02\/c\u00e2mara.jpg 800w, https:\/\/www.polisrecreio.com.br\/site\/wp-content\/uploads\/2016\/02\/c\u00e2mara-300x124.jpg 300w\" sizes=\"(max-width: 800px) 100vw, 800px\" \/><\/a><\/p>\n<p style=\"text-align: justify;\">Ao final de 2015 o mesmo projeto do executivo havia sido enviado ao legislativo e na ocasi\u00e3o foram 8 votos contra. Agora, na primeira reuni\u00e3o ordin\u00e1ria de 2016 apenas o vereador Raphael (PSB) foi favor\u00e1vel ao empr\u00e9stimo. No\u00e9 (PMDB), Paulinho Pintor (PP), Jovane (PTB), Beleza (PTB), Valma (PR), Chiquinho (PSD) e Paulo (PT), foram contra com a justificativa de que a atual situa\u00e7\u00e3o econ\u00f4mica do Munic\u00edpio n\u00e3o \u00e9 adequada para este tipo de financiamento. O projeto previa o pagamento dos R$ 350 mil em 60 meses. Mesmo sem direito ao voto o presidente da casa, o vereador Fabr\u00edsio \u201cP\u00e3o Doce\u201d (PMDB), manifestou-se contra o empr\u00e9stimo.<\/p>\n<p style=\"text-align: justify;\">O prazo final para aprova\u00e7\u00e3o da lei municipal autorizando o endividamento da Prefeitura com o BDMG, dentro do programa \u201cBDMG Munic\u00edpios 2015\u201d, era at\u00e9 a data de hoje, 15 de fevereiro. O programa prev\u00ea financiamento de projetos para aquisi\u00e7\u00e3o de m\u00e1quinas, infraestrutura urbana (pavimenta\u00e7\u00e3o, drenagem e ilumina\u00e7\u00e3o p\u00fablica), constru\u00e7\u00e3o ou reforma de pr\u00e9dios p\u00fablicos municipais e tratamento ou coleta de \u00e1gua e esgoto ou solu\u00e7\u00f5es para res\u00edduos s\u00f3lidos.<\/p>\n","protected":false},"excerpt":{"rendered":"<p>Em sess\u00e3o ordin\u00e1ria nesta segunda-feira (15) a C\u00e2mara Municipal de Recreio rejeitou por 7 votos a 1 o projeto de lei n\u00ba 1.452\/2016 de autoria do executivo que solicitava autoriza\u00e7\u00e3o para que o munic\u00edpio contra\u00edsse junto ao Banco de Desenvolvimento de Minas Gerais \u201cBDMG\u201d um empr\u00e9stimo de R$ 350 mil para financiamento de obras de [&hellip;]<\/p>\n","protected":false},"author":3,"featured_media":1157,"comment_status":"open","ping_status":"open","sticky":false,"template":"","format":"standard","meta":[],"categories":[6],"tags":[],"yoast_head":"<!-- This site is optimized with the Yoast SEO plugin v15.6.2 - https:\/\/yoast.com\/wordpress\/plugins\/seo\/ -->\n<meta name=\"robots\" content=\"index, follow, max-snippet:-1, max-image-preview:large, max-video-preview:-1\" \/>\n<link rel=\"canonical\" href=\"https:\/\/www.polisrecreio.com.br\/site\/2016\/02\/15\/camara-rejeita-projeto-do-executivo-para-emprestimo-de-r-350-mil\/\" \/>\n<meta property=\"og:locale\" content=\"pt_BR\" \/>\n<meta property=\"og:type\" content=\"article\" \/>\n<meta property=\"og:title\" content=\"C\u00e2mara rejeita projeto do executivo para empr\u00e9stimo de R$ 350 mil - P\u00f3lis Recreio\" \/>\n<meta property=\"og:description\" content=\"Em sess\u00e3o ordin\u00e1ria nesta segunda-feira (15) a C\u00e2mara Municipal de Recreio rejeitou por 7 votos a 1 o projeto de lei n\u00ba 1.452\/2016 de autoria do executivo que solicitava autoriza\u00e7\u00e3o para que o munic\u00edpio contra\u00edsse junto ao Banco de Desenvolvimento de Minas Gerais \u201cBDMG\u201d um empr\u00e9stimo de R$ 350 mil para financiamento de obras de [&hellip;]\" \/>\n<meta property=\"og:url\" content=\"https:\/\/www.polisrecreio.com.br\/site\/2016\/02\/15\/camara-rejeita-projeto-do-executivo-para-emprestimo-de-r-350-mil\/\" \/>\n<meta property=\"og:site_name\" content=\"P\u00f3lis Recreio\" \/>\n<meta property=\"article:publisher\" content=\"https:\/\/www.facebook.com\/Site-P%c3%b3lis-Recreio-MG-181941708571019\/\" \/>\n<meta property=\"article:published_time\" content=\"2016-02-15T23:17:46+00:00\" \/>\n<meta property=\"og:image\" content=\"https:\/\/www.polisrecreio.com.br\/site\/wp-content\/uploads\/2016\/02\/c\u00e2mara.jpg\" \/>\n\t<meta property=\"og:image:width\" content=\"800\" \/>\n\t<meta property=\"og:image:height\" content=\"331\" \/>\n<meta name=\"twitter:card\" content=\"summary_large_image\" \/>\n<meta name=\"twitter:creator\" content=\"@PolisRecreio\" \/>\n<meta name=\"twitter:site\" content=\"@PolisRecreio\" \/>\n<meta name=\"twitter:label1\" content=\"Est. reading time\">\n\t<meta name=\"twitter:data1\" content=\"1 minuto\">\n<script type=\"application\/ld+json\" class=\"yoast-schema-graph\">{\"@context\":\"https:\/\/schema.org\",\"@graph\":[{\"@type\":\"WebSite\",\"@id\":\"https:\/\/www.polisrecreio.com.br\/site\/#website\",\"url\":\"https:\/\/www.polisrecreio.com.br\/site\/\",\"name\":\"P\\u00f3lis Recreio\",\"description\":\"\",\"potentialAction\":[{\"@type\":\"SearchAction\",\"target\":\"https:\/\/www.polisrecreio.com.br\/site\/?s={search_term_string}\",\"query-input\":\"required name=search_term_string\"}],\"inLanguage\":\"pt-BR\"},{\"@type\":\"ImageObject\",\"@id\":\"https:\/\/www.polisrecreio.com.br\/site\/2016\/02\/15\/camara-rejeita-projeto-do-executivo-para-emprestimo-de-r-350-mil\/#primaryimage\",\"inLanguage\":\"pt-BR\",\"url\":\"https:\/\/www.polisrecreio.com.br\/site\/wp-content\/uploads\/2016\/02\/c\\u00e2mara.jpg\",\"width\":800,\"height\":331},{\"@type\":\"WebPage\",\"@id\":\"https:\/\/www.polisrecreio.com.br\/site\/2016\/02\/15\/camara-rejeita-projeto-do-executivo-para-emprestimo-de-r-350-mil\/#webpage\",\"url\":\"https:\/\/www.polisrecreio.com.br\/site\/2016\/02\/15\/camara-rejeita-projeto-do-executivo-para-emprestimo-de-r-350-mil\/\",\"name\":\"C\\u00e2mara rejeita projeto do executivo para empr\\u00e9stimo de R$ 350 mil - P\\u00f3lis Recreio\",\"isPartOf\":{\"@id\":\"https:\/\/www.polisrecreio.com.br\/site\/#website\"},\"primaryImageOfPage\":{\"@id\":\"https:\/\/www.polisrecreio.com.br\/site\/2016\/02\/15\/camara-rejeita-projeto-do-executivo-para-emprestimo-de-r-350-mil\/#primaryimage\"},\"datePublished\":\"2016-02-15T23:17:46+00:00\",\"dateModified\":\"2016-02-15T23:17:46+00:00\",\"author\":{\"@id\":\"https:\/\/www.polisrecreio.com.br\/site\/#\/schema\/person\/3363c1c78e1e28e1329d97adb387638e\"},\"inLanguage\":\"pt-BR\",\"potentialAction\":[{\"@type\":\"ReadAction\",\"target\":[\"https:\/\/www.polisrecreio.com.br\/site\/2016\/02\/15\/camara-rejeita-projeto-do-executivo-para-emprestimo-de-r-350-mil\/\"]}]},{\"@type\":\"Person\",\"@id\":\"https:\/\/www.polisrecreio.com.br\/site\/#\/schema\/person\/3363c1c78e1e28e1329d97adb387638e\",\"name\":\"Leonardo Ribeiro\",\"image\":{\"@type\":\"ImageObject\",\"@id\":\"https:\/\/www.polisrecreio.com.br\/site\/#personlogo\",\"inLanguage\":\"pt-BR\",\"url\":\"https:\/\/secure.gravatar.com\/avatar\/6ba92a37d621e1a83e23710251178a12?s=96&d=mm&r=g\",\"caption\":\"Leonardo Ribeiro\"},\"sameAs\":[\"http:\/\/www.polisrecreio.com.br\"]}]}<\/script>\n<!-- \/ Yoast SEO plugin. -->","_links":{"self":[{"href":"https:\/\/www.polisrecreio.com.br\/site\/wp-json\/wp\/v2\/posts\/1156"}],"collection":[{"href":"https:\/\/www.polisrecreio.com.br\/site\/wp-json\/wp\/v2\/posts"}],"about":[{"href":"https:\/\/www.polisrecreio.com.br\/site\/wp-json\/wp\/v2\/types\/post"}],"author":[{"embeddable":true,"href":"https:\/\/www.polisrecreio.com.br\/site\/wp-json\/wp\/v2\/users\/3"}],"replies":[{"embeddable":true,"href":"https:\/\/www.polisrecreio.com.br\/site\/wp-json\/wp\/v2\/comments?post=1156"}],"version-history":[{"count":2,"href":"https:\/\/www.polisrecreio.com.br\/site\/wp-json\/wp\/v2\/posts\/1156\/revisions"}],"predecessor-version":[{"id":1159,"href":"https:\/\/www.polisrecreio.com.br\/site\/wp-json\/wp\/v2\/posts\/1156\/revisions\/1159"}],"wp:featuredmedia":[{"embeddable":true,"href":"https:\/\/www.polisrecreio.com.br\/site\/wp-json\/wp\/v2\/media\/1157"}],"wp:attachment":[{"href":"https:\/\/www.polisrecreio.com.br\/site\/wp-json\/wp\/v2\/media?parent=1156"}],"wp:term":[{"taxonomy":"category","embeddable":true,"href":"https:\/\/www.polisrecreio.com.br\/site\/wp-json\/wp\/v2\/categories?post=1156"},{"taxonomy":"post_tag","embeddable":true,"href":"https:\/\/www.polisrecreio.com.br\/site\/wp-json\/wp\/v2\/tags?post=1156"}],"curies":[{"name":"wp","href":"https:\/\/api.w.org\/{rel}","templated":true}]}}