{"id":1165,"date":"2016-02-17T08:13:00","date_gmt":"2016-02-17T11:13:00","guid":{"rendered":"http:\/\/www.polisrecreio.com.br\/site\/?p=1165"},"modified":"2016-02-17T08:24:58","modified_gmt":"2016-02-17T11:24:58","slug":"continua-complicada-a-situacao-da-dengue-em-recreio","status":"publish","type":"post","link":"https:\/\/www.polisrecreio.com.br\/site\/2016\/02\/17\/continua-complicada-a-situacao-da-dengue-em-recreio\/","title":{"rendered":"Continua complicada a situa\u00e7\u00e3o da dengue em Recreio"},"content":{"rendered":"<p style=\"text-align: justify;\">Apesar de todas as informa\u00e7\u00f5es veiculadas em programas de r\u00e1dios, jornais impressos, telejornais, sites, redes sociais e outros meios de comunica\u00e7\u00e3o sobre os perigos da prolifera\u00e7\u00e3o do Aedes Aegypti, transmissor de tr\u00eas doen\u00e7as (dengue, febre chikungunya e zika v\u00edrus), parte da popula\u00e7\u00e3o recreiense continua a complicar a sa\u00fade do Munic\u00edpio.<\/p>\n<p style=\"text-align: justify;\"><!--more--><\/p>\n<p style=\"text-align: justify;\"><a href=\"http:\/\/www.polisrecreio.com.br\/site\/wp-content\/uploads\/2016\/02\/dengue2.jpg\"><img loading=\"lazy\" class=\"aligncenter wp-image-1171 size-full\" src=\"http:\/\/www.polisrecreio.com.br\/site\/wp-content\/uploads\/2016\/02\/dengue2.jpg\" alt=\"dengue\" width=\"800\" height=\"593\" srcset=\"https:\/\/www.polisrecreio.com.br\/site\/wp-content\/uploads\/2016\/02\/dengue2.jpg 800w, https:\/\/www.polisrecreio.com.br\/site\/wp-content\/uploads\/2016\/02\/dengue2-300x222.jpg 300w\" sizes=\"(max-width: 800px) 100vw, 800px\" \/><\/a><\/p>\n<p style=\"text-align: justify;\">De acordo com a equipe da epidemiologia muitos focos do mosquito est\u00e3o sendo encontrados em caixas d\u2019\u00e1guas, potes, garrafas, pneus, pratinhos de flor e etc., \u201cmesmo com todos os conhecimentos sobre a necessidade de exterminar qualquer local que possa acumular \u00e1gua, disse Alessandra Campos, chefe de turma.<\/p>\n<p style=\"text-align: justify;\"><a href=\"http:\/\/www.polisrecreio.com.br\/site\/wp-content\/uploads\/2016\/02\/IMG-20160216-WA0011.jpg\"><img loading=\"lazy\" class=\"size-medium wp-image-1167 alignleft\" src=\"http:\/\/www.polisrecreio.com.br\/site\/wp-content\/uploads\/2016\/02\/IMG-20160216-WA0011-300x253.jpg\" alt=\"IMG-20160216-WA0011\" width=\"300\" height=\"253\" srcset=\"https:\/\/www.polisrecreio.com.br\/site\/wp-content\/uploads\/2016\/02\/IMG-20160216-WA0011-300x253.jpg 300w, https:\/\/www.polisrecreio.com.br\/site\/wp-content\/uploads\/2016\/02\/IMG-20160216-WA0011-1024x864.jpg 1024w, https:\/\/www.polisrecreio.com.br\/site\/wp-content\/uploads\/2016\/02\/IMG-20160216-WA0011.jpg 1200w\" sizes=\"(max-width: 300px) 100vw, 300px\" \/><\/a>Para intensificar o combate em Recreio os agentes de sa\u00fade do Programa Estrat\u00e9gia Sa\u00fade da Fam\u00edlia juntaram-se a equipe dos agentes de epidemiologia (foto), conforme exig\u00eancia da Ger\u00eancia Regional de Sa\u00fade de Leopoldina por meio da Portaria N\u00ba 2.121, de 18 de dezembro de 2015 do Minist\u00e9rio da Sa\u00fade.<\/p>\n<p style=\"text-align: justify;\">Segundo o coordenador da vigil\u00e2ncia epidemiol\u00f3gica, Malcon Peres, nessa semana est\u00e3o sendo feitas \u201cbatidas\u201d com a UBV Costal em locais estrat\u00e9gicos e a equipe de campo formada pelos agentes de sa\u00fade e os agentes de epidemiologia est\u00e3o visitando domic\u00edlios e atendendo den\u00fancias que chegam pelo telefone 3444-2222.<\/p>\n<p>De 1\u00ba de janeiro a 16 de fevereiro foram registrados 162 casos suspeitos de dengue em Recreio.<\/p>\n","protected":false},"excerpt":{"rendered":"<p>Apesar de todas as informa\u00e7\u00f5es veiculadas em programas de r\u00e1dios, jornais impressos, telejornais, sites, redes sociais e outros meios de comunica\u00e7\u00e3o sobre os perigos da prolifera\u00e7\u00e3o do Aedes Aegypti, transmissor de tr\u00eas doen\u00e7as (dengue, febre chikungunya e zika v\u00edrus), parte da popula\u00e7\u00e3o recreiense continua a complicar a sa\u00fade do Munic\u00edpio.<\/p>\n","protected":false},"author":3,"featured_media":869,"comment_status":"open","ping_status":"open","sticky":false,"template":"","format":"standard","meta":[],"categories":[7],"tags":[],"yoast_head":"<!-- This site is optimized with the Yoast SEO plugin v15.6.2 - https:\/\/yoast.com\/wordpress\/plugins\/seo\/ -->\n<meta name=\"robots\" content=\"index, follow, max-snippet:-1, max-image-preview:large, max-video-preview:-1\" \/>\n<link rel=\"canonical\" href=\"https:\/\/www.polisrecreio.com.br\/site\/2016\/02\/17\/continua-complicada-a-situacao-da-dengue-em-recreio\/\" \/>\n<meta property=\"og:locale\" content=\"pt_BR\" \/>\n<meta property=\"og:type\" content=\"article\" \/>\n<meta property=\"og:title\" content=\"Continua complicada a situa\u00e7\u00e3o da dengue em Recreio - P\u00f3lis Recreio\" \/>\n<meta property=\"og:description\" content=\"Apesar de todas as informa\u00e7\u00f5es veiculadas em programas de r\u00e1dios, jornais impressos, telejornais, sites, redes sociais e outros meios de comunica\u00e7\u00e3o sobre os perigos da prolifera\u00e7\u00e3o do Aedes Aegypti, transmissor de tr\u00eas doen\u00e7as (dengue, febre chikungunya e zika v\u00edrus), parte da popula\u00e7\u00e3o recreiense continua a complicar a sa\u00fade do Munic\u00edpio.\" \/>\n<meta property=\"og:url\" content=\"https:\/\/www.polisrecreio.com.br\/site\/2016\/02\/17\/continua-complicada-a-situacao-da-dengue-em-recreio\/\" \/>\n<meta property=\"og:site_name\" content=\"P\u00f3lis Recreio\" \/>\n<meta property=\"article:publisher\" content=\"https:\/\/www.facebook.com\/Site-P%c3%b3lis-Recreio-MG-181941708571019\/\" \/>\n<meta property=\"article:published_time\" content=\"2016-02-17T11:13:00+00:00\" \/>\n<meta property=\"article:modified_time\" content=\"2016-02-17T11:24:58+00:00\" \/>\n<meta property=\"og:image\" content=\"https:\/\/www.polisrecreio.com.br\/site\/wp-content\/uploads\/2016\/01\/dengue.jpg\" \/>\n\t<meta property=\"og:image:width\" content=\"1920\" \/>\n\t<meta property=\"og:image:height\" content=\"1080\" \/>\n<meta name=\"twitter:card\" content=\"summary_large_image\" \/>\n<meta name=\"twitter:creator\" content=\"@PolisRecreio\" \/>\n<meta name=\"twitter:site\" content=\"@PolisRecreio\" \/>\n<meta name=\"twitter:label1\" content=\"Est. reading time\">\n\t<meta name=\"twitter:data1\" content=\"1 minuto\">\n<script type=\"application\/ld+json\" class=\"yoast-schema-graph\">{\"@context\":\"https:\/\/schema.org\",\"@graph\":[{\"@type\":\"WebSite\",\"@id\":\"https:\/\/www.polisrecreio.com.br\/site\/#website\",\"url\":\"https:\/\/www.polisrecreio.com.br\/site\/\",\"name\":\"P\\u00f3lis Recreio\",\"description\":\"\",\"potentialAction\":[{\"@type\":\"SearchAction\",\"target\":\"https:\/\/www.polisrecreio.com.br\/site\/?s={search_term_string}\",\"query-input\":\"required name=search_term_string\"}],\"inLanguage\":\"pt-BR\"},{\"@type\":\"ImageObject\",\"@id\":\"https:\/\/www.polisrecreio.com.br\/site\/2016\/02\/17\/continua-complicada-a-situacao-da-dengue-em-recreio\/#primaryimage\",\"inLanguage\":\"pt-BR\",\"url\":\"https:\/\/www.polisrecreio.com.br\/site\/wp-content\/uploads\/2016\/01\/dengue.jpg\",\"width\":1920,\"height\":1080},{\"@type\":\"WebPage\",\"@id\":\"https:\/\/www.polisrecreio.com.br\/site\/2016\/02\/17\/continua-complicada-a-situacao-da-dengue-em-recreio\/#webpage\",\"url\":\"https:\/\/www.polisrecreio.com.br\/site\/2016\/02\/17\/continua-complicada-a-situacao-da-dengue-em-recreio\/\",\"name\":\"Continua complicada a situa\\u00e7\\u00e3o da dengue em Recreio - P\\u00f3lis Recreio\",\"isPartOf\":{\"@id\":\"https:\/\/www.polisrecreio.com.br\/site\/#website\"},\"primaryImageOfPage\":{\"@id\":\"https:\/\/www.polisrecreio.com.br\/site\/2016\/02\/17\/continua-complicada-a-situacao-da-dengue-em-recreio\/#primaryimage\"},\"datePublished\":\"2016-02-17T11:13:00+00:00\",\"dateModified\":\"2016-02-17T11:24:58+00:00\",\"author\":{\"@id\":\"https:\/\/www.polisrecreio.com.br\/site\/#\/schema\/person\/3363c1c78e1e28e1329d97adb387638e\"},\"inLanguage\":\"pt-BR\",\"potentialAction\":[{\"@type\":\"ReadAction\",\"target\":[\"https:\/\/www.polisrecreio.com.br\/site\/2016\/02\/17\/continua-complicada-a-situacao-da-dengue-em-recreio\/\"]}]},{\"@type\":\"Person\",\"@id\":\"https:\/\/www.polisrecreio.com.br\/site\/#\/schema\/person\/3363c1c78e1e28e1329d97adb387638e\",\"name\":\"Leonardo Ribeiro\",\"image\":{\"@type\":\"ImageObject\",\"@id\":\"https:\/\/www.polisrecreio.com.br\/site\/#personlogo\",\"inLanguage\":\"pt-BR\",\"url\":\"https:\/\/secure.gravatar.com\/avatar\/6ba92a37d621e1a83e23710251178a12?s=96&d=mm&r=g\",\"caption\":\"Leonardo Ribeiro\"},\"sameAs\":[\"http:\/\/www.polisrecreio.com.br\"]}]}<\/script>\n<!-- \/ Yoast SEO plugin. -->","_links":{"self":[{"href":"https:\/\/www.polisrecreio.com.br\/site\/wp-json\/wp\/v2\/posts\/1165"}],"collection":[{"href":"https:\/\/www.polisrecreio.com.br\/site\/wp-json\/wp\/v2\/posts"}],"about":[{"href":"https:\/\/www.polisrecreio.com.br\/site\/wp-json\/wp\/v2\/types\/post"}],"author":[{"embeddable":true,"href":"https:\/\/www.polisrecreio.com.br\/site\/wp-json\/wp\/v2\/users\/3"}],"replies":[{"embeddable":true,"href":"https:\/\/www.polisrecreio.com.br\/site\/wp-json\/wp\/v2\/comments?post=1165"}],"version-history":[{"count":6,"href":"https:\/\/www.polisrecreio.com.br\/site\/wp-json\/wp\/v2\/posts\/1165\/revisions"}],"predecessor-version":[{"id":1174,"href":"https:\/\/www.polisrecreio.com.br\/site\/wp-json\/wp\/v2\/posts\/1165\/revisions\/1174"}],"wp:featuredmedia":[{"embeddable":true,"href":"https:\/\/www.polisrecreio.com.br\/site\/wp-json\/wp\/v2\/media\/869"}],"wp:attachment":[{"href":"https:\/\/www.polisrecreio.com.br\/site\/wp-json\/wp\/v2\/media?parent=1165"}],"wp:term":[{"taxonomy":"category","embeddable":true,"href":"https:\/\/www.polisrecreio.com.br\/site\/wp-json\/wp\/v2\/categories?post=1165"},{"taxonomy":"post_tag","embeddable":true,"href":"https:\/\/www.polisrecreio.com.br\/site\/wp-json\/wp\/v2\/tags?post=1165"}],"curies":[{"name":"wp","href":"https:\/\/api.w.org\/{rel}","templated":true}]}}