{"id":1200,"date":"2016-02-20T17:05:02","date_gmt":"2016-02-20T20:05:02","guid":{"rendered":"http:\/\/www.polisrecreio.com.br\/site\/?p=1200"},"modified":"2016-02-20T17:05:02","modified_gmt":"2016-02-20T20:05:02","slug":"horario-de-verao-termina-sem-atingir-a-meta-de-economia","status":"publish","type":"post","link":"https:\/\/www.polisrecreio.com.br\/site\/2016\/02\/20\/horario-de-verao-termina-sem-atingir-a-meta-de-economia\/","title":{"rendered":"Hor\u00e1rio de ver\u00e3o termina sem atingir a meta de economia"},"content":{"rendered":"<p style=\"text-align: justify;\">A atual edi\u00e7\u00e3o do hor\u00e1rio de ver\u00e3o termina neste domingo, a partir da 0h, quando os rel\u00f3gios dever\u00e3o ser atrasados em uma hora. Segundo o Operador Nacional do Sistema El\u00e9trico \u201cONS\u201d a expectativa inicial de economizar R$ 240 milh\u00f5es n\u00e3o foi atingida.<\/p>\n<p style=\"text-align: justify;\"><!--more--><\/p>\n<p style=\"text-align: justify;\"><a href=\"http:\/\/www.polisrecreio.com.br\/site\/wp-content\/uploads\/2016\/02\/hor\u00e1rio1-e1455998081538.jpg\"><img loading=\"lazy\" class=\"aligncenter wp-image-1194\" src=\"http:\/\/www.polisrecreio.com.br\/site\/wp-content\/uploads\/2016\/02\/hor\u00e1rio1-300x140.jpg\" alt=\"hor\u00e1rio\" width=\"1000\" height=\"465\" \/><\/a><\/p>\n<p style=\"text-align: justify;\">O operador informou que o Brasil economizou desde o dia 18 de outubro R$ 162 milh\u00f5es gra\u00e7as ao hor\u00e1rio de ver\u00e3o, quando n\u00e3o \u00e9 preciso adicionar mais energia de usinas termel\u00e9tricas para garantir o abastecimento do pa\u00eds nos hor\u00e1rios de pico, por\u00e9m a meta inicial n\u00e3o foi atingida e o motivo ainda n\u00e3o foi divulgado.<\/p>\n<p style=\"text-align: justify;\">O hor\u00e1rio diferenciado vigora nas regi\u00f5es Sul, Sudeste e Centro-Oeste.<\/p>\n<p><em>Com informa\u00e7\u00f5es: EBC Ag\u00eancia Brasil.<\/em><\/p>\n","protected":false},"excerpt":{"rendered":"<p>A atual edi\u00e7\u00e3o do hor\u00e1rio de ver\u00e3o termina neste domingo, a partir da 0h, quando os rel\u00f3gios dever\u00e3o ser atrasados em uma hora. Segundo o Operador Nacional do Sistema El\u00e9trico \u201cONS\u201d a expectativa inicial de economizar R$ 240 milh\u00f5es n\u00e3o foi atingida.<\/p>\n","protected":false},"author":3,"featured_media":1194,"comment_status":"open","ping_status":"open","sticky":false,"template":"","format":"standard","meta":[],"categories":[5],"tags":[],"yoast_head":"<!-- This site is optimized with the Yoast SEO plugin v15.6.2 - https:\/\/yoast.com\/wordpress\/plugins\/seo\/ -->\n<meta name=\"robots\" content=\"index, follow, max-snippet:-1, max-image-preview:large, max-video-preview:-1\" \/>\n<link rel=\"canonical\" href=\"http:\/\/www.polisrecreio.com.br\/site\/2016\/02\/20\/horario-de-verao-termina-sem-atingir-a-meta-de-economia\/\" \/>\n<meta property=\"og:locale\" content=\"pt_BR\" \/>\n<meta property=\"og:type\" content=\"article\" \/>\n<meta property=\"og:title\" content=\"Hor\u00e1rio de ver\u00e3o termina sem atingir a meta de economia - P\u00f3lis Recreio\" \/>\n<meta property=\"og:description\" content=\"A atual edi\u00e7\u00e3o do hor\u00e1rio de ver\u00e3o termina neste domingo, a partir da 0h, quando os rel\u00f3gios dever\u00e3o ser atrasados em uma hora. Segundo o Operador Nacional do Sistema El\u00e9trico \u201cONS\u201d a expectativa inicial de economizar R$ 240 milh\u00f5es n\u00e3o foi atingida.\" \/>\n<meta property=\"og:url\" content=\"http:\/\/www.polisrecreio.com.br\/site\/2016\/02\/20\/horario-de-verao-termina-sem-atingir-a-meta-de-economia\/\" \/>\n<meta property=\"og:site_name\" content=\"P\u00f3lis Recreio\" \/>\n<meta property=\"article:publisher\" content=\"https:\/\/www.facebook.com\/Site-P%c3%b3lis-Recreio-MG-181941708571019\/\" \/>\n<meta property=\"article:published_time\" content=\"2016-02-20T20:05:02+00:00\" \/>\n<meta property=\"og:image\" content=\"https:\/\/www.polisrecreio.com.br\/site\/wp-content\/uploads\/2016\/02\/hor\u00e1rio1-e1455998081538.jpg\" \/>\n\t<meta property=\"og:image:width\" content=\"600\" \/>\n\t<meta property=\"og:image:height\" content=\"279\" \/>\n<meta name=\"twitter:card\" content=\"summary_large_image\" \/>\n<meta name=\"twitter:creator\" content=\"@PolisRecreio\" \/>\n<meta name=\"twitter:site\" content=\"@PolisRecreio\" \/>\n<meta name=\"twitter:label1\" content=\"Est. reading time\">\n\t<meta name=\"twitter:data1\" content=\"1 minuto\">\n<script type=\"application\/ld+json\" class=\"yoast-schema-graph\">{\"@context\":\"https:\/\/schema.org\",\"@graph\":[{\"@type\":\"WebSite\",\"@id\":\"https:\/\/www.polisrecreio.com.br\/site\/#website\",\"url\":\"https:\/\/www.polisrecreio.com.br\/site\/\",\"name\":\"P\\u00f3lis Recreio\",\"description\":\"\",\"potentialAction\":[{\"@type\":\"SearchAction\",\"target\":\"https:\/\/www.polisrecreio.com.br\/site\/?s={search_term_string}\",\"query-input\":\"required name=search_term_string\"}],\"inLanguage\":\"pt-BR\"},{\"@type\":\"ImageObject\",\"@id\":\"http:\/\/www.polisrecreio.com.br\/site\/2016\/02\/20\/horario-de-verao-termina-sem-atingir-a-meta-de-economia\/#primaryimage\",\"inLanguage\":\"pt-BR\",\"url\":\"https:\/\/www.polisrecreio.com.br\/site\/wp-content\/uploads\/2016\/02\/hor\\u00e1rio1-e1455998081538.jpg\",\"width\":600,\"height\":279},{\"@type\":\"WebPage\",\"@id\":\"http:\/\/www.polisrecreio.com.br\/site\/2016\/02\/20\/horario-de-verao-termina-sem-atingir-a-meta-de-economia\/#webpage\",\"url\":\"http:\/\/www.polisrecreio.com.br\/site\/2016\/02\/20\/horario-de-verao-termina-sem-atingir-a-meta-de-economia\/\",\"name\":\"Hor\\u00e1rio de ver\\u00e3o termina sem atingir a meta de economia - P\\u00f3lis Recreio\",\"isPartOf\":{\"@id\":\"https:\/\/www.polisrecreio.com.br\/site\/#website\"},\"primaryImageOfPage\":{\"@id\":\"http:\/\/www.polisrecreio.com.br\/site\/2016\/02\/20\/horario-de-verao-termina-sem-atingir-a-meta-de-economia\/#primaryimage\"},\"datePublished\":\"2016-02-20T20:05:02+00:00\",\"dateModified\":\"2016-02-20T20:05:02+00:00\",\"author\":{\"@id\":\"https:\/\/www.polisrecreio.com.br\/site\/#\/schema\/person\/3363c1c78e1e28e1329d97adb387638e\"},\"inLanguage\":\"pt-BR\",\"potentialAction\":[{\"@type\":\"ReadAction\",\"target\":[\"http:\/\/www.polisrecreio.com.br\/site\/2016\/02\/20\/horario-de-verao-termina-sem-atingir-a-meta-de-economia\/\"]}]},{\"@type\":\"Person\",\"@id\":\"https:\/\/www.polisrecreio.com.br\/site\/#\/schema\/person\/3363c1c78e1e28e1329d97adb387638e\",\"name\":\"Leonardo Ribeiro\",\"image\":{\"@type\":\"ImageObject\",\"@id\":\"https:\/\/www.polisrecreio.com.br\/site\/#personlogo\",\"inLanguage\":\"pt-BR\",\"url\":\"https:\/\/secure.gravatar.com\/avatar\/6ba92a37d621e1a83e23710251178a12?s=96&d=mm&r=g\",\"caption\":\"Leonardo Ribeiro\"},\"sameAs\":[\"http:\/\/www.polisrecreio.com.br\"]}]}<\/script>\n<!-- \/ Yoast SEO plugin. -->","_links":{"self":[{"href":"https:\/\/www.polisrecreio.com.br\/site\/wp-json\/wp\/v2\/posts\/1200"}],"collection":[{"href":"https:\/\/www.polisrecreio.com.br\/site\/wp-json\/wp\/v2\/posts"}],"about":[{"href":"https:\/\/www.polisrecreio.com.br\/site\/wp-json\/wp\/v2\/types\/post"}],"author":[{"embeddable":true,"href":"https:\/\/www.polisrecreio.com.br\/site\/wp-json\/wp\/v2\/users\/3"}],"replies":[{"embeddable":true,"href":"https:\/\/www.polisrecreio.com.br\/site\/wp-json\/wp\/v2\/comments?post=1200"}],"version-history":[{"count":1,"href":"https:\/\/www.polisrecreio.com.br\/site\/wp-json\/wp\/v2\/posts\/1200\/revisions"}],"predecessor-version":[{"id":1201,"href":"https:\/\/www.polisrecreio.com.br\/site\/wp-json\/wp\/v2\/posts\/1200\/revisions\/1201"}],"wp:featuredmedia":[{"embeddable":true,"href":"https:\/\/www.polisrecreio.com.br\/site\/wp-json\/wp\/v2\/media\/1194"}],"wp:attachment":[{"href":"https:\/\/www.polisrecreio.com.br\/site\/wp-json\/wp\/v2\/media?parent=1200"}],"wp:term":[{"taxonomy":"category","embeddable":true,"href":"https:\/\/www.polisrecreio.com.br\/site\/wp-json\/wp\/v2\/categories?post=1200"},{"taxonomy":"post_tag","embeddable":true,"href":"https:\/\/www.polisrecreio.com.br\/site\/wp-json\/wp\/v2\/tags?post=1200"}],"curies":[{"name":"wp","href":"https:\/\/api.w.org\/{rel}","templated":true}]}}