{"id":12503,"date":"2019-01-03T10:59:07","date_gmt":"2019-01-03T13:59:07","guid":{"rendered":"http:\/\/www.polisrecreio.com.br\/site\/?p=12503"},"modified":"2019-01-03T11:17:51","modified_gmt":"2019-01-03T14:17:51","slug":"segunda-via-do-documento-de-identidade-em-mg-passa-de-r-32-para-r-7186","status":"publish","type":"post","link":"https:\/\/www.polisrecreio.com.br\/site\/2019\/01\/03\/segunda-via-do-documento-de-identidade-em-mg-passa-de-r-32-para-r-7186\/","title":{"rendered":"Segunda via do documento de identidade em MG passa de R$ 32 para R$ 71,86"},"content":{"rendered":"<p style=\"text-align: justify;\">A taxa para obter a segunda via da carteira de identidade (RG) em Minas Gerais mais que dobrou em duas semanas. O valor pago pelo servi\u00e7o, que era de R$ 32 at\u00e9 o dia 21 de dezembro de 2018, entrou o ano novo custando R$ 71,86, uma eleva\u00e7\u00e3o de 124,5%.<\/p>\n<p><!--more--><\/p>\n<p><a href=\"http:\/\/www.polisrecreio.com.br\/site\/wp-content\/uploads\/2019\/01\/105951__0_Carteira_Identidade-563x330.jpg\"><img loading=\"lazy\" class=\"aligncenter size-full wp-image-12507\" src=\"http:\/\/www.polisrecreio.com.br\/site\/wp-content\/uploads\/2019\/01\/105951__0_Carteira_Identidade-563x330.jpg\" alt=\"\" width=\"750\" height=\"500\" srcset=\"https:\/\/www.polisrecreio.com.br\/site\/wp-content\/uploads\/2019\/01\/105951__0_Carteira_Identidade-563x330.jpg 750w, https:\/\/www.polisrecreio.com.br\/site\/wp-content\/uploads\/2019\/01\/105951__0_Carteira_Identidade-563x330-300x200.jpg 300w\" sizes=\"(max-width: 750px) 100vw, 750px\" \/><\/a><\/p>\n<p style=\"text-align: justify;\">Primeiro, a taxa cobrada passou a ser de R$ 65. Poucos dias depois, ainda em 2018, foi fixada em R$ 71,86. O valor \u00e9 cobrado de quem perdeu o documento.<\/p>\n<p style=\"text-align: justify;\">Para quem vai tirar a primeira via do RG o servi\u00e7o continua gratuito, assim como para quem teve o documento roubado, com a apresenta\u00e7\u00e3o do boletim de ocorr\u00eancia, e tamb\u00e9m para quem comprovar car\u00eancia.<\/p>\n<p><em>Com informa\u00e7\u00f5es: <a href=\"https:\/\/www.otempo.com.br\/cidades\/segunda-via-de-identidade-em-minas-gerais-sobe-124-5-1.2086703\" target=\"_blank\" rel=\"noopener\">Jornal O Tempo.<\/a><\/em><\/p>\n","protected":false},"excerpt":{"rendered":"<p>A taxa para obter a segunda via da carteira de identidade (RG) em Minas Gerais mais que dobrou em duas semanas. O valor pago pelo servi\u00e7o, que era de R$ 32 at\u00e9 o dia 21 de dezembro de 2018, entrou o ano novo custando R$ 71,86, uma eleva\u00e7\u00e3o de 124,5%.<\/p>\n","protected":false},"author":3,"featured_media":12507,"comment_status":"open","ping_status":"open","sticky":false,"template":"","format":"standard","meta":[],"categories":[5],"tags":[],"yoast_head":"<!-- This site is optimized with the Yoast SEO plugin v15.6.2 - https:\/\/yoast.com\/wordpress\/plugins\/seo\/ -->\n<meta name=\"robots\" content=\"index, follow, max-snippet:-1, max-image-preview:large, max-video-preview:-1\" \/>\n<link rel=\"canonical\" href=\"http:\/\/www.polisrecreio.com.br\/site\/2019\/01\/03\/segunda-via-do-documento-de-identidade-em-mg-passa-de-r-32-para-r-7186\/\" \/>\n<meta property=\"og:locale\" content=\"pt_BR\" \/>\n<meta property=\"og:type\" content=\"article\" \/>\n<meta property=\"og:title\" content=\"Segunda via do documento de identidade em MG passa de R$ 32 para R$ 71,86 - P\u00f3lis Recreio\" \/>\n<meta property=\"og:description\" content=\"A taxa para obter a segunda via da carteira de identidade (RG) em Minas Gerais mais que dobrou em duas semanas. O valor pago pelo servi\u00e7o, que era de R$ 32 at\u00e9 o dia 21 de dezembro de 2018, entrou o ano novo custando R$ 71,86, uma eleva\u00e7\u00e3o de 124,5%.\" \/>\n<meta property=\"og:url\" content=\"http:\/\/www.polisrecreio.com.br\/site\/2019\/01\/03\/segunda-via-do-documento-de-identidade-em-mg-passa-de-r-32-para-r-7186\/\" \/>\n<meta property=\"og:site_name\" content=\"P\u00f3lis Recreio\" \/>\n<meta property=\"article:publisher\" content=\"https:\/\/www.facebook.com\/Site-P%c3%b3lis-Recreio-MG-181941708571019\/\" \/>\n<meta property=\"article:published_time\" content=\"2019-01-03T13:59:07+00:00\" \/>\n<meta property=\"article:modified_time\" content=\"2019-01-03T14:17:51+00:00\" \/>\n<meta property=\"og:image\" content=\"https:\/\/www.polisrecreio.com.br\/site\/wp-content\/uploads\/2019\/01\/105951__0_Carteira_Identidade-563x330.jpg\" \/>\n\t<meta property=\"og:image:width\" content=\"750\" \/>\n\t<meta property=\"og:image:height\" content=\"500\" \/>\n<meta name=\"twitter:card\" content=\"summary_large_image\" \/>\n<meta name=\"twitter:creator\" content=\"@PolisRecreio\" \/>\n<meta name=\"twitter:site\" content=\"@PolisRecreio\" \/>\n<meta name=\"twitter:label1\" content=\"Est. reading time\">\n\t<meta name=\"twitter:data1\" content=\"1 minuto\">\n<script type=\"application\/ld+json\" class=\"yoast-schema-graph\">{\"@context\":\"https:\/\/schema.org\",\"@graph\":[{\"@type\":\"WebSite\",\"@id\":\"https:\/\/www.polisrecreio.com.br\/site\/#website\",\"url\":\"https:\/\/www.polisrecreio.com.br\/site\/\",\"name\":\"P\\u00f3lis Recreio\",\"description\":\"\",\"potentialAction\":[{\"@type\":\"SearchAction\",\"target\":\"https:\/\/www.polisrecreio.com.br\/site\/?s={search_term_string}\",\"query-input\":\"required name=search_term_string\"}],\"inLanguage\":\"pt-BR\"},{\"@type\":\"ImageObject\",\"@id\":\"http:\/\/www.polisrecreio.com.br\/site\/2019\/01\/03\/segunda-via-do-documento-de-identidade-em-mg-passa-de-r-32-para-r-7186\/#primaryimage\",\"inLanguage\":\"pt-BR\",\"url\":\"https:\/\/www.polisrecreio.com.br\/site\/wp-content\/uploads\/2019\/01\/105951__0_Carteira_Identidade-563x330.jpg\",\"width\":750,\"height\":500},{\"@type\":\"WebPage\",\"@id\":\"http:\/\/www.polisrecreio.com.br\/site\/2019\/01\/03\/segunda-via-do-documento-de-identidade-em-mg-passa-de-r-32-para-r-7186\/#webpage\",\"url\":\"http:\/\/www.polisrecreio.com.br\/site\/2019\/01\/03\/segunda-via-do-documento-de-identidade-em-mg-passa-de-r-32-para-r-7186\/\",\"name\":\"Segunda via do documento de identidade em MG passa de R$ 32 para R$ 71,86 - P\\u00f3lis Recreio\",\"isPartOf\":{\"@id\":\"https:\/\/www.polisrecreio.com.br\/site\/#website\"},\"primaryImageOfPage\":{\"@id\":\"http:\/\/www.polisrecreio.com.br\/site\/2019\/01\/03\/segunda-via-do-documento-de-identidade-em-mg-passa-de-r-32-para-r-7186\/#primaryimage\"},\"datePublished\":\"2019-01-03T13:59:07+00:00\",\"dateModified\":\"2019-01-03T14:17:51+00:00\",\"author\":{\"@id\":\"https:\/\/www.polisrecreio.com.br\/site\/#\/schema\/person\/3363c1c78e1e28e1329d97adb387638e\"},\"inLanguage\":\"pt-BR\",\"potentialAction\":[{\"@type\":\"ReadAction\",\"target\":[\"http:\/\/www.polisrecreio.com.br\/site\/2019\/01\/03\/segunda-via-do-documento-de-identidade-em-mg-passa-de-r-32-para-r-7186\/\"]}]},{\"@type\":\"Person\",\"@id\":\"https:\/\/www.polisrecreio.com.br\/site\/#\/schema\/person\/3363c1c78e1e28e1329d97adb387638e\",\"name\":\"Leonardo Ribeiro\",\"image\":{\"@type\":\"ImageObject\",\"@id\":\"https:\/\/www.polisrecreio.com.br\/site\/#personlogo\",\"inLanguage\":\"pt-BR\",\"url\":\"https:\/\/secure.gravatar.com\/avatar\/6ba92a37d621e1a83e23710251178a12?s=96&d=mm&r=g\",\"caption\":\"Leonardo Ribeiro\"},\"sameAs\":[\"http:\/\/www.polisrecreio.com.br\"]}]}<\/script>\n<!-- \/ Yoast SEO plugin. -->","_links":{"self":[{"href":"https:\/\/www.polisrecreio.com.br\/site\/wp-json\/wp\/v2\/posts\/12503"}],"collection":[{"href":"https:\/\/www.polisrecreio.com.br\/site\/wp-json\/wp\/v2\/posts"}],"about":[{"href":"https:\/\/www.polisrecreio.com.br\/site\/wp-json\/wp\/v2\/types\/post"}],"author":[{"embeddable":true,"href":"https:\/\/www.polisrecreio.com.br\/site\/wp-json\/wp\/v2\/users\/3"}],"replies":[{"embeddable":true,"href":"https:\/\/www.polisrecreio.com.br\/site\/wp-json\/wp\/v2\/comments?post=12503"}],"version-history":[{"count":4,"href":"https:\/\/www.polisrecreio.com.br\/site\/wp-json\/wp\/v2\/posts\/12503\/revisions"}],"predecessor-version":[{"id":12509,"href":"https:\/\/www.polisrecreio.com.br\/site\/wp-json\/wp\/v2\/posts\/12503\/revisions\/12509"}],"wp:featuredmedia":[{"embeddable":true,"href":"https:\/\/www.polisrecreio.com.br\/site\/wp-json\/wp\/v2\/media\/12507"}],"wp:attachment":[{"href":"https:\/\/www.polisrecreio.com.br\/site\/wp-json\/wp\/v2\/media?parent=12503"}],"wp:term":[{"taxonomy":"category","embeddable":true,"href":"https:\/\/www.polisrecreio.com.br\/site\/wp-json\/wp\/v2\/categories?post=12503"},{"taxonomy":"post_tag","embeddable":true,"href":"https:\/\/www.polisrecreio.com.br\/site\/wp-json\/wp\/v2\/tags?post=12503"}],"curies":[{"name":"wp","href":"https:\/\/api.w.org\/{rel}","templated":true}]}}