{"id":12510,"date":"2019-01-03T16:14:27","date_gmt":"2019-01-03T19:14:27","guid":{"rendered":"http:\/\/www.polisrecreio.com.br\/site\/?p=12510"},"modified":"2019-01-03T16:14:27","modified_gmt":"2019-01-03T19:14:27","slug":"ipva-2019-comeca-a-ser-pago-dia-14-em-minas-gerais","status":"publish","type":"post","link":"https:\/\/www.polisrecreio.com.br\/site\/2019\/01\/03\/ipva-2019-comeca-a-ser-pago-dia-14-em-minas-gerais\/","title":{"rendered":"IPVA 2019 come\u00e7a a ser pago dia 14 em Minas Gerais"},"content":{"rendered":"<p style=\"text-align: justify;\">Os propriet\u00e1rios de ve\u00edculos em Minas Gerais come\u00e7am a pagar o IPVA de 2019 no dia 14 de janeiro. A tabela de recolhimento do Imposto j\u00e1 est\u00e1 dispon\u00edvel no site da Secretaria de Estado da Fazenda.<\/p>\n<p><!--more--><\/p>\n<p><a href=\"http:\/\/www.polisrecreio.com.br\/site\/wp-content\/uploads\/2019\/01\/congestionamento-transito-1024x683.jpg\"><img loading=\"lazy\" class=\"aligncenter size-full wp-image-12511\" src=\"http:\/\/www.polisrecreio.com.br\/site\/wp-content\/uploads\/2019\/01\/congestionamento-transito-1024x683.jpg\" alt=\"\" width=\"750\" height=\"500\" srcset=\"https:\/\/www.polisrecreio.com.br\/site\/wp-content\/uploads\/2019\/01\/congestionamento-transito-1024x683.jpg 750w, https:\/\/www.polisrecreio.com.br\/site\/wp-content\/uploads\/2019\/01\/congestionamento-transito-1024x683-300x200.jpg 300w\" sizes=\"(max-width: 750px) 100vw, 750px\" \/><\/a><\/p>\n<p style=\"text-align: justify;\">O contribuinte pode consultar o valor do IPVA, com o n\u00famero do Renavam, no site da Secretaria de Fazenda ou pelo n\u00famero 155, do Ligminas. Os valores tamb\u00e9m est\u00e3o dispon\u00edveis no aplicativo IPVA-MG, para smartphones e tablets.<\/p>\n<p style=\"text-align: justify;\">De acordo com o estado, o IPVA ter\u00e1 uma redu\u00e7\u00e3o m\u00e9dia de 3,17% na base de c\u00e1lculo. Al\u00e9m dessa diminui\u00e7\u00e3o, em fun\u00e7\u00e3o da deprecia\u00e7\u00e3o anual dos ve\u00edculos, o mineiro pode ter at\u00e9 6% de desconto.<\/p>\n<p><a href=\"http:\/\/www.polisrecreio.com.br\/site\/wp-content\/uploads\/2019\/01\/tabela.jpg\"><img loading=\"lazy\" class=\"aligncenter size-full wp-image-12512\" src=\"http:\/\/www.polisrecreio.com.br\/site\/wp-content\/uploads\/2019\/01\/tabela.jpg\" alt=\"\" width=\"750\" height=\"384\" srcset=\"https:\/\/www.polisrecreio.com.br\/site\/wp-content\/uploads\/2019\/01\/tabela.jpg 750w, https:\/\/www.polisrecreio.com.br\/site\/wp-content\/uploads\/2019\/01\/tabela-300x154.jpg 300w\" sizes=\"(max-width: 750px) 100vw, 750px\" \/><\/a><\/p>\n<p><strong>Desconto cumulativo<\/strong><\/p>\n<p style=\"text-align: justify;\">Pelas regras, quem optar por quitar o IPVA \u00e0 vista, ter\u00e1 uma redu\u00e7\u00e3o de 3% no valor. Esse percentual \u00e9 cumulativo com o programa &#8220;bom pagador&#8221;, que concede mais 3% de desconto para quem tiver pago o imposto em dia nos dois anos anteriores. Esse benef\u00edcio \u00e9 aplicado ao carro e n\u00e3o ao propriet\u00e1rio, sendo devido conforme o Renavam do ve\u00edculo.<\/p>\n<p style=\"text-align: justify;\"><strong>Taxa de licenciamento<\/strong><\/p>\n<p style=\"text-align: justify;\">J\u00e1 a taxa de licenciamento dos ve\u00edculos ter\u00e1 um acr\u00e9scimo de 9,41% em rela\u00e7\u00e3o \u00e0 deste ano. O propriet\u00e1rio de ve\u00edculo ter\u00e1 de pagar R$ 102,41 at\u00e9 o dia 1\u00ba de abril de 2019, data do vencimento.\u00a0 O valor a ser arrecadado pelo estado subiu de R$ 907 milh\u00f5es para 992,4 milh\u00f5es.<\/p>\n<p style=\"text-align: justify;\"><strong>Seguro DPVAT<\/strong><\/p>\n<p style=\"text-align: justify;\">Este ano o valor do Seguro Obrigat\u00f3rio de Danos Pessoais Causados por Ve\u00edculos (DPVAT) teve redu\u00e7\u00e3o m\u00e9dia de 63,3%. As redu\u00e7\u00f5es ocorrer\u00e3o de forma diferenciada conforme o tipo de ve\u00edculo. Autom\u00f3veis particulares, t\u00e1xis e carros de aluguel, ve\u00edculos ciclomotores e m\u00e1quinas de terraplanagem, tratores, caminh\u00f5es, pick-ups, reboques e semirreboques ter\u00e3o o DPVAT reduzido em 71%. No caso dos autom\u00f3veis particulares, a tarifa cair\u00e1 de R$ 41,40 para R$ 16,21. Motos pagar\u00e3o R$ 84,58.<\/p>\n","protected":false},"excerpt":{"rendered":"<p>Os propriet\u00e1rios de ve\u00edculos em Minas Gerais come\u00e7am a pagar o IPVA de 2019 no dia 14 de janeiro. A tabela de recolhimento do Imposto j\u00e1 est\u00e1 dispon\u00edvel no site da Secretaria de Estado da Fazenda.<\/p>\n","protected":false},"author":3,"featured_media":12511,"comment_status":"open","ping_status":"open","sticky":false,"template":"","format":"standard","meta":[],"categories":[5],"tags":[],"yoast_head":"<!-- This site is optimized with the Yoast SEO plugin v15.6.2 - https:\/\/yoast.com\/wordpress\/plugins\/seo\/ -->\n<meta name=\"robots\" content=\"index, follow, max-snippet:-1, max-image-preview:large, max-video-preview:-1\" \/>\n<link rel=\"canonical\" href=\"https:\/\/www.polisrecreio.com.br\/site\/2019\/01\/03\/ipva-2019-comeca-a-ser-pago-dia-14-em-minas-gerais\/\" \/>\n<meta property=\"og:locale\" content=\"pt_BR\" \/>\n<meta property=\"og:type\" content=\"article\" \/>\n<meta property=\"og:title\" content=\"IPVA 2019 come\u00e7a a ser pago dia 14 em Minas Gerais - P\u00f3lis Recreio\" \/>\n<meta property=\"og:description\" content=\"Os propriet\u00e1rios de ve\u00edculos em Minas Gerais come\u00e7am a pagar o IPVA de 2019 no dia 14 de janeiro. A tabela de recolhimento do Imposto j\u00e1 est\u00e1 dispon\u00edvel no site da Secretaria de Estado da Fazenda.\" \/>\n<meta property=\"og:url\" content=\"https:\/\/www.polisrecreio.com.br\/site\/2019\/01\/03\/ipva-2019-comeca-a-ser-pago-dia-14-em-minas-gerais\/\" \/>\n<meta property=\"og:site_name\" content=\"P\u00f3lis Recreio\" \/>\n<meta property=\"article:publisher\" content=\"https:\/\/www.facebook.com\/Site-P%c3%b3lis-Recreio-MG-181941708571019\/\" \/>\n<meta property=\"article:published_time\" content=\"2019-01-03T19:14:27+00:00\" \/>\n<meta property=\"og:image\" content=\"https:\/\/www.polisrecreio.com.br\/site\/wp-content\/uploads\/2019\/01\/congestionamento-transito-1024x683.jpg\" \/>\n\t<meta property=\"og:image:width\" content=\"750\" \/>\n\t<meta property=\"og:image:height\" content=\"500\" \/>\n<meta name=\"twitter:card\" content=\"summary_large_image\" \/>\n<meta name=\"twitter:creator\" content=\"@PolisRecreio\" \/>\n<meta name=\"twitter:site\" content=\"@PolisRecreio\" \/>\n<meta name=\"twitter:label1\" content=\"Est. reading time\">\n\t<meta name=\"twitter:data1\" content=\"2 minutos\">\n<script type=\"application\/ld+json\" class=\"yoast-schema-graph\">{\"@context\":\"https:\/\/schema.org\",\"@graph\":[{\"@type\":\"WebSite\",\"@id\":\"https:\/\/www.polisrecreio.com.br\/site\/#website\",\"url\":\"https:\/\/www.polisrecreio.com.br\/site\/\",\"name\":\"P\\u00f3lis Recreio\",\"description\":\"\",\"potentialAction\":[{\"@type\":\"SearchAction\",\"target\":\"https:\/\/www.polisrecreio.com.br\/site\/?s={search_term_string}\",\"query-input\":\"required name=search_term_string\"}],\"inLanguage\":\"pt-BR\"},{\"@type\":\"ImageObject\",\"@id\":\"https:\/\/www.polisrecreio.com.br\/site\/2019\/01\/03\/ipva-2019-comeca-a-ser-pago-dia-14-em-minas-gerais\/#primaryimage\",\"inLanguage\":\"pt-BR\",\"url\":\"https:\/\/www.polisrecreio.com.br\/site\/wp-content\/uploads\/2019\/01\/congestionamento-transito-1024x683.jpg\",\"width\":750,\"height\":500},{\"@type\":\"WebPage\",\"@id\":\"https:\/\/www.polisrecreio.com.br\/site\/2019\/01\/03\/ipva-2019-comeca-a-ser-pago-dia-14-em-minas-gerais\/#webpage\",\"url\":\"https:\/\/www.polisrecreio.com.br\/site\/2019\/01\/03\/ipva-2019-comeca-a-ser-pago-dia-14-em-minas-gerais\/\",\"name\":\"IPVA 2019 come\\u00e7a a ser pago dia 14 em Minas Gerais - P\\u00f3lis Recreio\",\"isPartOf\":{\"@id\":\"https:\/\/www.polisrecreio.com.br\/site\/#website\"},\"primaryImageOfPage\":{\"@id\":\"https:\/\/www.polisrecreio.com.br\/site\/2019\/01\/03\/ipva-2019-comeca-a-ser-pago-dia-14-em-minas-gerais\/#primaryimage\"},\"datePublished\":\"2019-01-03T19:14:27+00:00\",\"dateModified\":\"2019-01-03T19:14:27+00:00\",\"author\":{\"@id\":\"https:\/\/www.polisrecreio.com.br\/site\/#\/schema\/person\/3363c1c78e1e28e1329d97adb387638e\"},\"inLanguage\":\"pt-BR\",\"potentialAction\":[{\"@type\":\"ReadAction\",\"target\":[\"https:\/\/www.polisrecreio.com.br\/site\/2019\/01\/03\/ipva-2019-comeca-a-ser-pago-dia-14-em-minas-gerais\/\"]}]},{\"@type\":\"Person\",\"@id\":\"https:\/\/www.polisrecreio.com.br\/site\/#\/schema\/person\/3363c1c78e1e28e1329d97adb387638e\",\"name\":\"Leonardo Ribeiro\",\"image\":{\"@type\":\"ImageObject\",\"@id\":\"https:\/\/www.polisrecreio.com.br\/site\/#personlogo\",\"inLanguage\":\"pt-BR\",\"url\":\"https:\/\/secure.gravatar.com\/avatar\/6ba92a37d621e1a83e23710251178a12?s=96&d=mm&r=g\",\"caption\":\"Leonardo Ribeiro\"},\"sameAs\":[\"http:\/\/www.polisrecreio.com.br\"]}]}<\/script>\n<!-- \/ Yoast SEO plugin. -->","_links":{"self":[{"href":"https:\/\/www.polisrecreio.com.br\/site\/wp-json\/wp\/v2\/posts\/12510"}],"collection":[{"href":"https:\/\/www.polisrecreio.com.br\/site\/wp-json\/wp\/v2\/posts"}],"about":[{"href":"https:\/\/www.polisrecreio.com.br\/site\/wp-json\/wp\/v2\/types\/post"}],"author":[{"embeddable":true,"href":"https:\/\/www.polisrecreio.com.br\/site\/wp-json\/wp\/v2\/users\/3"}],"replies":[{"embeddable":true,"href":"https:\/\/www.polisrecreio.com.br\/site\/wp-json\/wp\/v2\/comments?post=12510"}],"version-history":[{"count":1,"href":"https:\/\/www.polisrecreio.com.br\/site\/wp-json\/wp\/v2\/posts\/12510\/revisions"}],"predecessor-version":[{"id":12513,"href":"https:\/\/www.polisrecreio.com.br\/site\/wp-json\/wp\/v2\/posts\/12510\/revisions\/12513"}],"wp:featuredmedia":[{"embeddable":true,"href":"https:\/\/www.polisrecreio.com.br\/site\/wp-json\/wp\/v2\/media\/12511"}],"wp:attachment":[{"href":"https:\/\/www.polisrecreio.com.br\/site\/wp-json\/wp\/v2\/media?parent=12510"}],"wp:term":[{"taxonomy":"category","embeddable":true,"href":"https:\/\/www.polisrecreio.com.br\/site\/wp-json\/wp\/v2\/categories?post=12510"},{"taxonomy":"post_tag","embeddable":true,"href":"https:\/\/www.polisrecreio.com.br\/site\/wp-json\/wp\/v2\/tags?post=12510"}],"curies":[{"name":"wp","href":"https:\/\/api.w.org\/{rel}","templated":true}]}}