{"id":12514,"date":"2019-01-04T12:47:18","date_gmt":"2019-01-04T15:47:18","guid":{"rendered":"http:\/\/www.polisrecreio.com.br\/site\/?p=12514"},"modified":"2019-01-04T12:59:56","modified_gmt":"2019-01-04T15:59:56","slug":"mesmo-com-estado-devendo-mais-de-r-3-milhoes-prefeito-de-recreio-mantem-pagamento-dos-servidores-em-dia","status":"publish","type":"post","link":"https:\/\/www.polisrecreio.com.br\/site\/2019\/01\/04\/mesmo-com-estado-devendo-mais-de-r-3-milhoes-prefeito-de-recreio-mantem-pagamento-dos-servidores-em-dia\/","title":{"rendered":"Mesmo com Estado devendo mais de R$ 3 milh\u00f5es, prefeito de Recreio mant\u00e9m pagamento dos servidores em dia"},"content":{"rendered":"<p style=\"text-align: justify;\">N\u00e3o \u00e9 de hoje que as finan\u00e7as p\u00fablicas das prefeituras de Minas Gerais v\u00eam passando por uma grave crise, influenciada pela d\u00edvida do Governo do Estado com estes entes governamentais. Como \u00e9 o caso do d\u00e9bito estadual com Recreio que j\u00e1 passou de R$ 3 milh\u00f5es. Contudo, mesmo com este limite administrativo o prefeito de Recreio, Jos\u00e9 Maria Barros, mant\u00e9m o pagamento dos servidores municipais em dia.<\/p>\n<p><!--more--><\/p>\n<figure id=\"attachment_12515\" aria-describedby=\"caption-attachment-12515\" style=\"width: 750px\" class=\"wp-caption aligncenter\"><a href=\"http:\/\/www.polisrecreio.com.br\/site\/wp-content\/uploads\/2019\/01\/DSC_0444.jpg\"><img loading=\"lazy\" class=\"size-full wp-image-12515\" src=\"http:\/\/www.polisrecreio.com.br\/site\/wp-content\/uploads\/2019\/01\/DSC_0444.jpg\" alt=\"\" width=\"750\" height=\"500\" srcset=\"https:\/\/www.polisrecreio.com.br\/site\/wp-content\/uploads\/2019\/01\/DSC_0444.jpg 750w, https:\/\/www.polisrecreio.com.br\/site\/wp-content\/uploads\/2019\/01\/DSC_0444-300x200.jpg 300w\" sizes=\"(max-width: 750px) 100vw, 750px\" \/><\/a><figcaption id=\"caption-attachment-12515\" class=\"wp-caption-text\">Prefeito de Recreio, Jos\u00e9 Maria Barros.<\/figcaption><\/figure>\n<p style=\"text-align: justify;\">Em v\u00eddeo publicado no Facebook oficial da <a href=\"https:\/\/www.facebook.com\/prefeituraderecreio\/\" target=\"_blank\" rel=\"noopener\">Prefeitura Municipal de Recreio<\/a> nesta sexta-feira (4), Jos\u00e9 Maria divulgou a escala referente ao m\u00eas de dezembro.<\/p>\n<p>Confira:<\/p>\n<ul>\n<li>07\/01 (segunda-feira) &#8211; Obras, Aposentados, Desenvolvimento Social, Administra\u00e7\u00e3o e Educa\u00e7\u00e3o;<\/li>\n<li>08\/01 (ter\u00e7a-feira) &#8211; Sa\u00fade.<\/li>\n<\/ul>\n<p style=\"text-align: justify;\">O sal\u00e1rio dos servidores segue em conformidade com a legisla\u00e7\u00e3o trabalhista, que diz que todo empregador tem at\u00e9 o quinto dia \u00fatil do m\u00eas subsequente para pagar o funcionalismo. O limite neste m\u00eas \u00e9 dia 8.<\/p>\n<p style=\"text-align: justify;\">No v\u00eddeo o prefeito Jos\u00e9 Maria Barros disse: \u201co pagamento dos funcion\u00e1rios \u00e9 prioridade em nossa administra\u00e7\u00e3o que completou dois anos com todos compromissos trabalhistas rigorosamente em dia. Agrade\u00e7o a colabora\u00e7\u00e3o de todos os funcion\u00e1rios p\u00fablicos municipais durante o ano de 2018 e que tenhamos um 2019 com muito mais progresso e melhoria de vida em nossa cidade\u201d.<\/p>\n<p style=\"text-align: justify;\">Em Recreio, o d\u00e9bito (ICMS, Piso Mineiro da Assist\u00eancia Social, Transporte Escolar, Sa\u00fade, FUNDEB e etc.) do Governo do Estado com a Prefeitura Municipal chegou a R$ 3.042.451,72. Os dados foram atualizados pela Associa\u00e7\u00e3o Mineira de Munic\u00edpios \u201cAMM\u201d em 27 de dezembro. Em todo Estado a d\u00edvida \u00e9 de R$ 12,2 bilh\u00f5es.<\/p>\n<p style=\"text-align: justify;\">No dia 4 de dezembro o chefe do executivo municipal decretou situa\u00e7\u00e3o de emerg\u00eancia financeira devido a esta falta de repasses e atrav\u00e9s do <a href=\"http:\/\/recreio.mg.gov.br\/images\/Decretos\/2018\/decreto177.pdf\" target=\"_blank\" rel=\"noopener\">decreto 177\/2018<\/a> v\u00e1rias medidas para conten\u00e7\u00e3o de despesa foram adotadas, entre elas: redu\u00e7\u00e3o de todas as despesas que n\u00e3o sejam emergenciais; suspens\u00e3o de nomea\u00e7\u00f5es, exceto para substitui\u00e7\u00e3o estritamente necess\u00e1ria ao andamento do servi\u00e7o p\u00fablico; funcionamento dos setores administrativos em hor\u00e1rio especial, sendo: das 7h \u00e0s 13h; suspens\u00e3o de todos os eventos esportivos, culturais e similares que acarretem despesas com recurso pr\u00f3prio; e etc. O decreto tem vig\u00eancia de 120 dias.<\/p>\n","protected":false},"excerpt":{"rendered":"<p>N\u00e3o \u00e9 de hoje que as finan\u00e7as p\u00fablicas das prefeituras de Minas Gerais v\u00eam passando por uma grave crise, influenciada pela d\u00edvida do Governo do Estado com estes entes governamentais. Como \u00e9 o caso do d\u00e9bito estadual com Recreio que j\u00e1 passou de R$ 3 milh\u00f5es. Contudo, mesmo com este limite administrativo o prefeito de [&hellip;]<\/p>\n","protected":false},"author":3,"featured_media":12515,"comment_status":"open","ping_status":"open","sticky":false,"template":"","format":"standard","meta":[],"categories":[6],"tags":[],"yoast_head":"<!-- This site is optimized with the Yoast SEO plugin v15.6.2 - https:\/\/yoast.com\/wordpress\/plugins\/seo\/ -->\n<meta name=\"robots\" content=\"index, follow, max-snippet:-1, max-image-preview:large, max-video-preview:-1\" \/>\n<link rel=\"canonical\" href=\"https:\/\/www.polisrecreio.com.br\/site\/2019\/01\/04\/mesmo-com-estado-devendo-mais-de-r-3-milhoes-prefeito-de-recreio-mantem-pagamento-dos-servidores-em-dia\/\" \/>\n<meta property=\"og:locale\" content=\"pt_BR\" \/>\n<meta property=\"og:type\" content=\"article\" \/>\n<meta property=\"og:title\" content=\"Mesmo com Estado devendo mais de R$ 3 milh\u00f5es, prefeito de Recreio mant\u00e9m pagamento dos servidores em dia - P\u00f3lis Recreio\" \/>\n<meta property=\"og:description\" content=\"N\u00e3o \u00e9 de hoje que as finan\u00e7as p\u00fablicas das prefeituras de Minas Gerais v\u00eam passando por uma grave crise, influenciada pela d\u00edvida do Governo do Estado com estes entes governamentais. Como \u00e9 o caso do d\u00e9bito estadual com Recreio que j\u00e1 passou de R$ 3 milh\u00f5es. Contudo, mesmo com este limite administrativo o prefeito de [&hellip;]\" \/>\n<meta property=\"og:url\" content=\"https:\/\/www.polisrecreio.com.br\/site\/2019\/01\/04\/mesmo-com-estado-devendo-mais-de-r-3-milhoes-prefeito-de-recreio-mantem-pagamento-dos-servidores-em-dia\/\" \/>\n<meta property=\"og:site_name\" content=\"P\u00f3lis Recreio\" \/>\n<meta property=\"article:publisher\" content=\"https:\/\/www.facebook.com\/Site-P%c3%b3lis-Recreio-MG-181941708571019\/\" \/>\n<meta property=\"article:published_time\" content=\"2019-01-04T15:47:18+00:00\" \/>\n<meta property=\"article:modified_time\" content=\"2019-01-04T15:59:56+00:00\" \/>\n<meta property=\"og:image\" content=\"https:\/\/www.polisrecreio.com.br\/site\/wp-content\/uploads\/2019\/01\/DSC_0444.jpg\" \/>\n\t<meta property=\"og:image:width\" content=\"750\" \/>\n\t<meta property=\"og:image:height\" content=\"500\" \/>\n<meta name=\"twitter:card\" content=\"summary_large_image\" \/>\n<meta name=\"twitter:creator\" content=\"@PolisRecreio\" \/>\n<meta name=\"twitter:site\" content=\"@PolisRecreio\" \/>\n<meta name=\"twitter:label1\" content=\"Est. reading time\">\n\t<meta name=\"twitter:data1\" content=\"2 minutos\">\n<script type=\"application\/ld+json\" class=\"yoast-schema-graph\">{\"@context\":\"https:\/\/schema.org\",\"@graph\":[{\"@type\":\"WebSite\",\"@id\":\"https:\/\/www.polisrecreio.com.br\/site\/#website\",\"url\":\"https:\/\/www.polisrecreio.com.br\/site\/\",\"name\":\"P\\u00f3lis Recreio\",\"description\":\"\",\"potentialAction\":[{\"@type\":\"SearchAction\",\"target\":\"https:\/\/www.polisrecreio.com.br\/site\/?s={search_term_string}\",\"query-input\":\"required name=search_term_string\"}],\"inLanguage\":\"pt-BR\"},{\"@type\":\"ImageObject\",\"@id\":\"https:\/\/www.polisrecreio.com.br\/site\/2019\/01\/04\/mesmo-com-estado-devendo-mais-de-r-3-milhoes-prefeito-de-recreio-mantem-pagamento-dos-servidores-em-dia\/#primaryimage\",\"inLanguage\":\"pt-BR\",\"url\":\"https:\/\/www.polisrecreio.com.br\/site\/wp-content\/uploads\/2019\/01\/DSC_0444.jpg\",\"width\":750,\"height\":500,\"caption\":\"Prefeito de Recreio, Jos\\u00e9 Maria Barros.\"},{\"@type\":\"WebPage\",\"@id\":\"https:\/\/www.polisrecreio.com.br\/site\/2019\/01\/04\/mesmo-com-estado-devendo-mais-de-r-3-milhoes-prefeito-de-recreio-mantem-pagamento-dos-servidores-em-dia\/#webpage\",\"url\":\"https:\/\/www.polisrecreio.com.br\/site\/2019\/01\/04\/mesmo-com-estado-devendo-mais-de-r-3-milhoes-prefeito-de-recreio-mantem-pagamento-dos-servidores-em-dia\/\",\"name\":\"Mesmo com Estado devendo mais de R$ 3 milh\\u00f5es, prefeito de Recreio mant\\u00e9m pagamento dos servidores em dia - P\\u00f3lis Recreio\",\"isPartOf\":{\"@id\":\"https:\/\/www.polisrecreio.com.br\/site\/#website\"},\"primaryImageOfPage\":{\"@id\":\"https:\/\/www.polisrecreio.com.br\/site\/2019\/01\/04\/mesmo-com-estado-devendo-mais-de-r-3-milhoes-prefeito-de-recreio-mantem-pagamento-dos-servidores-em-dia\/#primaryimage\"},\"datePublished\":\"2019-01-04T15:47:18+00:00\",\"dateModified\":\"2019-01-04T15:59:56+00:00\",\"author\":{\"@id\":\"https:\/\/www.polisrecreio.com.br\/site\/#\/schema\/person\/3363c1c78e1e28e1329d97adb387638e\"},\"inLanguage\":\"pt-BR\",\"potentialAction\":[{\"@type\":\"ReadAction\",\"target\":[\"https:\/\/www.polisrecreio.com.br\/site\/2019\/01\/04\/mesmo-com-estado-devendo-mais-de-r-3-milhoes-prefeito-de-recreio-mantem-pagamento-dos-servidores-em-dia\/\"]}]},{\"@type\":\"Person\",\"@id\":\"https:\/\/www.polisrecreio.com.br\/site\/#\/schema\/person\/3363c1c78e1e28e1329d97adb387638e\",\"name\":\"Leonardo Ribeiro\",\"image\":{\"@type\":\"ImageObject\",\"@id\":\"https:\/\/www.polisrecreio.com.br\/site\/#personlogo\",\"inLanguage\":\"pt-BR\",\"url\":\"https:\/\/secure.gravatar.com\/avatar\/6ba92a37d621e1a83e23710251178a12?s=96&d=mm&r=g\",\"caption\":\"Leonardo Ribeiro\"},\"sameAs\":[\"http:\/\/www.polisrecreio.com.br\"]}]}<\/script>\n<!-- \/ Yoast SEO plugin. -->","_links":{"self":[{"href":"https:\/\/www.polisrecreio.com.br\/site\/wp-json\/wp\/v2\/posts\/12514"}],"collection":[{"href":"https:\/\/www.polisrecreio.com.br\/site\/wp-json\/wp\/v2\/posts"}],"about":[{"href":"https:\/\/www.polisrecreio.com.br\/site\/wp-json\/wp\/v2\/types\/post"}],"author":[{"embeddable":true,"href":"https:\/\/www.polisrecreio.com.br\/site\/wp-json\/wp\/v2\/users\/3"}],"replies":[{"embeddable":true,"href":"https:\/\/www.polisrecreio.com.br\/site\/wp-json\/wp\/v2\/comments?post=12514"}],"version-history":[{"count":2,"href":"https:\/\/www.polisrecreio.com.br\/site\/wp-json\/wp\/v2\/posts\/12514\/revisions"}],"predecessor-version":[{"id":12517,"href":"https:\/\/www.polisrecreio.com.br\/site\/wp-json\/wp\/v2\/posts\/12514\/revisions\/12517"}],"wp:featuredmedia":[{"embeddable":true,"href":"https:\/\/www.polisrecreio.com.br\/site\/wp-json\/wp\/v2\/media\/12515"}],"wp:attachment":[{"href":"https:\/\/www.polisrecreio.com.br\/site\/wp-json\/wp\/v2\/media?parent=12514"}],"wp:term":[{"taxonomy":"category","embeddable":true,"href":"https:\/\/www.polisrecreio.com.br\/site\/wp-json\/wp\/v2\/categories?post=12514"},{"taxonomy":"post_tag","embeddable":true,"href":"https:\/\/www.polisrecreio.com.br\/site\/wp-json\/wp\/v2\/tags?post=12514"}],"curies":[{"name":"wp","href":"https:\/\/api.w.org\/{rel}","templated":true}]}}