{"id":12527,"date":"2019-01-05T11:56:31","date_gmt":"2019-01-05T14:56:31","guid":{"rendered":"http:\/\/www.polisrecreio.com.br\/site\/?p=12527"},"modified":"2019-01-05T12:15:48","modified_gmt":"2019-01-05T15:15:48","slug":"vivo-aqui-compro-aqui-conhece-os-16-premiados-da-7a-edicao","status":"publish","type":"post","link":"https:\/\/www.polisrecreio.com.br\/site\/2019\/01\/05\/vivo-aqui-compro-aqui-conhece-os-16-premiados-da-7a-edicao\/","title":{"rendered":"\u201cVivo Aqui, Compro Aqui!\u201d conhece os 16 premiados da 7\u00aa edi\u00e7\u00e3o"},"content":{"rendered":"<p style=\"text-align: justify;\">Na manh\u00e3 deste s\u00e1bado (5) a campanha promocional dos com\u00e9rcios credenciados de Recreio, \u201cVivo Aqui, Compro Aqui!\u201d conheceu os 16 premiados da 7\u00aa edi\u00e7\u00e3o. O sorteio aconteceu ao vivo na R\u00e1dio Mundial FM 104,9.<\/p>\n<p><!--more--><\/p>\n<figure id=\"attachment_12537\" aria-describedby=\"caption-attachment-12537\" style=\"width: 750px\" class=\"wp-caption aligncenter\"><a href=\"http:\/\/www.polisrecreio.com.br\/site\/wp-content\/uploads\/2019\/01\/sorteiojan19.jpg\"><img loading=\"lazy\" class=\"size-full wp-image-12537\" src=\"http:\/\/www.polisrecreio.com.br\/site\/wp-content\/uploads\/2019\/01\/sorteiojan19.jpg\" alt=\"\" width=\"750\" height=\"486\" srcset=\"https:\/\/www.polisrecreio.com.br\/site\/wp-content\/uploads\/2019\/01\/sorteiojan19.jpg 750w, https:\/\/www.polisrecreio.com.br\/site\/wp-content\/uploads\/2019\/01\/sorteiojan19-300x194.jpg 300w\" sizes=\"(max-width: 750px) 100vw, 750px\" \/><\/a><figcaption id=\"caption-attachment-12537\" class=\"wp-caption-text\">Sorteio na Mundial FM.<\/figcaption><\/figure>\n<p style=\"text-align: justify;\">Confira:<\/p>\n<p style=\"text-align: justify;\"><strong>10 DVD\u2019s<\/strong><\/p>\n<p style=\"text-align: justify;\"><em>*os 5 primeiros ganhadores devem retirar pr\u00eamio na Loja Dular;<\/em><\/p>\n<p style=\"text-align: justify;\"><em>*os 5 \u00faltimos ganhadores devem retirar pr\u00eamio na Casa do Sono.<\/em><\/p>\n<ul style=\"text-align: justify;\">\n<li><strong>1\u00aa \u2013 Janice F. G Costa<\/strong><\/li>\n<li>Bairro \u2013 Planalto<\/li>\n<li>Cliente da Drogaria Recreio<\/li>\n<li><strong>2\u00aa \u2013 Eli M\u00e1rcia Rocha<\/strong><\/li>\n<li>Bairro \u2013 Centro<\/li>\n<li>Cliente do Ronaldo Carnes e Frios<\/li>\n<li><strong>3\u00ba &#8211; Marlon Silva Albuquerque<\/strong><\/li>\n<li>Bairro \u2013 Cohab<\/li>\n<li>Cliente do Supermercado Amig\u00e3o<\/li>\n<li><strong>4\u00ba &#8211; Nivaldo Costa<\/strong><\/li>\n<li>Bairro \u2013 Planalto<\/li>\n<li>Cliente da Op\u00e7\u00e3o Modas<\/li>\n<li><strong>5\u00ba &#8211; Anselmo Ant\u00f4nio dos Santos<\/strong><\/li>\n<li>Bairro \u2013 Canto dos Ferreira<\/li>\n<li>Cliente da A Regional Constru\u00e7\u00f5es<\/li>\n<li><strong>6\u00ba &#8211; Hamilton Ferreira<\/strong><\/li>\n<li>Bairro \u2013 Caxias<\/li>\n<li>Cliente da Loja Dular<\/li>\n<li><strong>7\u00ba &#8211; Ana Caroline Bressoline<\/strong><\/li>\n<li>Povoado Barreiros<\/li>\n<li>Cliente da Casa Bressoline<\/li>\n<li><strong>8\u00ba &#8211; Bet\u00e2nia<\/strong><\/li>\n<li>Recreio<\/li>\n<li>Cliente da Casa do Sono<\/li>\n<li><strong>9\u00ba &#8211; Weslen de Paula<\/strong><\/li>\n<li>Bairro \u2013 Canto dos Ferreira<\/li>\n<li>Cliente da Loja Kibarato<\/li>\n<li><strong>10\u00ba &#8211; Ary Meira Brasil<\/strong><\/li>\n<li>Bairro \u2013 Cantos dos Ferreira<\/li>\n<li>Cliente da Nossa Drogaria<\/li>\n<\/ul>\n<p style=\"text-align: justify;\"><strong>2 Microondas<\/strong><\/p>\n<p style=\"text-align: justify;\"><em>*os 2 premiados devem retirar pr\u00eamio na Casa do Sono;<\/em><\/p>\n<ul style=\"text-align: justify;\">\n<li><strong>1\u00ba &#8211; Rita de C\u00e1ssia Bibiano<\/strong><\/li>\n<li>Bairro \u2013 Machados<\/li>\n<li>Cliente da Drogaria Ferraz<\/li>\n<li><strong>2\u00ba &#8211; Anderson Lima Arleu<\/strong><\/li>\n<li>Bairro \u2013 Avenida<\/li>\n<li>Cliente da Loja Yukon Fashion<\/li>\n<\/ul>\n<p style=\"text-align: justify;\"><strong>2 Tanquinho Lava Roupa<\/strong><\/p>\n<p style=\"text-align: justify;\"><em>*os 2 premiados devem retirar pr\u00eamio na Loja Dular;<\/em><\/p>\n<ul style=\"text-align: justify;\">\n<li><strong>1\u00ba &#8211; Jo\u00e3o Ferraz<\/strong><\/li>\n<li>Recreio<\/li>\n<li>Cliente do Seu Bar<\/li>\n<li><strong>2\u00ba &#8211; Sueli Fernandes Villani<\/strong><\/li>\n<li>Bairro \u2013 Centro<\/li>\n<li>Cliente da Agropecu\u00e1ria Recreio<\/li>\n<\/ul>\n<p style=\"text-align: justify;\"><strong>Fog\u00e3o 4 Bocas<\/strong><\/p>\n<p style=\"text-align: justify;\"><em>*o premiado deve retirar pr\u00eamio na MC Eletrom\u00f3veis;<\/em><\/p>\n<ul style=\"text-align: justify;\">\n<li><strong>Maria Madalena de Carvalho Silva<\/strong><\/li>\n<li>Bairro \u2013 Planalto<\/li>\n<li>Cliente da MC Eletrom\u00f3veis<\/li>\n<\/ul>\n<p style=\"text-align: justify;\"><strong>TV 32\u2019\u2019<\/strong><\/p>\n<p style=\"text-align: justify;\"><em>*o premiado deve retirar pr\u00eamio na MC Eletrom\u00f3veis;<\/em><\/p>\n<ul>\n<li style=\"text-align: justify;\"><strong>Alex Ferreira da Silva<\/strong><\/li>\n<li style=\"text-align: justify;\">Bairro \u2013 Rua Oswaldo Alvim<\/li>\n<li style=\"text-align: justify;\">Cliente da Reyvi Internet<\/li>\n<\/ul>\n<p style=\"text-align: justify;\">Participaram do sorteio os locutores, Waldinei e G Martins; K\u00e1tia Garani e Laura, da dire\u00e7\u00e3o da Mundial FM; Abner Rezende, representando a MC Eletrom\u00f3veis; Rodrigo e seu filho Bernardo, representando o Supermercado Amig\u00e3o; Elis\u00e2ngela, representando a Agropecu\u00e1ria Recreio VG; Suely Brasil, secretaria; e Leonardo Ribeiro, organizador da campanha.<\/p>\n<p><a href=\"http:\/\/www.polisrecreio.com.br\/site\/wp-content\/uploads\/2019\/01\/IMG_20190105_105858848.jpg\"><img loading=\"lazy\" class=\"aligncenter size-full wp-image-12529\" src=\"http:\/\/www.polisrecreio.com.br\/site\/wp-content\/uploads\/2019\/01\/IMG_20190105_105858848.jpg\" alt=\"\" width=\"750\" height=\"437\" srcset=\"https:\/\/www.polisrecreio.com.br\/site\/wp-content\/uploads\/2019\/01\/IMG_20190105_105858848.jpg 750w, https:\/\/www.polisrecreio.com.br\/site\/wp-content\/uploads\/2019\/01\/IMG_20190105_105858848-300x175.jpg 300w\" sizes=\"(max-width: 750px) 100vw, 750px\" \/><\/a><\/p>\n<p><strong>Pr\u00eamios extras<\/strong><\/p>\n<p style=\"text-align: justify;\">Al\u00e9m deste sorteio geral diversos lojistas participantes ofereceram pr\u00eamios extras. Veja os contemplados de cada loja:<\/p>\n<p><strong>Nossa Drogaria<\/strong><\/p>\n<ul>\n<li>Juliana Brito Pereira \u2013 Liquidificador<\/li>\n<li>Aline Lacerda \u2013 Ventilador<\/li>\n<li>Sandra M. da Silva \u2013 Sanduicheira<\/li>\n<\/ul>\n<p><strong>Reyvi Internet<\/strong><\/p>\n<p>6 meses de internet gr\u00e1tis<\/p>\n<ul>\n<li>Marcos Fernando Silva de Souza (Recreio)<\/li>\n<li>Reinaldo Moreira da Fonseca (Barreiros)<\/li>\n<li>Franciele Pereira Figueiredo Ruback (Itapiru\u00e7u)<\/li>\n<\/ul>\n<p><strong>MC Eletrom\u00f3veis<\/strong><\/p>\n<ul>\n<li>Leny Ferreira da Silva \u2013 Edredom Casal<\/li>\n<\/ul>\n<p><strong>Yukon Fashion<\/strong><\/p>\n<ul>\n<li>Poliana Leandro Lima \u2013 Pr\u00eamio surpresa<\/li>\n<\/ul>\n<p><strong>Casa Bressoline\/Distribuidora Jucefa<\/strong><\/p>\n<ul>\n<li>Jos\u00e9 Vando Brito \u2013 Ferro el\u00e9trico<\/li>\n<\/ul>\n<p><strong>Supermercado Amig\u00e3o<\/strong><\/p>\n<ul>\n<li>Tamires Caetano Ferreira \u2013 Fog\u00e3o 4 B<\/li>\n<\/ul>\n<p><strong>Loja Dular<\/strong><\/p>\n<ul>\n<li>Lu\u00eds Damasceno Neto \u2013 Sanduicheira<\/li>\n<\/ul>\n<p><strong>Casa do Sono<\/strong><\/p>\n<ul>\n<li>Marluce de Souza Brito \u2013 Ventilador<\/li>\n<\/ul>\n<p><strong>Agropecu\u00e1ria Recreio VG<\/strong><\/p>\n<ul>\n<li>Ademir Faria de Souza \u2013 Vale comprar R$ 100<\/li>\n<\/ul>\n<p><a href=\"http:\/\/www.polisrecreio.com.br\/site\/wp-content\/uploads\/2019\/01\/IMG_20190105_105856328.jpg\"><img loading=\"lazy\" class=\"aligncenter size-full wp-image-12530\" src=\"http:\/\/www.polisrecreio.com.br\/site\/wp-content\/uploads\/2019\/01\/IMG_20190105_105856328.jpg\" alt=\"\" width=\"750\" height=\"437\" srcset=\"https:\/\/www.polisrecreio.com.br\/site\/wp-content\/uploads\/2019\/01\/IMG_20190105_105856328.jpg 750w, https:\/\/www.polisrecreio.com.br\/site\/wp-content\/uploads\/2019\/01\/IMG_20190105_105856328-300x175.jpg 300w\" sizes=\"(max-width: 750px) 100vw, 750px\" \/><\/a><\/p>\n","protected":false},"excerpt":{"rendered":"<p>Na manh\u00e3 deste s\u00e1bado (5) a campanha promocional dos com\u00e9rcios credenciados de Recreio, \u201cVivo Aqui, Compro Aqui!\u201d conheceu os 16 premiados da 7\u00aa edi\u00e7\u00e3o. O sorteio aconteceu ao vivo na R\u00e1dio Mundial FM 104,9.<\/p>\n","protected":false},"author":3,"featured_media":12537,"comment_status":"open","ping_status":"open","sticky":false,"template":"","format":"standard","meta":[],"categories":[6],"tags":[],"yoast_head":"<!-- This site is optimized with the Yoast SEO plugin v15.6.2 - https:\/\/yoast.com\/wordpress\/plugins\/seo\/ -->\n<meta name=\"robots\" content=\"index, follow, max-snippet:-1, max-image-preview:large, max-video-preview:-1\" \/>\n<link rel=\"canonical\" href=\"https:\/\/www.polisrecreio.com.br\/site\/2019\/01\/05\/vivo-aqui-compro-aqui-conhece-os-16-premiados-da-7a-edicao\/\" \/>\n<meta property=\"og:locale\" content=\"pt_BR\" \/>\n<meta property=\"og:type\" content=\"article\" \/>\n<meta property=\"og:title\" content=\"\u201cVivo Aqui, Compro Aqui!\u201d conhece os 16 premiados da 7\u00aa edi\u00e7\u00e3o - P\u00f3lis Recreio\" \/>\n<meta property=\"og:description\" content=\"Na manh\u00e3 deste s\u00e1bado (5) a campanha promocional dos com\u00e9rcios credenciados de Recreio, \u201cVivo Aqui, Compro Aqui!\u201d conheceu os 16 premiados da 7\u00aa edi\u00e7\u00e3o. O sorteio aconteceu ao vivo na R\u00e1dio Mundial FM 104,9.\" \/>\n<meta property=\"og:url\" content=\"https:\/\/www.polisrecreio.com.br\/site\/2019\/01\/05\/vivo-aqui-compro-aqui-conhece-os-16-premiados-da-7a-edicao\/\" \/>\n<meta property=\"og:site_name\" content=\"P\u00f3lis Recreio\" \/>\n<meta property=\"article:publisher\" content=\"https:\/\/www.facebook.com\/Site-P%c3%b3lis-Recreio-MG-181941708571019\/\" \/>\n<meta property=\"article:published_time\" content=\"2019-01-05T14:56:31+00:00\" \/>\n<meta property=\"article:modified_time\" content=\"2019-01-05T15:15:48+00:00\" \/>\n<meta property=\"og:image\" content=\"https:\/\/www.polisrecreio.com.br\/site\/wp-content\/uploads\/2019\/01\/sorteiojan19.jpg\" \/>\n\t<meta property=\"og:image:width\" content=\"750\" \/>\n\t<meta property=\"og:image:height\" content=\"486\" \/>\n<meta name=\"twitter:card\" content=\"summary_large_image\" \/>\n<meta name=\"twitter:creator\" content=\"@PolisRecreio\" \/>\n<meta name=\"twitter:site\" content=\"@PolisRecreio\" \/>\n<meta name=\"twitter:label1\" content=\"Est. reading time\">\n\t<meta name=\"twitter:data1\" content=\"2 minutos\">\n<script type=\"application\/ld+json\" class=\"yoast-schema-graph\">{\"@context\":\"https:\/\/schema.org\",\"@graph\":[{\"@type\":\"WebSite\",\"@id\":\"https:\/\/www.polisrecreio.com.br\/site\/#website\",\"url\":\"https:\/\/www.polisrecreio.com.br\/site\/\",\"name\":\"P\\u00f3lis Recreio\",\"description\":\"\",\"potentialAction\":[{\"@type\":\"SearchAction\",\"target\":\"https:\/\/www.polisrecreio.com.br\/site\/?s={search_term_string}\",\"query-input\":\"required name=search_term_string\"}],\"inLanguage\":\"pt-BR\"},{\"@type\":\"ImageObject\",\"@id\":\"https:\/\/www.polisrecreio.com.br\/site\/2019\/01\/05\/vivo-aqui-compro-aqui-conhece-os-16-premiados-da-7a-edicao\/#primaryimage\",\"inLanguage\":\"pt-BR\",\"url\":\"https:\/\/www.polisrecreio.com.br\/site\/wp-content\/uploads\/2019\/01\/sorteiojan19.jpg\",\"width\":750,\"height\":486,\"caption\":\"Sorteio na Mundial FM.\"},{\"@type\":\"WebPage\",\"@id\":\"https:\/\/www.polisrecreio.com.br\/site\/2019\/01\/05\/vivo-aqui-compro-aqui-conhece-os-16-premiados-da-7a-edicao\/#webpage\",\"url\":\"https:\/\/www.polisrecreio.com.br\/site\/2019\/01\/05\/vivo-aqui-compro-aqui-conhece-os-16-premiados-da-7a-edicao\/\",\"name\":\"\\u201cVivo Aqui, Compro Aqui!\\u201d conhece os 16 premiados da 7\\u00aa edi\\u00e7\\u00e3o - P\\u00f3lis Recreio\",\"isPartOf\":{\"@id\":\"https:\/\/www.polisrecreio.com.br\/site\/#website\"},\"primaryImageOfPage\":{\"@id\":\"https:\/\/www.polisrecreio.com.br\/site\/2019\/01\/05\/vivo-aqui-compro-aqui-conhece-os-16-premiados-da-7a-edicao\/#primaryimage\"},\"datePublished\":\"2019-01-05T14:56:31+00:00\",\"dateModified\":\"2019-01-05T15:15:48+00:00\",\"author\":{\"@id\":\"https:\/\/www.polisrecreio.com.br\/site\/#\/schema\/person\/3363c1c78e1e28e1329d97adb387638e\"},\"inLanguage\":\"pt-BR\",\"potentialAction\":[{\"@type\":\"ReadAction\",\"target\":[\"https:\/\/www.polisrecreio.com.br\/site\/2019\/01\/05\/vivo-aqui-compro-aqui-conhece-os-16-premiados-da-7a-edicao\/\"]}]},{\"@type\":\"Person\",\"@id\":\"https:\/\/www.polisrecreio.com.br\/site\/#\/schema\/person\/3363c1c78e1e28e1329d97adb387638e\",\"name\":\"Leonardo Ribeiro\",\"image\":{\"@type\":\"ImageObject\",\"@id\":\"https:\/\/www.polisrecreio.com.br\/site\/#personlogo\",\"inLanguage\":\"pt-BR\",\"url\":\"https:\/\/secure.gravatar.com\/avatar\/6ba92a37d621e1a83e23710251178a12?s=96&d=mm&r=g\",\"caption\":\"Leonardo Ribeiro\"},\"sameAs\":[\"http:\/\/www.polisrecreio.com.br\"]}]}<\/script>\n<!-- \/ Yoast SEO plugin. -->","_links":{"self":[{"href":"https:\/\/www.polisrecreio.com.br\/site\/wp-json\/wp\/v2\/posts\/12527"}],"collection":[{"href":"https:\/\/www.polisrecreio.com.br\/site\/wp-json\/wp\/v2\/posts"}],"about":[{"href":"https:\/\/www.polisrecreio.com.br\/site\/wp-json\/wp\/v2\/types\/post"}],"author":[{"embeddable":true,"href":"https:\/\/www.polisrecreio.com.br\/site\/wp-json\/wp\/v2\/users\/3"}],"replies":[{"embeddable":true,"href":"https:\/\/www.polisrecreio.com.br\/site\/wp-json\/wp\/v2\/comments?post=12527"}],"version-history":[{"count":5,"href":"https:\/\/www.polisrecreio.com.br\/site\/wp-json\/wp\/v2\/posts\/12527\/revisions"}],"predecessor-version":[{"id":12538,"href":"https:\/\/www.polisrecreio.com.br\/site\/wp-json\/wp\/v2\/posts\/12527\/revisions\/12538"}],"wp:featuredmedia":[{"embeddable":true,"href":"https:\/\/www.polisrecreio.com.br\/site\/wp-json\/wp\/v2\/media\/12537"}],"wp:attachment":[{"href":"https:\/\/www.polisrecreio.com.br\/site\/wp-json\/wp\/v2\/media?parent=12527"}],"wp:term":[{"taxonomy":"category","embeddable":true,"href":"https:\/\/www.polisrecreio.com.br\/site\/wp-json\/wp\/v2\/categories?post=12527"},{"taxonomy":"post_tag","embeddable":true,"href":"https:\/\/www.polisrecreio.com.br\/site\/wp-json\/wp\/v2\/tags?post=12527"}],"curies":[{"name":"wp","href":"https:\/\/api.w.org\/{rel}","templated":true}]}}