{"id":12539,"date":"2019-01-05T14:14:47","date_gmt":"2019-01-05T17:14:47","guid":{"rendered":"http:\/\/www.polisrecreio.com.br\/site\/?p=12539"},"modified":"2019-01-05T14:15:57","modified_gmt":"2019-01-05T17:15:57","slug":"tradicional-festa-de-sao-sebastiao-acontece-de-16-a-20-de-janeiro","status":"publish","type":"post","link":"https:\/\/www.polisrecreio.com.br\/site\/2019\/01\/05\/tradicional-festa-de-sao-sebastiao-acontece-de-16-a-20-de-janeiro\/","title":{"rendered":"Tradicional festa de S\u00e3o Sebasti\u00e3o acontece de 16 a 20 de janeiro"},"content":{"rendered":"<p style=\"text-align: justify;\">A tradicional festa de S\u00e3o Sebasti\u00e3o, em Recreio, acontece de 16 a 20 de janeiro. Este ano o \u00e1pice do festejo (prociss\u00e3o com a imagem do santo, carros de bois, charretes, cavaleiros, amazonas e etc.) ser\u00e1 no domingo.<\/p>\n<p><!--more--><\/p>\n<p><a href=\"http:\/\/www.polisrecreio.com.br\/site\/wp-content\/uploads\/2019\/01\/54.jpg\"><img loading=\"lazy\" class=\"aligncenter size-full wp-image-12540\" src=\"http:\/\/www.polisrecreio.com.br\/site\/wp-content\/uploads\/2019\/01\/54.jpg\" alt=\"\" width=\"750\" height=\"563\" srcset=\"https:\/\/www.polisrecreio.com.br\/site\/wp-content\/uploads\/2019\/01\/54.jpg 750w, https:\/\/www.polisrecreio.com.br\/site\/wp-content\/uploads\/2019\/01\/54-300x225.jpg 300w\" sizes=\"(max-width: 750px) 100vw, 750px\" \/><\/a><\/p>\n<p style=\"text-align: justify;\">Nos quatro primeiros dias haver\u00e1 santa missa na Capela de S\u00e3o Sebasti\u00e3o, no bairro dos Machados, \u00e0s 19h, com os padres: Pe. Carlos Henrique Mariosa (Porto \u2013 Muria\u00e9), Pe. Cust\u00f3dio Jacinto de Souza (S\u00e3o Benedito \u2013 Leopoldina), Pe. Alessandro Tavares Alves (Volta Grande \u2013 Estrela Dalva \u2013 Provid\u00eancia) e Pe. Agnaldo dos Reis Ferraz (Imaculada Concei\u00e7\u00e3o \u2013 Muria\u00e9). No s\u00e1bado, ap\u00f3s a missa, tem animado forr\u00f3.<\/p>\n<p style=\"text-align: justify;\">No dia de S\u00e3o Sebasti\u00e3o, dia 20, domingo, a prociss\u00e3o tem in\u00edcio na Matriz Jesus Menino Deus, a partir das 9h, com dire\u00e7\u00e3o a Capela de S\u00e3o Sebasti\u00e3o. Em seguida acontece a santa missa celebrada pelo p\u00e1roco de Recreio, Pe. Edson Campos. No domingo, a partir das 11:30h, ainda tem almo\u00e7o (R$ 10) e leil\u00e3o de prendas\/bezerros.<\/p>\n<p><a href=\"http:\/\/www.polisrecreio.com.br\/site\/wp-content\/uploads\/2019\/01\/IMG-20190105-WA0004.jpg\"><img loading=\"lazy\" class=\"alignleft size-full wp-image-12541\" src=\"http:\/\/www.polisrecreio.com.br\/site\/wp-content\/uploads\/2019\/01\/IMG-20190105-WA0004.jpg\" alt=\"\" width=\"552\" height=\"768\" srcset=\"https:\/\/www.polisrecreio.com.br\/site\/wp-content\/uploads\/2019\/01\/IMG-20190105-WA0004.jpg 552w, https:\/\/www.polisrecreio.com.br\/site\/wp-content\/uploads\/2019\/01\/IMG-20190105-WA0004-216x300.jpg 216w\" sizes=\"(max-width: 552px) 100vw, 552px\" \/><\/a><\/p>\n","protected":false},"excerpt":{"rendered":"<p>A tradicional festa de S\u00e3o Sebasti\u00e3o, em Recreio, acontece de 16 a 20 de janeiro. Este ano o \u00e1pice do festejo (prociss\u00e3o com a imagem do santo, carros de bois, charretes, cavaleiros, amazonas e etc.) ser\u00e1 no domingo.<\/p>\n","protected":false},"author":3,"featured_media":12540,"comment_status":"open","ping_status":"open","sticky":false,"template":"","format":"standard","meta":[],"categories":[6],"tags":[],"yoast_head":"<!-- This site is optimized with the Yoast SEO plugin v15.6.2 - https:\/\/yoast.com\/wordpress\/plugins\/seo\/ -->\n<meta name=\"robots\" content=\"index, follow, max-snippet:-1, max-image-preview:large, max-video-preview:-1\" \/>\n<link rel=\"canonical\" href=\"http:\/\/www.polisrecreio.com.br\/site\/2019\/01\/05\/tradicional-festa-de-sao-sebastiao-acontece-de-16-a-20-de-janeiro\/\" \/>\n<meta property=\"og:locale\" content=\"pt_BR\" \/>\n<meta property=\"og:type\" content=\"article\" \/>\n<meta property=\"og:title\" content=\"Tradicional festa de S\u00e3o Sebasti\u00e3o acontece de 16 a 20 de janeiro - P\u00f3lis Recreio\" \/>\n<meta property=\"og:description\" content=\"A tradicional festa de S\u00e3o Sebasti\u00e3o, em Recreio, acontece de 16 a 20 de janeiro. Este ano o \u00e1pice do festejo (prociss\u00e3o com a imagem do santo, carros de bois, charretes, cavaleiros, amazonas e etc.) ser\u00e1 no domingo.\" \/>\n<meta property=\"og:url\" content=\"http:\/\/www.polisrecreio.com.br\/site\/2019\/01\/05\/tradicional-festa-de-sao-sebastiao-acontece-de-16-a-20-de-janeiro\/\" \/>\n<meta property=\"og:site_name\" content=\"P\u00f3lis Recreio\" \/>\n<meta property=\"article:publisher\" content=\"https:\/\/www.facebook.com\/Site-P%c3%b3lis-Recreio-MG-181941708571019\/\" \/>\n<meta property=\"article:published_time\" content=\"2019-01-05T17:14:47+00:00\" \/>\n<meta property=\"article:modified_time\" content=\"2019-01-05T17:15:57+00:00\" \/>\n<meta property=\"og:image\" content=\"https:\/\/www.polisrecreio.com.br\/site\/wp-content\/uploads\/2019\/01\/54.jpg\" \/>\n\t<meta property=\"og:image:width\" content=\"750\" \/>\n\t<meta property=\"og:image:height\" content=\"563\" \/>\n<meta name=\"twitter:card\" content=\"summary_large_image\" \/>\n<meta name=\"twitter:creator\" content=\"@PolisRecreio\" \/>\n<meta name=\"twitter:site\" content=\"@PolisRecreio\" \/>\n<meta name=\"twitter:label1\" content=\"Est. reading time\">\n\t<meta name=\"twitter:data1\" content=\"1 minuto\">\n<script type=\"application\/ld+json\" class=\"yoast-schema-graph\">{\"@context\":\"https:\/\/schema.org\",\"@graph\":[{\"@type\":\"WebSite\",\"@id\":\"https:\/\/www.polisrecreio.com.br\/site\/#website\",\"url\":\"https:\/\/www.polisrecreio.com.br\/site\/\",\"name\":\"P\\u00f3lis Recreio\",\"description\":\"\",\"potentialAction\":[{\"@type\":\"SearchAction\",\"target\":\"https:\/\/www.polisrecreio.com.br\/site\/?s={search_term_string}\",\"query-input\":\"required name=search_term_string\"}],\"inLanguage\":\"pt-BR\"},{\"@type\":\"ImageObject\",\"@id\":\"http:\/\/www.polisrecreio.com.br\/site\/2019\/01\/05\/tradicional-festa-de-sao-sebastiao-acontece-de-16-a-20-de-janeiro\/#primaryimage\",\"inLanguage\":\"pt-BR\",\"url\":\"https:\/\/www.polisrecreio.com.br\/site\/wp-content\/uploads\/2019\/01\/54.jpg\",\"width\":750,\"height\":563},{\"@type\":\"WebPage\",\"@id\":\"http:\/\/www.polisrecreio.com.br\/site\/2019\/01\/05\/tradicional-festa-de-sao-sebastiao-acontece-de-16-a-20-de-janeiro\/#webpage\",\"url\":\"http:\/\/www.polisrecreio.com.br\/site\/2019\/01\/05\/tradicional-festa-de-sao-sebastiao-acontece-de-16-a-20-de-janeiro\/\",\"name\":\"Tradicional festa de S\\u00e3o Sebasti\\u00e3o acontece de 16 a 20 de janeiro - P\\u00f3lis Recreio\",\"isPartOf\":{\"@id\":\"https:\/\/www.polisrecreio.com.br\/site\/#website\"},\"primaryImageOfPage\":{\"@id\":\"http:\/\/www.polisrecreio.com.br\/site\/2019\/01\/05\/tradicional-festa-de-sao-sebastiao-acontece-de-16-a-20-de-janeiro\/#primaryimage\"},\"datePublished\":\"2019-01-05T17:14:47+00:00\",\"dateModified\":\"2019-01-05T17:15:57+00:00\",\"author\":{\"@id\":\"https:\/\/www.polisrecreio.com.br\/site\/#\/schema\/person\/3363c1c78e1e28e1329d97adb387638e\"},\"inLanguage\":\"pt-BR\",\"potentialAction\":[{\"@type\":\"ReadAction\",\"target\":[\"http:\/\/www.polisrecreio.com.br\/site\/2019\/01\/05\/tradicional-festa-de-sao-sebastiao-acontece-de-16-a-20-de-janeiro\/\"]}]},{\"@type\":\"Person\",\"@id\":\"https:\/\/www.polisrecreio.com.br\/site\/#\/schema\/person\/3363c1c78e1e28e1329d97adb387638e\",\"name\":\"Leonardo Ribeiro\",\"image\":{\"@type\":\"ImageObject\",\"@id\":\"https:\/\/www.polisrecreio.com.br\/site\/#personlogo\",\"inLanguage\":\"pt-BR\",\"url\":\"https:\/\/secure.gravatar.com\/avatar\/6ba92a37d621e1a83e23710251178a12?s=96&d=mm&r=g\",\"caption\":\"Leonardo Ribeiro\"},\"sameAs\":[\"http:\/\/www.polisrecreio.com.br\"]}]}<\/script>\n<!-- \/ Yoast SEO plugin. -->","_links":{"self":[{"href":"https:\/\/www.polisrecreio.com.br\/site\/wp-json\/wp\/v2\/posts\/12539"}],"collection":[{"href":"https:\/\/www.polisrecreio.com.br\/site\/wp-json\/wp\/v2\/posts"}],"about":[{"href":"https:\/\/www.polisrecreio.com.br\/site\/wp-json\/wp\/v2\/types\/post"}],"author":[{"embeddable":true,"href":"https:\/\/www.polisrecreio.com.br\/site\/wp-json\/wp\/v2\/users\/3"}],"replies":[{"embeddable":true,"href":"https:\/\/www.polisrecreio.com.br\/site\/wp-json\/wp\/v2\/comments?post=12539"}],"version-history":[{"count":2,"href":"https:\/\/www.polisrecreio.com.br\/site\/wp-json\/wp\/v2\/posts\/12539\/revisions"}],"predecessor-version":[{"id":12543,"href":"https:\/\/www.polisrecreio.com.br\/site\/wp-json\/wp\/v2\/posts\/12539\/revisions\/12543"}],"wp:featuredmedia":[{"embeddable":true,"href":"https:\/\/www.polisrecreio.com.br\/site\/wp-json\/wp\/v2\/media\/12540"}],"wp:attachment":[{"href":"https:\/\/www.polisrecreio.com.br\/site\/wp-json\/wp\/v2\/media?parent=12539"}],"wp:term":[{"taxonomy":"category","embeddable":true,"href":"https:\/\/www.polisrecreio.com.br\/site\/wp-json\/wp\/v2\/categories?post=12539"},{"taxonomy":"post_tag","embeddable":true,"href":"https:\/\/www.polisrecreio.com.br\/site\/wp-json\/wp\/v2\/tags?post=12539"}],"curies":[{"name":"wp","href":"https:\/\/api.w.org\/{rel}","templated":true}]}}