{"id":12547,"date":"2019-01-07T08:10:11","date_gmt":"2019-01-07T11:10:11","guid":{"rendered":"http:\/\/www.polisrecreio.com.br\/site\/?p=12547"},"modified":"2019-01-07T08:11:36","modified_gmt":"2019-01-07T11:11:36","slug":"diretor-da-grs-de-leopoldina-e-nomeado-pelo-governador-zema","status":"publish","type":"post","link":"https:\/\/www.polisrecreio.com.br\/site\/2019\/01\/07\/diretor-da-grs-de-leopoldina-e-nomeado-pelo-governador-zema\/","title":{"rendered":"Diretor da GRS de Leopoldina \u00e9 nomeado pelo governador Zema"},"content":{"rendered":"<p style=\"text-align: justify;\">O governador Romeu Zema (NOVO) nomeou no domingo (6) o novo diretor da Ger\u00eancia Regional de Sa\u00fade \u201cGRS\u201d de Leopoldina, Renan Guimar\u00e3es de Oliveira. Funcion\u00e1rio de carreira daquela autarquia, Renan assume o cargo que era ocupado pela fisioterapeuta Aline Santos de Almeida. A nomea\u00e7\u00e3o foi publicada na edi\u00e7\u00e3o extra do Di\u00e1rio Oficial do Estado de Minas Gerais deste domingo (6). A GRS Leopoldina abrange os munic\u00edpios de Al\u00e9m Para\u00edba, Argirita, Astolfo Dutra, Cataguases, Dona Euz\u00e9bia, Estrela Dalva, Itamarati de Minas, Laranjal, Leopoldina, Palma, Pirapetinga, Recreio, Santana de Cataguases, Santo Ant\u00f4nio do Aventureiro e Volta Grande.<\/p>\n<p><!--more--><\/p>\n<p><a href=\"http:\/\/www.polisrecreio.com.br\/site\/wp-content\/uploads\/2019\/01\/1480b42f411141c889926c7605044276.jpg\"><img loading=\"lazy\" class=\"size-full wp-image-12548 aligncenter\" src=\"http:\/\/www.polisrecreio.com.br\/site\/wp-content\/uploads\/2019\/01\/1480b42f411141c889926c7605044276.jpg\" alt=\"\" width=\"750\" height=\"500\" srcset=\"https:\/\/www.polisrecreio.com.br\/site\/wp-content\/uploads\/2019\/01\/1480b42f411141c889926c7605044276.jpg 750w, https:\/\/www.polisrecreio.com.br\/site\/wp-content\/uploads\/2019\/01\/1480b42f411141c889926c7605044276-300x200.jpg 300w\" sizes=\"(max-width: 750px) 100vw, 750px\" \/><\/a><\/p>\n<p style=\"text-align: justify;\">Nascido em Para\u00edba do Sul (RJ), Renan, 33 anos, reside em Leopoldina e \u00e9 Fisioterapeuta. Trabalhou em cl\u00ednicas de fisioterapia entre 2007 e 2008 em sua cidade natal, ingressando em agosto daquele ano na Secretaria de Estado da Sa\u00fade de Minas Gerais (SES-MG) onde exerceu na GRS de Leopoldina a fun\u00e7\u00e3o de especialista em pol\u00edticas e gest\u00e3o da Sa\u00fade. Em outubro de 2018 foi cedido para a Secretaria Municipal de Sa\u00fade de Cataguases, retornando para sua antiga fun\u00e7\u00e3o na GRS de Leopoldina no \u00faltimo dia 2 de janeiro.<\/p>\n<p style=\"text-align: justify;\">Em contato com Renan, o Jornal O Vigilante, parceiro do Site P\u00f3lis na regi\u00e3o, perguntou como ele se sentia ap\u00f3s ser nomeado pelo governador Zema para o cargo de diretor da GRS.\u00a0<em>&#8220;Recebi a nomea\u00e7\u00e3o com muita surpresa e tamb\u00e9m com muita felicidade em poder ocupar um cargo que \u00e9 o objetivo de pessoas que se dedicam e trabalham na sa\u00fade p\u00fablica. \u00c9 uma maneira de tentar coordenar e gerenciar processos a fim de consolidar as pol\u00edticas p\u00fablicas no Sistema \u00danico de Sa\u00fade&#8221;<\/em>, declarou.<\/p>\n<p style=\"text-align: justify;\">O novo diretor esclareceu que ainda n\u00e3o definiu quais ser\u00e3o seus primeiros atos \u00e0 frente da GRS:\u00a0<em>&#8220;\u00c9 um cargo que para mim \u00e9 novo. Vou tentar reconhecer como o servi\u00e7o vem sendo realizado, me ambientar, observar como as coisas est\u00e3o funcionando e somente depois tomarei as decis\u00f5es que considerar necess\u00e1rias \u00e0 frente da GRS&#8221;<\/em>, completou.<\/p>\n<p><em>Com informa\u00e7\u00f5es: Jornal O Vigilante.<\/em><\/p>\n","protected":false},"excerpt":{"rendered":"<p>O governador Romeu Zema (NOVO) nomeou no domingo (6) o novo diretor da Ger\u00eancia Regional de Sa\u00fade \u201cGRS\u201d de Leopoldina, Renan Guimar\u00e3es de Oliveira. Funcion\u00e1rio de carreira daquela autarquia, Renan assume o cargo que era ocupado pela fisioterapeuta Aline Santos de Almeida. A nomea\u00e7\u00e3o foi publicada na edi\u00e7\u00e3o extra do Di\u00e1rio Oficial do Estado de [&hellip;]<\/p>\n","protected":false},"author":3,"featured_media":12548,"comment_status":"open","ping_status":"open","sticky":false,"template":"","format":"standard","meta":[],"categories":[8],"tags":[],"yoast_head":"<!-- This site is optimized with the Yoast SEO plugin v15.6.2 - https:\/\/yoast.com\/wordpress\/plugins\/seo\/ -->\n<meta name=\"robots\" content=\"index, follow, max-snippet:-1, max-image-preview:large, max-video-preview:-1\" \/>\n<link rel=\"canonical\" href=\"https:\/\/www.polisrecreio.com.br\/site\/2019\/01\/07\/diretor-da-grs-de-leopoldina-e-nomeado-pelo-governador-zema\/\" \/>\n<meta property=\"og:locale\" content=\"pt_BR\" \/>\n<meta property=\"og:type\" content=\"article\" \/>\n<meta property=\"og:title\" content=\"Diretor da GRS de Leopoldina \u00e9 nomeado pelo governador Zema - P\u00f3lis Recreio\" \/>\n<meta property=\"og:description\" content=\"O governador Romeu Zema (NOVO) nomeou no domingo (6) o novo diretor da Ger\u00eancia Regional de Sa\u00fade \u201cGRS\u201d de Leopoldina, Renan Guimar\u00e3es de Oliveira. Funcion\u00e1rio de carreira daquela autarquia, Renan assume o cargo que era ocupado pela fisioterapeuta Aline Santos de Almeida. A nomea\u00e7\u00e3o foi publicada na edi\u00e7\u00e3o extra do Di\u00e1rio Oficial do Estado de [&hellip;]\" \/>\n<meta property=\"og:url\" content=\"https:\/\/www.polisrecreio.com.br\/site\/2019\/01\/07\/diretor-da-grs-de-leopoldina-e-nomeado-pelo-governador-zema\/\" \/>\n<meta property=\"og:site_name\" content=\"P\u00f3lis Recreio\" \/>\n<meta property=\"article:publisher\" content=\"https:\/\/www.facebook.com\/Site-P%c3%b3lis-Recreio-MG-181941708571019\/\" \/>\n<meta property=\"article:published_time\" content=\"2019-01-07T11:10:11+00:00\" \/>\n<meta property=\"article:modified_time\" content=\"2019-01-07T11:11:36+00:00\" \/>\n<meta property=\"og:image\" content=\"https:\/\/www.polisrecreio.com.br\/site\/wp-content\/uploads\/2019\/01\/1480b42f411141c889926c7605044276.jpg\" \/>\n\t<meta property=\"og:image:width\" content=\"750\" \/>\n\t<meta property=\"og:image:height\" content=\"500\" \/>\n<meta name=\"twitter:card\" content=\"summary_large_image\" \/>\n<meta name=\"twitter:creator\" content=\"@PolisRecreio\" \/>\n<meta name=\"twitter:site\" content=\"@PolisRecreio\" \/>\n<meta name=\"twitter:label1\" content=\"Est. reading time\">\n\t<meta name=\"twitter:data1\" content=\"2 minutos\">\n<script type=\"application\/ld+json\" class=\"yoast-schema-graph\">{\"@context\":\"https:\/\/schema.org\",\"@graph\":[{\"@type\":\"WebSite\",\"@id\":\"https:\/\/www.polisrecreio.com.br\/site\/#website\",\"url\":\"https:\/\/www.polisrecreio.com.br\/site\/\",\"name\":\"P\\u00f3lis Recreio\",\"description\":\"\",\"potentialAction\":[{\"@type\":\"SearchAction\",\"target\":\"https:\/\/www.polisrecreio.com.br\/site\/?s={search_term_string}\",\"query-input\":\"required name=search_term_string\"}],\"inLanguage\":\"pt-BR\"},{\"@type\":\"ImageObject\",\"@id\":\"https:\/\/www.polisrecreio.com.br\/site\/2019\/01\/07\/diretor-da-grs-de-leopoldina-e-nomeado-pelo-governador-zema\/#primaryimage\",\"inLanguage\":\"pt-BR\",\"url\":\"https:\/\/www.polisrecreio.com.br\/site\/wp-content\/uploads\/2019\/01\/1480b42f411141c889926c7605044276.jpg\",\"width\":750,\"height\":500},{\"@type\":\"WebPage\",\"@id\":\"https:\/\/www.polisrecreio.com.br\/site\/2019\/01\/07\/diretor-da-grs-de-leopoldina-e-nomeado-pelo-governador-zema\/#webpage\",\"url\":\"https:\/\/www.polisrecreio.com.br\/site\/2019\/01\/07\/diretor-da-grs-de-leopoldina-e-nomeado-pelo-governador-zema\/\",\"name\":\"Diretor da GRS de Leopoldina \\u00e9 nomeado pelo governador Zema - P\\u00f3lis Recreio\",\"isPartOf\":{\"@id\":\"https:\/\/www.polisrecreio.com.br\/site\/#website\"},\"primaryImageOfPage\":{\"@id\":\"https:\/\/www.polisrecreio.com.br\/site\/2019\/01\/07\/diretor-da-grs-de-leopoldina-e-nomeado-pelo-governador-zema\/#primaryimage\"},\"datePublished\":\"2019-01-07T11:10:11+00:00\",\"dateModified\":\"2019-01-07T11:11:36+00:00\",\"author\":{\"@id\":\"https:\/\/www.polisrecreio.com.br\/site\/#\/schema\/person\/3363c1c78e1e28e1329d97adb387638e\"},\"inLanguage\":\"pt-BR\",\"potentialAction\":[{\"@type\":\"ReadAction\",\"target\":[\"https:\/\/www.polisrecreio.com.br\/site\/2019\/01\/07\/diretor-da-grs-de-leopoldina-e-nomeado-pelo-governador-zema\/\"]}]},{\"@type\":\"Person\",\"@id\":\"https:\/\/www.polisrecreio.com.br\/site\/#\/schema\/person\/3363c1c78e1e28e1329d97adb387638e\",\"name\":\"Leonardo Ribeiro\",\"image\":{\"@type\":\"ImageObject\",\"@id\":\"https:\/\/www.polisrecreio.com.br\/site\/#personlogo\",\"inLanguage\":\"pt-BR\",\"url\":\"https:\/\/secure.gravatar.com\/avatar\/6ba92a37d621e1a83e23710251178a12?s=96&d=mm&r=g\",\"caption\":\"Leonardo Ribeiro\"},\"sameAs\":[\"http:\/\/www.polisrecreio.com.br\"]}]}<\/script>\n<!-- \/ Yoast SEO plugin. -->","_links":{"self":[{"href":"https:\/\/www.polisrecreio.com.br\/site\/wp-json\/wp\/v2\/posts\/12547"}],"collection":[{"href":"https:\/\/www.polisrecreio.com.br\/site\/wp-json\/wp\/v2\/posts"}],"about":[{"href":"https:\/\/www.polisrecreio.com.br\/site\/wp-json\/wp\/v2\/types\/post"}],"author":[{"embeddable":true,"href":"https:\/\/www.polisrecreio.com.br\/site\/wp-json\/wp\/v2\/users\/3"}],"replies":[{"embeddable":true,"href":"https:\/\/www.polisrecreio.com.br\/site\/wp-json\/wp\/v2\/comments?post=12547"}],"version-history":[{"count":3,"href":"https:\/\/www.polisrecreio.com.br\/site\/wp-json\/wp\/v2\/posts\/12547\/revisions"}],"predecessor-version":[{"id":12551,"href":"https:\/\/www.polisrecreio.com.br\/site\/wp-json\/wp\/v2\/posts\/12547\/revisions\/12551"}],"wp:featuredmedia":[{"embeddable":true,"href":"https:\/\/www.polisrecreio.com.br\/site\/wp-json\/wp\/v2\/media\/12548"}],"wp:attachment":[{"href":"https:\/\/www.polisrecreio.com.br\/site\/wp-json\/wp\/v2\/media?parent=12547"}],"wp:term":[{"taxonomy":"category","embeddable":true,"href":"https:\/\/www.polisrecreio.com.br\/site\/wp-json\/wp\/v2\/categories?post=12547"},{"taxonomy":"post_tag","embeddable":true,"href":"https:\/\/www.polisrecreio.com.br\/site\/wp-json\/wp\/v2\/tags?post=12547"}],"curies":[{"name":"wp","href":"https:\/\/api.w.org\/{rel}","templated":true}]}}