{"id":12552,"date":"2019-01-07T10:11:54","date_gmt":"2019-01-07T13:11:54","guid":{"rendered":"http:\/\/www.polisrecreio.com.br\/site\/?p=12552"},"modified":"2019-01-07T10:13:44","modified_gmt":"2019-01-07T13:13:44","slug":"saae-explica-motivo-das-alteracoes-na-agua-de-recreio","status":"publish","type":"post","link":"https:\/\/www.polisrecreio.com.br\/site\/2019\/01\/07\/saae-explica-motivo-das-alteracoes-na-agua-de-recreio\/","title":{"rendered":"SAAE explica motivo das altera\u00e7\u00f5es na \u00e1gua de Recreio"},"content":{"rendered":"<p style=\"text-align: justify;\">O Servi\u00e7o Aut\u00f4nomo de \u00c1gua e Esgoto \u201cSAAE\u201d, atrav\u00e9s da \u00e1rea t\u00e9cnica da Esta\u00e7\u00e3o de Tratamento de \u00c1gua \u201cETA\u201d, explicou o motivo das altera\u00e7\u00f5es na \u00e1gua de Recreio e indicou evitar o uso do cloro ou da \u00e1gua sanit\u00e1ria na lavagem de roupas, limpeza de pisos e etc. N\u00e3o h\u00e1 contradi\u00e7\u00e3o para consumo humano.<\/p>\n<p><!--more--><\/p>\n<figure id=\"attachment_12553\" aria-describedby=\"caption-attachment-12553\" style=\"width: 750px\" class=\"wp-caption alignleft\"><a href=\"http:\/\/www.polisrecreio.com.br\/site\/wp-content\/uploads\/2019\/01\/DSC_0076.jpg\"><img loading=\"lazy\" class=\"size-full wp-image-12553\" src=\"http:\/\/www.polisrecreio.com.br\/site\/wp-content\/uploads\/2019\/01\/DSC_0076.jpg\" alt=\"\" width=\"750\" height=\"500\" srcset=\"https:\/\/www.polisrecreio.com.br\/site\/wp-content\/uploads\/2019\/01\/DSC_0076.jpg 750w, https:\/\/www.polisrecreio.com.br\/site\/wp-content\/uploads\/2019\/01\/DSC_0076-300x200.jpg 300w\" sizes=\"(max-width: 750px) 100vw, 750px\" \/><\/a><figcaption id=\"caption-attachment-12553\" class=\"wp-caption-text\">Manancial de Recreio.<\/figcaption><\/figure>\n<p style=\"text-align: justify;\">De acordo com o t\u00e9cnico em qu\u00edmica da ETA, Leonardo Pina, neste per\u00edodo de chuvas a \u00e1gua das encostas do manancial, na Serra das Virgens, acabam aumentando a concentra\u00e7\u00e3o de ferro e mangan\u00eas no leito da represa, de onde vem a \u00e1gua que abastece a cidade. \u201cEstes elementos em grandes concentra\u00e7\u00f5es podem conferir a \u00e1gua, cor e sabor, e podem provocar manchas em roupas, pisos, utens\u00edlios sanit\u00e1rios e etc. Por isso \u00e9 bom evitar o uso de cloro ou \u00e1gua sanit\u00e1ria para que n\u00e3o ocorra a rea\u00e7\u00e3o do ferro e do mangan\u00eas com estes produtos. Evitando assim, as manchas indesej\u00e1veis\u201d.<\/p>\n<p style=\"text-align: justify;\">Sobre o consumo humano, o t\u00e9cnico informou que n\u00e3o h\u00e1 nenhuma contraindica\u00e7\u00e3o, mas sugeriu que a \u00e1gua seja filtrada antes de beb\u00ea-la.<\/p>\n<p style=\"text-align: justify;\">Periodicamente a \u00e1gua do manancial e da ETA passam por uma an\u00e1lise em Vi\u00e7osa, no CISAB Zona da Mata.<\/p>\n<p>Demais informa\u00e7\u00f5es podem ser conferidas na Esta\u00e7\u00e3o de Tratamento, pelo telefone (32) 3444-1961.<\/p>\n<p style=\"text-align: justify;\">Confira uma sugest\u00e3o do t\u00e9cnico em qu\u00edmica de um alvejante sem cloro que pode substituir a \u00e1gua sanit\u00e1ria:<\/p>\n<ul>\n<li>4 vidros de \u00e1gua oxigenada de 40 volumes<\/li>\n<li>100 ml de detergente fragr\u00e2ncia ma\u00e7\u00e3 (detergente de cor vermelha)<\/li>\n<li>1,5 litros de \u00e1gua filtrada.<\/li>\n<li>Modo de preparo: coloque a \u00e1gua filtrada em um recipiente pl\u00e1stico limpo e em seguida adicione os outros ingredientes.<\/li>\n<li>Esse produto vai substituir a \u00e1gua sanit\u00e1ria.<\/li>\n<\/ul>\n","protected":false},"excerpt":{"rendered":"<p>O Servi\u00e7o Aut\u00f4nomo de \u00c1gua e Esgoto \u201cSAAE\u201d, atrav\u00e9s da \u00e1rea t\u00e9cnica da Esta\u00e7\u00e3o de Tratamento de \u00c1gua \u201cETA\u201d, explicou o motivo das altera\u00e7\u00f5es na \u00e1gua de Recreio e indicou evitar o uso do cloro ou da \u00e1gua sanit\u00e1ria na lavagem de roupas, limpeza de pisos e etc. N\u00e3o h\u00e1 contradi\u00e7\u00e3o para consumo humano.<\/p>\n","protected":false},"author":3,"featured_media":12553,"comment_status":"open","ping_status":"open","sticky":false,"template":"","format":"standard","meta":[],"categories":[6],"tags":[],"yoast_head":"<!-- This site is optimized with the Yoast SEO plugin v15.6.2 - https:\/\/yoast.com\/wordpress\/plugins\/seo\/ -->\n<meta name=\"robots\" content=\"index, follow, max-snippet:-1, max-image-preview:large, max-video-preview:-1\" \/>\n<link rel=\"canonical\" href=\"https:\/\/www.polisrecreio.com.br\/site\/2019\/01\/07\/saae-explica-motivo-das-alteracoes-na-agua-de-recreio\/\" \/>\n<meta property=\"og:locale\" content=\"pt_BR\" \/>\n<meta property=\"og:type\" content=\"article\" \/>\n<meta property=\"og:title\" content=\"SAAE explica motivo das altera\u00e7\u00f5es na \u00e1gua de Recreio - P\u00f3lis Recreio\" \/>\n<meta property=\"og:description\" content=\"O Servi\u00e7o Aut\u00f4nomo de \u00c1gua e Esgoto \u201cSAAE\u201d, atrav\u00e9s da \u00e1rea t\u00e9cnica da Esta\u00e7\u00e3o de Tratamento de \u00c1gua \u201cETA\u201d, explicou o motivo das altera\u00e7\u00f5es na \u00e1gua de Recreio e indicou evitar o uso do cloro ou da \u00e1gua sanit\u00e1ria na lavagem de roupas, limpeza de pisos e etc. N\u00e3o h\u00e1 contradi\u00e7\u00e3o para consumo humano.\" \/>\n<meta property=\"og:url\" content=\"https:\/\/www.polisrecreio.com.br\/site\/2019\/01\/07\/saae-explica-motivo-das-alteracoes-na-agua-de-recreio\/\" \/>\n<meta property=\"og:site_name\" content=\"P\u00f3lis Recreio\" \/>\n<meta property=\"article:publisher\" content=\"https:\/\/www.facebook.com\/Site-P%c3%b3lis-Recreio-MG-181941708571019\/\" \/>\n<meta property=\"article:published_time\" content=\"2019-01-07T13:11:54+00:00\" \/>\n<meta property=\"article:modified_time\" content=\"2019-01-07T13:13:44+00:00\" \/>\n<meta property=\"og:image\" content=\"https:\/\/www.polisrecreio.com.br\/site\/wp-content\/uploads\/2019\/01\/DSC_0076.jpg\" \/>\n\t<meta property=\"og:image:width\" content=\"750\" \/>\n\t<meta property=\"og:image:height\" content=\"500\" \/>\n<meta name=\"twitter:card\" content=\"summary_large_image\" \/>\n<meta name=\"twitter:creator\" content=\"@PolisRecreio\" \/>\n<meta name=\"twitter:site\" content=\"@PolisRecreio\" \/>\n<meta name=\"twitter:label1\" content=\"Est. reading time\">\n\t<meta name=\"twitter:data1\" content=\"2 minutos\">\n<script type=\"application\/ld+json\" class=\"yoast-schema-graph\">{\"@context\":\"https:\/\/schema.org\",\"@graph\":[{\"@type\":\"WebSite\",\"@id\":\"https:\/\/www.polisrecreio.com.br\/site\/#website\",\"url\":\"https:\/\/www.polisrecreio.com.br\/site\/\",\"name\":\"P\\u00f3lis Recreio\",\"description\":\"\",\"potentialAction\":[{\"@type\":\"SearchAction\",\"target\":\"https:\/\/www.polisrecreio.com.br\/site\/?s={search_term_string}\",\"query-input\":\"required name=search_term_string\"}],\"inLanguage\":\"pt-BR\"},{\"@type\":\"ImageObject\",\"@id\":\"https:\/\/www.polisrecreio.com.br\/site\/2019\/01\/07\/saae-explica-motivo-das-alteracoes-na-agua-de-recreio\/#primaryimage\",\"inLanguage\":\"pt-BR\",\"url\":\"https:\/\/www.polisrecreio.com.br\/site\/wp-content\/uploads\/2019\/01\/DSC_0076.jpg\",\"width\":750,\"height\":500,\"caption\":\"Manancial de Recreio.\"},{\"@type\":\"WebPage\",\"@id\":\"https:\/\/www.polisrecreio.com.br\/site\/2019\/01\/07\/saae-explica-motivo-das-alteracoes-na-agua-de-recreio\/#webpage\",\"url\":\"https:\/\/www.polisrecreio.com.br\/site\/2019\/01\/07\/saae-explica-motivo-das-alteracoes-na-agua-de-recreio\/\",\"name\":\"SAAE explica motivo das altera\\u00e7\\u00f5es na \\u00e1gua de Recreio - P\\u00f3lis Recreio\",\"isPartOf\":{\"@id\":\"https:\/\/www.polisrecreio.com.br\/site\/#website\"},\"primaryImageOfPage\":{\"@id\":\"https:\/\/www.polisrecreio.com.br\/site\/2019\/01\/07\/saae-explica-motivo-das-alteracoes-na-agua-de-recreio\/#primaryimage\"},\"datePublished\":\"2019-01-07T13:11:54+00:00\",\"dateModified\":\"2019-01-07T13:13:44+00:00\",\"author\":{\"@id\":\"https:\/\/www.polisrecreio.com.br\/site\/#\/schema\/person\/3363c1c78e1e28e1329d97adb387638e\"},\"inLanguage\":\"pt-BR\",\"potentialAction\":[{\"@type\":\"ReadAction\",\"target\":[\"https:\/\/www.polisrecreio.com.br\/site\/2019\/01\/07\/saae-explica-motivo-das-alteracoes-na-agua-de-recreio\/\"]}]},{\"@type\":\"Person\",\"@id\":\"https:\/\/www.polisrecreio.com.br\/site\/#\/schema\/person\/3363c1c78e1e28e1329d97adb387638e\",\"name\":\"Leonardo Ribeiro\",\"image\":{\"@type\":\"ImageObject\",\"@id\":\"https:\/\/www.polisrecreio.com.br\/site\/#personlogo\",\"inLanguage\":\"pt-BR\",\"url\":\"https:\/\/secure.gravatar.com\/avatar\/6ba92a37d621e1a83e23710251178a12?s=96&d=mm&r=g\",\"caption\":\"Leonardo Ribeiro\"},\"sameAs\":[\"http:\/\/www.polisrecreio.com.br\"]}]}<\/script>\n<!-- \/ Yoast SEO plugin. -->","_links":{"self":[{"href":"https:\/\/www.polisrecreio.com.br\/site\/wp-json\/wp\/v2\/posts\/12552"}],"collection":[{"href":"https:\/\/www.polisrecreio.com.br\/site\/wp-json\/wp\/v2\/posts"}],"about":[{"href":"https:\/\/www.polisrecreio.com.br\/site\/wp-json\/wp\/v2\/types\/post"}],"author":[{"embeddable":true,"href":"https:\/\/www.polisrecreio.com.br\/site\/wp-json\/wp\/v2\/users\/3"}],"replies":[{"embeddable":true,"href":"https:\/\/www.polisrecreio.com.br\/site\/wp-json\/wp\/v2\/comments?post=12552"}],"version-history":[{"count":3,"href":"https:\/\/www.polisrecreio.com.br\/site\/wp-json\/wp\/v2\/posts\/12552\/revisions"}],"predecessor-version":[{"id":12556,"href":"https:\/\/www.polisrecreio.com.br\/site\/wp-json\/wp\/v2\/posts\/12552\/revisions\/12556"}],"wp:featuredmedia":[{"embeddable":true,"href":"https:\/\/www.polisrecreio.com.br\/site\/wp-json\/wp\/v2\/media\/12553"}],"wp:attachment":[{"href":"https:\/\/www.polisrecreio.com.br\/site\/wp-json\/wp\/v2\/media?parent=12552"}],"wp:term":[{"taxonomy":"category","embeddable":true,"href":"https:\/\/www.polisrecreio.com.br\/site\/wp-json\/wp\/v2\/categories?post=12552"},{"taxonomy":"post_tag","embeddable":true,"href":"https:\/\/www.polisrecreio.com.br\/site\/wp-json\/wp\/v2\/tags?post=12552"}],"curies":[{"name":"wp","href":"https:\/\/api.w.org\/{rel}","templated":true}]}}