{"id":12557,"date":"2019-01-07T11:17:16","date_gmt":"2019-01-07T14:17:16","guid":{"rendered":"http:\/\/www.polisrecreio.com.br\/site\/?p=12557"},"modified":"2019-01-07T11:18:42","modified_gmt":"2019-01-07T14:18:42","slug":"caixa-eletronico-na-sede-da-prefeitura-estara-disponivel-ate-as-16h-desta-segunda-feira-7","status":"publish","type":"post","link":"https:\/\/www.polisrecreio.com.br\/site\/2019\/01\/07\/caixa-eletronico-na-sede-da-prefeitura-estara-disponivel-ate-as-16h-desta-segunda-feira-7\/","title":{"rendered":"Caixa eletr\u00f4nico, na sede da Prefeitura, estar\u00e1 dispon\u00edvel at\u00e9 \u00e0s 16h desta segunda-feira (7)"},"content":{"rendered":"<p style=\"text-align: justify;\">O caixa eletr\u00f4nico, na sede da Prefeitura de Recreio, estar\u00e1 dispon\u00edvel at\u00e9 \u00e0s 16h desta segunda-feira (7). A medida visa oferecer aos servidores p\u00fablicos municipais mais um ponto, al\u00e9m da Casa Lot\u00e9rica, para recebimento do pagamento mensal, segundo informa\u00e7\u00f5es da equipe administrativa da Prefeitura.<\/p>\n<p><!--more--><\/p>\n<p><a href=\"http:\/\/www.polisrecreio.com.br\/site\/wp-content\/uploads\/2019\/01\/IMG_20190107_121226654.jpg\"><img loading=\"lazy\" class=\"size-full wp-image-12558 aligncenter\" src=\"http:\/\/www.polisrecreio.com.br\/site\/wp-content\/uploads\/2019\/01\/IMG_20190107_121226654.jpg\" alt=\"\" width=\"750\" height=\"500\" srcset=\"https:\/\/www.polisrecreio.com.br\/site\/wp-content\/uploads\/2019\/01\/IMG_20190107_121226654.jpg 750w, https:\/\/www.polisrecreio.com.br\/site\/wp-content\/uploads\/2019\/01\/IMG_20190107_121226654-300x200.jpg 300w\" sizes=\"(max-width: 750px) 100vw, 750px\" \/><\/a><\/p>\n<p style=\"text-align: justify;\">Desde dezembro as reparti\u00e7\u00f5es p\u00fablicas municipais est\u00e3o funcionando de 7h \u00e0s 13h, exceto servi\u00e7os essenciais, com objetivo de conter despesas por causa da crise financeira nos cofres p\u00fablicos, influenciado pela d\u00edvida do Governo Estadual com o Munic\u00edpio.<\/p>\n<p style=\"text-align: justify;\">Apesar deste problema, que aflige todo os munic\u00edpios de Minas, os servidores de Recreio est\u00e3o com os sal\u00e1rios em dia. Neste m\u00eas a escala acontece em dois dias: 07\/01 \u2013 Obras, Aposentados, Desenvolvimento Social, Administra\u00e7\u00e3o e Educa\u00e7\u00e3o; 08\/01 \u2013 Sa\u00fade.<\/p>\n","protected":false},"excerpt":{"rendered":"<p>O caixa eletr\u00f4nico, na sede da Prefeitura de Recreio, estar\u00e1 dispon\u00edvel at\u00e9 \u00e0s 16h desta segunda-feira (7). A medida visa oferecer aos servidores p\u00fablicos municipais mais um ponto, al\u00e9m da Casa Lot\u00e9rica, para recebimento do pagamento mensal, segundo informa\u00e7\u00f5es da equipe administrativa da Prefeitura.<\/p>\n","protected":false},"author":3,"featured_media":12558,"comment_status":"open","ping_status":"open","sticky":false,"template":"","format":"standard","meta":[],"categories":[6],"tags":[],"yoast_head":"<!-- This site is optimized with the Yoast SEO plugin v15.6.2 - https:\/\/yoast.com\/wordpress\/plugins\/seo\/ -->\n<meta name=\"robots\" content=\"index, follow, max-snippet:-1, max-image-preview:large, max-video-preview:-1\" \/>\n<link rel=\"canonical\" href=\"http:\/\/www.polisrecreio.com.br\/site\/2019\/01\/07\/caixa-eletronico-na-sede-da-prefeitura-estara-disponivel-ate-as-16h-desta-segunda-feira-7\/\" \/>\n<meta property=\"og:locale\" content=\"pt_BR\" \/>\n<meta property=\"og:type\" content=\"article\" \/>\n<meta property=\"og:title\" content=\"Caixa eletr\u00f4nico, na sede da Prefeitura, estar\u00e1 dispon\u00edvel at\u00e9 \u00e0s 16h desta segunda-feira (7) - P\u00f3lis Recreio\" \/>\n<meta property=\"og:description\" content=\"O caixa eletr\u00f4nico, na sede da Prefeitura de Recreio, estar\u00e1 dispon\u00edvel at\u00e9 \u00e0s 16h desta segunda-feira (7). A medida visa oferecer aos servidores p\u00fablicos municipais mais um ponto, al\u00e9m da Casa Lot\u00e9rica, para recebimento do pagamento mensal, segundo informa\u00e7\u00f5es da equipe administrativa da Prefeitura.\" \/>\n<meta property=\"og:url\" content=\"http:\/\/www.polisrecreio.com.br\/site\/2019\/01\/07\/caixa-eletronico-na-sede-da-prefeitura-estara-disponivel-ate-as-16h-desta-segunda-feira-7\/\" \/>\n<meta property=\"og:site_name\" content=\"P\u00f3lis Recreio\" \/>\n<meta property=\"article:publisher\" content=\"https:\/\/www.facebook.com\/Site-P%c3%b3lis-Recreio-MG-181941708571019\/\" \/>\n<meta property=\"article:published_time\" content=\"2019-01-07T14:17:16+00:00\" \/>\n<meta property=\"article:modified_time\" content=\"2019-01-07T14:18:42+00:00\" \/>\n<meta property=\"og:image\" content=\"https:\/\/www.polisrecreio.com.br\/site\/wp-content\/uploads\/2019\/01\/IMG_20190107_121226654.jpg\" \/>\n\t<meta property=\"og:image:width\" content=\"750\" \/>\n\t<meta property=\"og:image:height\" content=\"500\" \/>\n<meta name=\"twitter:card\" content=\"summary_large_image\" \/>\n<meta name=\"twitter:creator\" content=\"@PolisRecreio\" \/>\n<meta name=\"twitter:site\" content=\"@PolisRecreio\" \/>\n<meta name=\"twitter:label1\" content=\"Est. reading time\">\n\t<meta name=\"twitter:data1\" content=\"1 minuto\">\n<script type=\"application\/ld+json\" class=\"yoast-schema-graph\">{\"@context\":\"https:\/\/schema.org\",\"@graph\":[{\"@type\":\"WebSite\",\"@id\":\"https:\/\/www.polisrecreio.com.br\/site\/#website\",\"url\":\"https:\/\/www.polisrecreio.com.br\/site\/\",\"name\":\"P\\u00f3lis Recreio\",\"description\":\"\",\"potentialAction\":[{\"@type\":\"SearchAction\",\"target\":\"https:\/\/www.polisrecreio.com.br\/site\/?s={search_term_string}\",\"query-input\":\"required name=search_term_string\"}],\"inLanguage\":\"pt-BR\"},{\"@type\":\"ImageObject\",\"@id\":\"http:\/\/www.polisrecreio.com.br\/site\/2019\/01\/07\/caixa-eletronico-na-sede-da-prefeitura-estara-disponivel-ate-as-16h-desta-segunda-feira-7\/#primaryimage\",\"inLanguage\":\"pt-BR\",\"url\":\"https:\/\/www.polisrecreio.com.br\/site\/wp-content\/uploads\/2019\/01\/IMG_20190107_121226654.jpg\",\"width\":750,\"height\":500},{\"@type\":\"WebPage\",\"@id\":\"http:\/\/www.polisrecreio.com.br\/site\/2019\/01\/07\/caixa-eletronico-na-sede-da-prefeitura-estara-disponivel-ate-as-16h-desta-segunda-feira-7\/#webpage\",\"url\":\"http:\/\/www.polisrecreio.com.br\/site\/2019\/01\/07\/caixa-eletronico-na-sede-da-prefeitura-estara-disponivel-ate-as-16h-desta-segunda-feira-7\/\",\"name\":\"Caixa eletr\\u00f4nico, na sede da Prefeitura, estar\\u00e1 dispon\\u00edvel at\\u00e9 \\u00e0s 16h desta segunda-feira (7) - P\\u00f3lis Recreio\",\"isPartOf\":{\"@id\":\"https:\/\/www.polisrecreio.com.br\/site\/#website\"},\"primaryImageOfPage\":{\"@id\":\"http:\/\/www.polisrecreio.com.br\/site\/2019\/01\/07\/caixa-eletronico-na-sede-da-prefeitura-estara-disponivel-ate-as-16h-desta-segunda-feira-7\/#primaryimage\"},\"datePublished\":\"2019-01-07T14:17:16+00:00\",\"dateModified\":\"2019-01-07T14:18:42+00:00\",\"author\":{\"@id\":\"https:\/\/www.polisrecreio.com.br\/site\/#\/schema\/person\/3363c1c78e1e28e1329d97adb387638e\"},\"inLanguage\":\"pt-BR\",\"potentialAction\":[{\"@type\":\"ReadAction\",\"target\":[\"http:\/\/www.polisrecreio.com.br\/site\/2019\/01\/07\/caixa-eletronico-na-sede-da-prefeitura-estara-disponivel-ate-as-16h-desta-segunda-feira-7\/\"]}]},{\"@type\":\"Person\",\"@id\":\"https:\/\/www.polisrecreio.com.br\/site\/#\/schema\/person\/3363c1c78e1e28e1329d97adb387638e\",\"name\":\"Leonardo Ribeiro\",\"image\":{\"@type\":\"ImageObject\",\"@id\":\"https:\/\/www.polisrecreio.com.br\/site\/#personlogo\",\"inLanguage\":\"pt-BR\",\"url\":\"https:\/\/secure.gravatar.com\/avatar\/6ba92a37d621e1a83e23710251178a12?s=96&d=mm&r=g\",\"caption\":\"Leonardo Ribeiro\"},\"sameAs\":[\"http:\/\/www.polisrecreio.com.br\"]}]}<\/script>\n<!-- \/ Yoast SEO plugin. -->","_links":{"self":[{"href":"https:\/\/www.polisrecreio.com.br\/site\/wp-json\/wp\/v2\/posts\/12557"}],"collection":[{"href":"https:\/\/www.polisrecreio.com.br\/site\/wp-json\/wp\/v2\/posts"}],"about":[{"href":"https:\/\/www.polisrecreio.com.br\/site\/wp-json\/wp\/v2\/types\/post"}],"author":[{"embeddable":true,"href":"https:\/\/www.polisrecreio.com.br\/site\/wp-json\/wp\/v2\/users\/3"}],"replies":[{"embeddable":true,"href":"https:\/\/www.polisrecreio.com.br\/site\/wp-json\/wp\/v2\/comments?post=12557"}],"version-history":[{"count":3,"href":"https:\/\/www.polisrecreio.com.br\/site\/wp-json\/wp\/v2\/posts\/12557\/revisions"}],"predecessor-version":[{"id":12561,"href":"https:\/\/www.polisrecreio.com.br\/site\/wp-json\/wp\/v2\/posts\/12557\/revisions\/12561"}],"wp:featuredmedia":[{"embeddable":true,"href":"https:\/\/www.polisrecreio.com.br\/site\/wp-json\/wp\/v2\/media\/12558"}],"wp:attachment":[{"href":"https:\/\/www.polisrecreio.com.br\/site\/wp-json\/wp\/v2\/media?parent=12557"}],"wp:term":[{"taxonomy":"category","embeddable":true,"href":"https:\/\/www.polisrecreio.com.br\/site\/wp-json\/wp\/v2\/categories?post=12557"},{"taxonomy":"post_tag","embeddable":true,"href":"https:\/\/www.polisrecreio.com.br\/site\/wp-json\/wp\/v2\/tags?post=12557"}],"curies":[{"name":"wp","href":"https:\/\/api.w.org\/{rel}","templated":true}]}}