{"id":12570,"date":"2019-01-07T19:25:53","date_gmt":"2019-01-07T22:25:53","guid":{"rendered":"http:\/\/www.polisrecreio.com.br\/site\/?p=12570"},"modified":"2019-01-07T19:28:06","modified_gmt":"2019-01-07T22:28:06","slug":"recreio-e-uma-das-26-cidades-de-mg-autorizadas-a-emitir-certificado-internacional-de-vacinacao","status":"publish","type":"post","link":"https:\/\/www.polisrecreio.com.br\/site\/2019\/01\/07\/recreio-e-uma-das-26-cidades-de-mg-autorizadas-a-emitir-certificado-internacional-de-vacinacao\/","title":{"rendered":"Recreio \u00e9 uma das 26 cidades de MG autorizadas a emitir Certificado Internacional de Vacina\u00e7\u00e3o"},"content":{"rendered":"<p style=\"text-align: justify;\">A cidade de Recreio \u00e9 uma das 26 cidades de Minas Gerais autorizadas a emitir o Certificado Internacional de Vacina\u00e7\u00e3o e Profilaxia \u201cCIVP\u201d. O credenciamento, por meio da Ag\u00eancia Nacional de Vigil\u00e2ncia Sanit\u00e1ria \u201cANVISA\u201d, aconteceu no final de 2018.<\/p>\n<p><!--more--><\/p>\n<p><a href=\"http:\/\/www.polisrecreio.com.br\/site\/wp-content\/uploads\/2019\/01\/certificado-vacinacao-febre-amarela.jpg\"><img loading=\"lazy\" class=\"aligncenter size-full wp-image-12572\" src=\"http:\/\/www.polisrecreio.com.br\/site\/wp-content\/uploads\/2019\/01\/certificado-vacinacao-febre-amarela.jpg\" alt=\"\" width=\"750\" height=\"500\" srcset=\"https:\/\/www.polisrecreio.com.br\/site\/wp-content\/uploads\/2019\/01\/certificado-vacinacao-febre-amarela.jpg 750w, https:\/\/www.polisrecreio.com.br\/site\/wp-content\/uploads\/2019\/01\/certificado-vacinacao-febre-amarela-300x200.jpg 300w\" sizes=\"(max-width: 750px) 100vw, 750px\" \/><\/a><\/p>\n<p style=\"text-align: justify;\">O documento \u00e9 diferente do Cart\u00e3o Nacional de Vacina\u00e7\u00e3o e \u00e9 obrigat\u00f3rio para viajantes entrarem em alguns pa\u00edses que exigem vacinas.<\/p>\n<p style=\"text-align: justify;\">A emiss\u00e3o do Certificado \u00e9 realizada na Unidade B\u00e1sica de Sa\u00fade Samuel Siqueira de Oliveira.<\/p>\n<p style=\"text-align: justify;\">Confira lista da ANVISA das <a href=\"http:\/\/portal.anvisa.gov.br\/documents\/375992\/3517921\/mg.pdf\/6fead270-098e-4d30-b5e2-63b8211cac4a\" target=\"_blank\" rel=\"noopener\">unidades emissoras<\/a> do CIVP.<\/p>\n","protected":false},"excerpt":{"rendered":"<p>A cidade de Recreio \u00e9 uma das 26 cidades de Minas Gerais autorizadas a emitir o Certificado Internacional de Vacina\u00e7\u00e3o e Profilaxia \u201cCIVP\u201d. O credenciamento, por meio da Ag\u00eancia Nacional de Vigil\u00e2ncia Sanit\u00e1ria \u201cANVISA\u201d, aconteceu no final de 2018.<\/p>\n","protected":false},"author":3,"featured_media":12572,"comment_status":"open","ping_status":"open","sticky":false,"template":"","format":"standard","meta":[],"categories":[7],"tags":[],"yoast_head":"<!-- This site is optimized with the Yoast SEO plugin v15.6.2 - https:\/\/yoast.com\/wordpress\/plugins\/seo\/ -->\n<meta name=\"robots\" content=\"index, follow, max-snippet:-1, max-image-preview:large, max-video-preview:-1\" \/>\n<link rel=\"canonical\" href=\"https:\/\/www.polisrecreio.com.br\/site\/2019\/01\/07\/recreio-e-uma-das-26-cidades-de-mg-autorizadas-a-emitir-certificado-internacional-de-vacinacao\/\" \/>\n<meta property=\"og:locale\" content=\"pt_BR\" \/>\n<meta property=\"og:type\" content=\"article\" \/>\n<meta property=\"og:title\" content=\"Recreio \u00e9 uma das 26 cidades de MG autorizadas a emitir Certificado Internacional de Vacina\u00e7\u00e3o - P\u00f3lis Recreio\" \/>\n<meta property=\"og:description\" content=\"A cidade de Recreio \u00e9 uma das 26 cidades de Minas Gerais autorizadas a emitir o Certificado Internacional de Vacina\u00e7\u00e3o e Profilaxia \u201cCIVP\u201d. O credenciamento, por meio da Ag\u00eancia Nacional de Vigil\u00e2ncia Sanit\u00e1ria \u201cANVISA\u201d, aconteceu no final de 2018.\" \/>\n<meta property=\"og:url\" content=\"https:\/\/www.polisrecreio.com.br\/site\/2019\/01\/07\/recreio-e-uma-das-26-cidades-de-mg-autorizadas-a-emitir-certificado-internacional-de-vacinacao\/\" \/>\n<meta property=\"og:site_name\" content=\"P\u00f3lis Recreio\" \/>\n<meta property=\"article:publisher\" content=\"https:\/\/www.facebook.com\/Site-P%c3%b3lis-Recreio-MG-181941708571019\/\" \/>\n<meta property=\"article:published_time\" content=\"2019-01-07T22:25:53+00:00\" \/>\n<meta property=\"article:modified_time\" content=\"2019-01-07T22:28:06+00:00\" \/>\n<meta property=\"og:image\" content=\"https:\/\/www.polisrecreio.com.br\/site\/wp-content\/uploads\/2019\/01\/certificado-vacinacao-febre-amarela.jpg\" \/>\n\t<meta property=\"og:image:width\" content=\"750\" \/>\n\t<meta property=\"og:image:height\" content=\"500\" \/>\n<meta name=\"twitter:card\" content=\"summary_large_image\" \/>\n<meta name=\"twitter:creator\" content=\"@PolisRecreio\" \/>\n<meta name=\"twitter:site\" content=\"@PolisRecreio\" \/>\n<script type=\"application\/ld+json\" class=\"yoast-schema-graph\">{\"@context\":\"https:\/\/schema.org\",\"@graph\":[{\"@type\":\"WebSite\",\"@id\":\"https:\/\/www.polisrecreio.com.br\/site\/#website\",\"url\":\"https:\/\/www.polisrecreio.com.br\/site\/\",\"name\":\"P\\u00f3lis Recreio\",\"description\":\"\",\"potentialAction\":[{\"@type\":\"SearchAction\",\"target\":\"https:\/\/www.polisrecreio.com.br\/site\/?s={search_term_string}\",\"query-input\":\"required name=search_term_string\"}],\"inLanguage\":\"pt-BR\"},{\"@type\":\"ImageObject\",\"@id\":\"https:\/\/www.polisrecreio.com.br\/site\/2019\/01\/07\/recreio-e-uma-das-26-cidades-de-mg-autorizadas-a-emitir-certificado-internacional-de-vacinacao\/#primaryimage\",\"inLanguage\":\"pt-BR\",\"url\":\"https:\/\/www.polisrecreio.com.br\/site\/wp-content\/uploads\/2019\/01\/certificado-vacinacao-febre-amarela.jpg\",\"width\":750,\"height\":500},{\"@type\":\"WebPage\",\"@id\":\"https:\/\/www.polisrecreio.com.br\/site\/2019\/01\/07\/recreio-e-uma-das-26-cidades-de-mg-autorizadas-a-emitir-certificado-internacional-de-vacinacao\/#webpage\",\"url\":\"https:\/\/www.polisrecreio.com.br\/site\/2019\/01\/07\/recreio-e-uma-das-26-cidades-de-mg-autorizadas-a-emitir-certificado-internacional-de-vacinacao\/\",\"name\":\"Recreio \\u00e9 uma das 26 cidades de MG autorizadas a emitir Certificado Internacional de Vacina\\u00e7\\u00e3o - P\\u00f3lis Recreio\",\"isPartOf\":{\"@id\":\"https:\/\/www.polisrecreio.com.br\/site\/#website\"},\"primaryImageOfPage\":{\"@id\":\"https:\/\/www.polisrecreio.com.br\/site\/2019\/01\/07\/recreio-e-uma-das-26-cidades-de-mg-autorizadas-a-emitir-certificado-internacional-de-vacinacao\/#primaryimage\"},\"datePublished\":\"2019-01-07T22:25:53+00:00\",\"dateModified\":\"2019-01-07T22:28:06+00:00\",\"author\":{\"@id\":\"https:\/\/www.polisrecreio.com.br\/site\/#\/schema\/person\/3363c1c78e1e28e1329d97adb387638e\"},\"inLanguage\":\"pt-BR\",\"potentialAction\":[{\"@type\":\"ReadAction\",\"target\":[\"https:\/\/www.polisrecreio.com.br\/site\/2019\/01\/07\/recreio-e-uma-das-26-cidades-de-mg-autorizadas-a-emitir-certificado-internacional-de-vacinacao\/\"]}]},{\"@type\":\"Person\",\"@id\":\"https:\/\/www.polisrecreio.com.br\/site\/#\/schema\/person\/3363c1c78e1e28e1329d97adb387638e\",\"name\":\"Leonardo Ribeiro\",\"image\":{\"@type\":\"ImageObject\",\"@id\":\"https:\/\/www.polisrecreio.com.br\/site\/#personlogo\",\"inLanguage\":\"pt-BR\",\"url\":\"https:\/\/secure.gravatar.com\/avatar\/6ba92a37d621e1a83e23710251178a12?s=96&d=mm&r=g\",\"caption\":\"Leonardo Ribeiro\"},\"sameAs\":[\"http:\/\/www.polisrecreio.com.br\"]}]}<\/script>\n<!-- \/ Yoast SEO plugin. -->","_links":{"self":[{"href":"https:\/\/www.polisrecreio.com.br\/site\/wp-json\/wp\/v2\/posts\/12570"}],"collection":[{"href":"https:\/\/www.polisrecreio.com.br\/site\/wp-json\/wp\/v2\/posts"}],"about":[{"href":"https:\/\/www.polisrecreio.com.br\/site\/wp-json\/wp\/v2\/types\/post"}],"author":[{"embeddable":true,"href":"https:\/\/www.polisrecreio.com.br\/site\/wp-json\/wp\/v2\/users\/3"}],"replies":[{"embeddable":true,"href":"https:\/\/www.polisrecreio.com.br\/site\/wp-json\/wp\/v2\/comments?post=12570"}],"version-history":[{"count":3,"href":"https:\/\/www.polisrecreio.com.br\/site\/wp-json\/wp\/v2\/posts\/12570\/revisions"}],"predecessor-version":[{"id":12575,"href":"https:\/\/www.polisrecreio.com.br\/site\/wp-json\/wp\/v2\/posts\/12570\/revisions\/12575"}],"wp:featuredmedia":[{"embeddable":true,"href":"https:\/\/www.polisrecreio.com.br\/site\/wp-json\/wp\/v2\/media\/12572"}],"wp:attachment":[{"href":"https:\/\/www.polisrecreio.com.br\/site\/wp-json\/wp\/v2\/media?parent=12570"}],"wp:term":[{"taxonomy":"category","embeddable":true,"href":"https:\/\/www.polisrecreio.com.br\/site\/wp-json\/wp\/v2\/categories?post=12570"},{"taxonomy":"post_tag","embeddable":true,"href":"https:\/\/www.polisrecreio.com.br\/site\/wp-json\/wp\/v2\/tags?post=12570"}],"curies":[{"name":"wp","href":"https:\/\/api.w.org\/{rel}","templated":true}]}}