{"id":12576,"date":"2019-01-08T10:27:01","date_gmt":"2019-01-08T13:27:01","guid":{"rendered":"http:\/\/www.polisrecreio.com.br\/site\/?p=12576"},"modified":"2019-01-08T10:27:01","modified_gmt":"2019-01-08T13:27:01","slug":"pagamento-do-1-3-de-ferias-da-educacao-municipal-ficou-para-folha-de-janeiro","status":"publish","type":"post","link":"https:\/\/www.polisrecreio.com.br\/site\/2019\/01\/08\/pagamento-do-1-3-de-ferias-da-educacao-municipal-ficou-para-folha-de-janeiro\/","title":{"rendered":"Pagamento do 1\/3 de f\u00e9rias da educa\u00e7\u00e3o municipal ficou para folha de janeiro"},"content":{"rendered":"<p style=\"text-align: justify;\">O pagamento do 1\/3 de f\u00e9rias dos profissionais da educa\u00e7\u00e3o municipal de Recreio ficou para a folha salarial referente ao m\u00eas de janeiro, assim como ocorreu no passado. O comunicado foi emitido pela Prefeitura Municipal, atrav\u00e9s da Secretaria Municipal de Educa\u00e7\u00e3o e Cultura.<\/p>\n<p><!--more--><\/p>\n<p><a href=\"http:\/\/www.polisrecreio.com.br\/site\/wp-content\/uploads\/2019\/01\/CN297.jpg\"><img loading=\"lazy\" class=\"aligncenter size-full wp-image-12577\" src=\"http:\/\/www.polisrecreio.com.br\/site\/wp-content\/uploads\/2019\/01\/CN297.jpg\" alt=\"\" width=\"750\" height=\"499\" srcset=\"https:\/\/www.polisrecreio.com.br\/site\/wp-content\/uploads\/2019\/01\/CN297.jpg 750w, https:\/\/www.polisrecreio.com.br\/site\/wp-content\/uploads\/2019\/01\/CN297-300x200.jpg 300w\" sizes=\"(max-width: 750px) 100vw, 750px\" \/><\/a><\/p>\n<p style=\"text-align: justify;\">No comunicado a Administra\u00e7\u00e3o do prefeito Jos\u00e9 Maria Barros destaca que h\u00e1 uma d\u00edvida do Governo do Estado com Recreio de R$ 3.042.451,72 (atualizada pela AMM em 27 de dezembro) e que desde montante R$ 1.433.653,38 referem-se ao FUNDEB (R$ 1.342.686,92\/FUNDEB \u2013 retidos do ICMS e IPVA para educa\u00e7\u00e3o e mais R$ 90.966,46\/FUNDEB \u2013 juros e corre\u00e7\u00f5es de 2017).<\/p>\n<p style=\"text-align: justify;\">\u201cVale destacar que mesmo com o caos nas finan\u00e7as p\u00fablicas, acarretado pela d\u00edvida estadual, a Prefeitura est\u00e1 com todos os direitos trabalhistas rigorosamente em dia e os limites constitucionais de gastos de receita l\u00edquida e do FUNDEB est\u00e3o em conformidade com as exig\u00eancias\u201d, informa.<\/p>\n<p style=\"text-align: justify;\">Na segunda-feira (7) os profissionais da educa\u00e7\u00e3o receberam o pagamento referente a dezembro, assim como os servidores do setor de obras, desenvolvimento social, aposentados e administra\u00e7\u00e3o. Nesta ter\u00e7a-feira (8) o funcionalismo do setor de sa\u00fade est\u00e3o recebendo.<\/p>\n","protected":false},"excerpt":{"rendered":"<p>O pagamento do 1\/3 de f\u00e9rias dos profissionais da educa\u00e7\u00e3o municipal de Recreio ficou para a folha salarial referente ao m\u00eas de janeiro, assim como ocorreu no passado. O comunicado foi emitido pela Prefeitura Municipal, atrav\u00e9s da Secretaria Municipal de Educa\u00e7\u00e3o e Cultura.<\/p>\n","protected":false},"author":3,"featured_media":12577,"comment_status":"open","ping_status":"open","sticky":false,"template":"","format":"standard","meta":[],"categories":[9],"tags":[],"yoast_head":"<!-- This site is optimized with the Yoast SEO plugin v15.6.2 - https:\/\/yoast.com\/wordpress\/plugins\/seo\/ -->\n<meta name=\"robots\" content=\"index, follow, max-snippet:-1, max-image-preview:large, max-video-preview:-1\" \/>\n<link rel=\"canonical\" href=\"http:\/\/www.polisrecreio.com.br\/site\/2019\/01\/08\/pagamento-do-1-3-de-ferias-da-educacao-municipal-ficou-para-folha-de-janeiro\/\" \/>\n<meta property=\"og:locale\" content=\"pt_BR\" \/>\n<meta property=\"og:type\" content=\"article\" \/>\n<meta property=\"og:title\" content=\"Pagamento do 1\/3 de f\u00e9rias da educa\u00e7\u00e3o municipal ficou para folha de janeiro - P\u00f3lis Recreio\" \/>\n<meta property=\"og:description\" content=\"O pagamento do 1\/3 de f\u00e9rias dos profissionais da educa\u00e7\u00e3o municipal de Recreio ficou para a folha salarial referente ao m\u00eas de janeiro, assim como ocorreu no passado. O comunicado foi emitido pela Prefeitura Municipal, atrav\u00e9s da Secretaria Municipal de Educa\u00e7\u00e3o e Cultura.\" \/>\n<meta property=\"og:url\" content=\"http:\/\/www.polisrecreio.com.br\/site\/2019\/01\/08\/pagamento-do-1-3-de-ferias-da-educacao-municipal-ficou-para-folha-de-janeiro\/\" \/>\n<meta property=\"og:site_name\" content=\"P\u00f3lis Recreio\" \/>\n<meta property=\"article:publisher\" content=\"https:\/\/www.facebook.com\/Site-P%c3%b3lis-Recreio-MG-181941708571019\/\" \/>\n<meta property=\"article:published_time\" content=\"2019-01-08T13:27:01+00:00\" \/>\n<meta property=\"og:image\" content=\"https:\/\/www.polisrecreio.com.br\/site\/wp-content\/uploads\/2019\/01\/CN297.jpg\" \/>\n\t<meta property=\"og:image:width\" content=\"750\" \/>\n\t<meta property=\"og:image:height\" content=\"499\" \/>\n<meta name=\"twitter:card\" content=\"summary_large_image\" \/>\n<meta name=\"twitter:creator\" content=\"@PolisRecreio\" \/>\n<meta name=\"twitter:site\" content=\"@PolisRecreio\" \/>\n<meta name=\"twitter:label1\" content=\"Est. reading time\">\n\t<meta name=\"twitter:data1\" content=\"1 minuto\">\n<script type=\"application\/ld+json\" class=\"yoast-schema-graph\">{\"@context\":\"https:\/\/schema.org\",\"@graph\":[{\"@type\":\"WebSite\",\"@id\":\"https:\/\/www.polisrecreio.com.br\/site\/#website\",\"url\":\"https:\/\/www.polisrecreio.com.br\/site\/\",\"name\":\"P\\u00f3lis Recreio\",\"description\":\"\",\"potentialAction\":[{\"@type\":\"SearchAction\",\"target\":\"https:\/\/www.polisrecreio.com.br\/site\/?s={search_term_string}\",\"query-input\":\"required name=search_term_string\"}],\"inLanguage\":\"pt-BR\"},{\"@type\":\"ImageObject\",\"@id\":\"http:\/\/www.polisrecreio.com.br\/site\/2019\/01\/08\/pagamento-do-1-3-de-ferias-da-educacao-municipal-ficou-para-folha-de-janeiro\/#primaryimage\",\"inLanguage\":\"pt-BR\",\"url\":\"https:\/\/www.polisrecreio.com.br\/site\/wp-content\/uploads\/2019\/01\/CN297.jpg\",\"width\":750,\"height\":499},{\"@type\":\"WebPage\",\"@id\":\"http:\/\/www.polisrecreio.com.br\/site\/2019\/01\/08\/pagamento-do-1-3-de-ferias-da-educacao-municipal-ficou-para-folha-de-janeiro\/#webpage\",\"url\":\"http:\/\/www.polisrecreio.com.br\/site\/2019\/01\/08\/pagamento-do-1-3-de-ferias-da-educacao-municipal-ficou-para-folha-de-janeiro\/\",\"name\":\"Pagamento do 1\/3 de f\\u00e9rias da educa\\u00e7\\u00e3o municipal ficou para folha de janeiro - P\\u00f3lis Recreio\",\"isPartOf\":{\"@id\":\"https:\/\/www.polisrecreio.com.br\/site\/#website\"},\"primaryImageOfPage\":{\"@id\":\"http:\/\/www.polisrecreio.com.br\/site\/2019\/01\/08\/pagamento-do-1-3-de-ferias-da-educacao-municipal-ficou-para-folha-de-janeiro\/#primaryimage\"},\"datePublished\":\"2019-01-08T13:27:01+00:00\",\"dateModified\":\"2019-01-08T13:27:01+00:00\",\"author\":{\"@id\":\"https:\/\/www.polisrecreio.com.br\/site\/#\/schema\/person\/3363c1c78e1e28e1329d97adb387638e\"},\"inLanguage\":\"pt-BR\",\"potentialAction\":[{\"@type\":\"ReadAction\",\"target\":[\"http:\/\/www.polisrecreio.com.br\/site\/2019\/01\/08\/pagamento-do-1-3-de-ferias-da-educacao-municipal-ficou-para-folha-de-janeiro\/\"]}]},{\"@type\":\"Person\",\"@id\":\"https:\/\/www.polisrecreio.com.br\/site\/#\/schema\/person\/3363c1c78e1e28e1329d97adb387638e\",\"name\":\"Leonardo Ribeiro\",\"image\":{\"@type\":\"ImageObject\",\"@id\":\"https:\/\/www.polisrecreio.com.br\/site\/#personlogo\",\"inLanguage\":\"pt-BR\",\"url\":\"https:\/\/secure.gravatar.com\/avatar\/6ba92a37d621e1a83e23710251178a12?s=96&d=mm&r=g\",\"caption\":\"Leonardo Ribeiro\"},\"sameAs\":[\"http:\/\/www.polisrecreio.com.br\"]}]}<\/script>\n<!-- \/ Yoast SEO plugin. -->","_links":{"self":[{"href":"https:\/\/www.polisrecreio.com.br\/site\/wp-json\/wp\/v2\/posts\/12576"}],"collection":[{"href":"https:\/\/www.polisrecreio.com.br\/site\/wp-json\/wp\/v2\/posts"}],"about":[{"href":"https:\/\/www.polisrecreio.com.br\/site\/wp-json\/wp\/v2\/types\/post"}],"author":[{"embeddable":true,"href":"https:\/\/www.polisrecreio.com.br\/site\/wp-json\/wp\/v2\/users\/3"}],"replies":[{"embeddable":true,"href":"https:\/\/www.polisrecreio.com.br\/site\/wp-json\/wp\/v2\/comments?post=12576"}],"version-history":[{"count":1,"href":"https:\/\/www.polisrecreio.com.br\/site\/wp-json\/wp\/v2\/posts\/12576\/revisions"}],"predecessor-version":[{"id":12578,"href":"https:\/\/www.polisrecreio.com.br\/site\/wp-json\/wp\/v2\/posts\/12576\/revisions\/12578"}],"wp:featuredmedia":[{"embeddable":true,"href":"https:\/\/www.polisrecreio.com.br\/site\/wp-json\/wp\/v2\/media\/12577"}],"wp:attachment":[{"href":"https:\/\/www.polisrecreio.com.br\/site\/wp-json\/wp\/v2\/media?parent=12576"}],"wp:term":[{"taxonomy":"category","embeddable":true,"href":"https:\/\/www.polisrecreio.com.br\/site\/wp-json\/wp\/v2\/categories?post=12576"},{"taxonomy":"post_tag","embeddable":true,"href":"https:\/\/www.polisrecreio.com.br\/site\/wp-json\/wp\/v2\/tags?post=12576"}],"curies":[{"name":"wp","href":"https:\/\/api.w.org\/{rel}","templated":true}]}}