{"id":12579,"date":"2019-01-08T14:18:09","date_gmt":"2019-01-08T17:18:09","guid":{"rendered":"http:\/\/www.polisrecreio.com.br\/site\/?p=12579"},"modified":"2019-01-08T14:27:52","modified_gmt":"2019-01-08T17:27:52","slug":"governador-de-minas-anuncia-pagamento-dos-servidores","status":"publish","type":"post","link":"https:\/\/www.polisrecreio.com.br\/site\/2019\/01\/08\/governador-de-minas-anuncia-pagamento-dos-servidores\/","title":{"rendered":"Governador de Minas anuncia pagamento dos servidores"},"content":{"rendered":"<p style=\"text-align: justify;\">O governador\u00a0Romeu Zema (NOVO), ao lado do secret\u00e1rio de\u00a0Fazenda, Gustavo Barbosa, anunciou, nesta ter\u00e7a-feira (8), as datas dos pagamentos dos sal\u00e1rios dos servidores estaduais referentes ao m\u00eas trabalhado de dezembro. A not\u00edcia foi dada em primeira m\u00e3o nas <a href=\"https:\/\/www.facebook.com\/655132991340181\/posts\/1068648223321987\/\" target=\"_blank\" rel=\"noopener\">redes sociais<\/a> do governador.<\/p>\n<p><!--more--><\/p>\n<p><a href=\"http:\/\/www.polisrecreio.com.br\/site\/wp-content\/uploads\/2018\/11\/big-camg1.jpg\"><img loading=\"lazy\" class=\"aligncenter size-full wp-image-11754\" src=\"http:\/\/www.polisrecreio.com.br\/site\/wp-content\/uploads\/2018\/11\/big-camg1.jpg\" alt=\"\" width=\"800\" height=\"533\" srcset=\"https:\/\/www.polisrecreio.com.br\/site\/wp-content\/uploads\/2018\/11\/big-camg1.jpg 800w, https:\/\/www.polisrecreio.com.br\/site\/wp-content\/uploads\/2018\/11\/big-camg1-300x200.jpg 300w, https:\/\/www.polisrecreio.com.br\/site\/wp-content\/uploads\/2018\/11\/big-camg1-768x512.jpg 768w\" sizes=\"(max-width: 800px) 100vw, 800px\" \/><\/a><\/p>\n<p style=\"text-align: justify;\">No dia 14 deste m\u00eas ser\u00e3o pagos at\u00e9 R$ 2 mil para todo o funcionalismo, incluindo aposentados e pensionistas. Ou seja, para quem recebe abaixo deste valor, o sal\u00e1rio estar\u00e1 quitado integralmente.<\/p>\n<p style=\"text-align: justify;\">No dia 21 de janeiro, ser\u00e1 acertada mais uma parcela com limite de at\u00e9 R$ 1 mil para as carreiras da\u00a0Sa\u00fade\u00a0e\u00a0Seguran\u00e7a P\u00fablica, no caso de quem tenha sal\u00e1rios superiores a R$ 2 mil. No dia 28 de janeiro, o governo de Minas quitar\u00e1 o restante dos ordenados dos servidores do Estado.<\/p>\n<p style=\"text-align: justify;\">\u201cEstamos ainda tomando p\u00e9 da situa\u00e7\u00e3o financeira do\u00a0Governo de Minas Gerais. Mas temos trabalhado duro para retomar a regulariza\u00e7\u00e3o dos pagamentos dos servidores estaduais o mais breve poss\u00edvel\u201d, disse o governador.<\/p>\n<p style=\"text-align: justify;\"><em>Com informa\u00e7\u00f5es: Ag\u00eancia Minas.<\/em><\/p>\n","protected":false},"excerpt":{"rendered":"<p>O governador\u00a0Romeu Zema (NOVO), ao lado do secret\u00e1rio de\u00a0Fazenda, Gustavo Barbosa, anunciou, nesta ter\u00e7a-feira (8), as datas dos pagamentos dos sal\u00e1rios dos servidores estaduais referentes ao m\u00eas trabalhado de dezembro. A not\u00edcia foi dada em primeira m\u00e3o nas redes sociais do governador.<\/p>\n","protected":false},"author":3,"featured_media":0,"comment_status":"open","ping_status":"open","sticky":false,"template":"","format":"standard","meta":[],"categories":[5],"tags":[],"yoast_head":"<!-- This site is optimized with the Yoast SEO plugin v15.6.2 - https:\/\/yoast.com\/wordpress\/plugins\/seo\/ -->\n<meta name=\"robots\" content=\"index, follow, max-snippet:-1, max-image-preview:large, max-video-preview:-1\" \/>\n<link rel=\"canonical\" href=\"https:\/\/www.polisrecreio.com.br\/site\/2019\/01\/08\/governador-de-minas-anuncia-pagamento-dos-servidores\/\" \/>\n<meta property=\"og:locale\" content=\"pt_BR\" \/>\n<meta property=\"og:type\" content=\"article\" \/>\n<meta property=\"og:title\" content=\"Governador de Minas anuncia pagamento dos servidores - P\u00f3lis Recreio\" \/>\n<meta property=\"og:description\" content=\"O governador\u00a0Romeu Zema (NOVO), ao lado do secret\u00e1rio de\u00a0Fazenda, Gustavo Barbosa, anunciou, nesta ter\u00e7a-feira (8), as datas dos pagamentos dos sal\u00e1rios dos servidores estaduais referentes ao m\u00eas trabalhado de dezembro. A not\u00edcia foi dada em primeira m\u00e3o nas redes sociais do governador.\" \/>\n<meta property=\"og:url\" content=\"https:\/\/www.polisrecreio.com.br\/site\/2019\/01\/08\/governador-de-minas-anuncia-pagamento-dos-servidores\/\" \/>\n<meta property=\"og:site_name\" content=\"P\u00f3lis Recreio\" \/>\n<meta property=\"article:publisher\" content=\"https:\/\/www.facebook.com\/Site-P%c3%b3lis-Recreio-MG-181941708571019\/\" \/>\n<meta property=\"article:published_time\" content=\"2019-01-08T17:18:09+00:00\" \/>\n<meta property=\"article:modified_time\" content=\"2019-01-08T17:27:52+00:00\" \/>\n<meta property=\"og:image\" content=\"http:\/\/www.polisrecreio.com.br\/site\/wp-content\/uploads\/2018\/11\/big-camg1.jpg\" \/>\n<meta name=\"twitter:card\" content=\"summary_large_image\" \/>\n<meta name=\"twitter:creator\" content=\"@PolisRecreio\" \/>\n<meta name=\"twitter:site\" content=\"@PolisRecreio\" \/>\n<meta name=\"twitter:label1\" content=\"Est. reading time\">\n\t<meta name=\"twitter:data1\" content=\"1 minuto\">\n<script type=\"application\/ld+json\" class=\"yoast-schema-graph\">{\"@context\":\"https:\/\/schema.org\",\"@graph\":[{\"@type\":\"WebSite\",\"@id\":\"https:\/\/www.polisrecreio.com.br\/site\/#website\",\"url\":\"https:\/\/www.polisrecreio.com.br\/site\/\",\"name\":\"P\\u00f3lis Recreio\",\"description\":\"\",\"potentialAction\":[{\"@type\":\"SearchAction\",\"target\":\"https:\/\/www.polisrecreio.com.br\/site\/?s={search_term_string}\",\"query-input\":\"required name=search_term_string\"}],\"inLanguage\":\"pt-BR\"},{\"@type\":\"ImageObject\",\"@id\":\"https:\/\/www.polisrecreio.com.br\/site\/2019\/01\/08\/governador-de-minas-anuncia-pagamento-dos-servidores\/#primaryimage\",\"inLanguage\":\"pt-BR\",\"url\":\"http:\/\/www.polisrecreio.com.br\/site\/wp-content\/uploads\/2018\/11\/big-camg1.jpg\"},{\"@type\":\"WebPage\",\"@id\":\"https:\/\/www.polisrecreio.com.br\/site\/2019\/01\/08\/governador-de-minas-anuncia-pagamento-dos-servidores\/#webpage\",\"url\":\"https:\/\/www.polisrecreio.com.br\/site\/2019\/01\/08\/governador-de-minas-anuncia-pagamento-dos-servidores\/\",\"name\":\"Governador de Minas anuncia pagamento dos servidores - P\\u00f3lis Recreio\",\"isPartOf\":{\"@id\":\"https:\/\/www.polisrecreio.com.br\/site\/#website\"},\"primaryImageOfPage\":{\"@id\":\"https:\/\/www.polisrecreio.com.br\/site\/2019\/01\/08\/governador-de-minas-anuncia-pagamento-dos-servidores\/#primaryimage\"},\"datePublished\":\"2019-01-08T17:18:09+00:00\",\"dateModified\":\"2019-01-08T17:27:52+00:00\",\"author\":{\"@id\":\"https:\/\/www.polisrecreio.com.br\/site\/#\/schema\/person\/3363c1c78e1e28e1329d97adb387638e\"},\"inLanguage\":\"pt-BR\",\"potentialAction\":[{\"@type\":\"ReadAction\",\"target\":[\"https:\/\/www.polisrecreio.com.br\/site\/2019\/01\/08\/governador-de-minas-anuncia-pagamento-dos-servidores\/\"]}]},{\"@type\":\"Person\",\"@id\":\"https:\/\/www.polisrecreio.com.br\/site\/#\/schema\/person\/3363c1c78e1e28e1329d97adb387638e\",\"name\":\"Leonardo Ribeiro\",\"image\":{\"@type\":\"ImageObject\",\"@id\":\"https:\/\/www.polisrecreio.com.br\/site\/#personlogo\",\"inLanguage\":\"pt-BR\",\"url\":\"https:\/\/secure.gravatar.com\/avatar\/6ba92a37d621e1a83e23710251178a12?s=96&d=mm&r=g\",\"caption\":\"Leonardo Ribeiro\"},\"sameAs\":[\"http:\/\/www.polisrecreio.com.br\"]}]}<\/script>\n<!-- \/ Yoast SEO plugin. -->","_links":{"self":[{"href":"https:\/\/www.polisrecreio.com.br\/site\/wp-json\/wp\/v2\/posts\/12579"}],"collection":[{"href":"https:\/\/www.polisrecreio.com.br\/site\/wp-json\/wp\/v2\/posts"}],"about":[{"href":"https:\/\/www.polisrecreio.com.br\/site\/wp-json\/wp\/v2\/types\/post"}],"author":[{"embeddable":true,"href":"https:\/\/www.polisrecreio.com.br\/site\/wp-json\/wp\/v2\/users\/3"}],"replies":[{"embeddable":true,"href":"https:\/\/www.polisrecreio.com.br\/site\/wp-json\/wp\/v2\/comments?post=12579"}],"version-history":[{"count":4,"href":"https:\/\/www.polisrecreio.com.br\/site\/wp-json\/wp\/v2\/posts\/12579\/revisions"}],"predecessor-version":[{"id":12583,"href":"https:\/\/www.polisrecreio.com.br\/site\/wp-json\/wp\/v2\/posts\/12579\/revisions\/12583"}],"wp:attachment":[{"href":"https:\/\/www.polisrecreio.com.br\/site\/wp-json\/wp\/v2\/media?parent=12579"}],"wp:term":[{"taxonomy":"category","embeddable":true,"href":"https:\/\/www.polisrecreio.com.br\/site\/wp-json\/wp\/v2\/categories?post=12579"},{"taxonomy":"post_tag","embeddable":true,"href":"https:\/\/www.polisrecreio.com.br\/site\/wp-json\/wp\/v2\/tags?post=12579"}],"curies":[{"name":"wp","href":"https:\/\/api.w.org\/{rel}","templated":true}]}}