{"id":12584,"date":"2019-01-08T21:07:39","date_gmt":"2019-01-09T00:07:39","guid":{"rendered":"http:\/\/www.polisrecreio.com.br\/site\/?p=12584"},"modified":"2019-01-08T21:07:39","modified_gmt":"2019-01-09T00:07:39","slug":"recreio-recebe-uma-nova-retroescavadeira","status":"publish","type":"post","link":"https:\/\/www.polisrecreio.com.br\/site\/2019\/01\/08\/recreio-recebe-uma-nova-retroescavadeira\/","title":{"rendered":"Recreio recebe uma nova retroescavadeira"},"content":{"rendered":"<p style=\"text-align: justify;\">O munic\u00edpio de Recreio recebeu nesta ter\u00e7a-feira (8) uma nova m\u00e1quina retroescavadeira. A nova aquisi\u00e7\u00e3o da administra\u00e7\u00e3o do prefeito Jos\u00e9 Maria Barros foi alcan\u00e7ada por meio do Minist\u00e9rio da Agricultura.<\/p>\n<p><!--more--><\/p>\n<figure id=\"attachment_12585\" aria-describedby=\"caption-attachment-12585\" style=\"width: 750px\" class=\"wp-caption aligncenter\"><a href=\"http:\/\/www.polisrecreio.com.br\/site\/wp-content\/uploads\/2019\/01\/DSC_0002.jpg\"><img loading=\"lazy\" class=\"size-full wp-image-12585\" src=\"http:\/\/www.polisrecreio.com.br\/site\/wp-content\/uploads\/2019\/01\/DSC_0002.jpg\" alt=\"\" width=\"750\" height=\"500\" srcset=\"https:\/\/www.polisrecreio.com.br\/site\/wp-content\/uploads\/2019\/01\/DSC_0002.jpg 750w, https:\/\/www.polisrecreio.com.br\/site\/wp-content\/uploads\/2019\/01\/DSC_0002-300x200.jpg 300w\" sizes=\"(max-width: 750px) 100vw, 750px\" \/><\/a><figcaption id=\"caption-attachment-12585\" class=\"wp-caption-text\">Nova m\u00e1quina.<\/figcaption><\/figure>\n<p style=\"text-align: justify;\">Segundo informa\u00e7\u00f5es da equipe administrativa da Prefeitura a chegada da retroescavadeira contou com indica\u00e7\u00e3o parlamentar do deputado Federal, Misael Varella. O valor do investimento \u00e9 de mais de R$ 260 mil.<\/p>\n<p style=\"text-align: justify;\">A retroescavadeira foi recebida pelos secret\u00e1rios Diego Pena (Desenvolvimento Econ\u00f4mico e Sustent\u00e1vel) e Juarez Paiva (Desenvolvimento Rural). O prefeito de Recreio, Jos\u00e9 Maria Barros, n\u00e3o estava presente por compromissos administrativos. A m\u00e1quina est\u00e1 exposta na Pra\u00e7a dos Ferrovi\u00e1rios.<\/p>\n<p style=\"text-align: justify;\">Nas \u00faltimas elei\u00e7\u00f5es Misael Varella (PSD) foi reeleito deputado Federal. Em Recreio o parlamentar foi majorit\u00e1rio com 1.024 votos.<\/p>\n<figure id=\"attachment_12587\" aria-describedby=\"caption-attachment-12587\" style=\"width: 750px\" class=\"wp-caption aligncenter\"><a href=\"http:\/\/www.polisrecreio.com.br\/site\/wp-content\/uploads\/2019\/01\/DSC_0005.jpg\"><img loading=\"lazy\" class=\"size-full wp-image-12587\" src=\"http:\/\/www.polisrecreio.com.br\/site\/wp-content\/uploads\/2019\/01\/DSC_0005.jpg\" alt=\"\" width=\"750\" height=\"500\" srcset=\"https:\/\/www.polisrecreio.com.br\/site\/wp-content\/uploads\/2019\/01\/DSC_0005.jpg 750w, https:\/\/www.polisrecreio.com.br\/site\/wp-content\/uploads\/2019\/01\/DSC_0005-300x200.jpg 300w\" sizes=\"(max-width: 750px) 100vw, 750px\" \/><\/a><figcaption id=\"caption-attachment-12587\" class=\"wp-caption-text\">Secret\u00e1rios Diego e Juarez.<\/figcaption><\/figure>\n<figure id=\"attachment_12586\" aria-describedby=\"caption-attachment-12586\" style=\"width: 750px\" class=\"wp-caption aligncenter\"><a href=\"http:\/\/www.polisrecreio.com.br\/site\/wp-content\/uploads\/2019\/01\/DSC_0004.jpg\"><img loading=\"lazy\" class=\"size-full wp-image-12586\" src=\"http:\/\/www.polisrecreio.com.br\/site\/wp-content\/uploads\/2019\/01\/DSC_0004.jpg\" alt=\"\" width=\"750\" height=\"500\" srcset=\"https:\/\/www.polisrecreio.com.br\/site\/wp-content\/uploads\/2019\/01\/DSC_0004.jpg 750w, https:\/\/www.polisrecreio.com.br\/site\/wp-content\/uploads\/2019\/01\/DSC_0004-300x200.jpg 300w\" sizes=\"(max-width: 750px) 100vw, 750px\" \/><\/a><figcaption id=\"caption-attachment-12586\" class=\"wp-caption-text\">M\u00e1quina exposta na Pra\u00e7a dos Ferrovi\u00e1rios.<\/figcaption><\/figure>\n","protected":false},"excerpt":{"rendered":"<p>O munic\u00edpio de Recreio recebeu nesta ter\u00e7a-feira (8) uma nova m\u00e1quina retroescavadeira. A nova aquisi\u00e7\u00e3o da administra\u00e7\u00e3o do prefeito Jos\u00e9 Maria Barros foi alcan\u00e7ada por meio do Minist\u00e9rio da Agricultura.<\/p>\n","protected":false},"author":3,"featured_media":12585,"comment_status":"open","ping_status":"open","sticky":false,"template":"","format":"standard","meta":[],"categories":[6],"tags":[],"yoast_head":"<!-- This site is optimized with the Yoast SEO plugin v15.6.2 - https:\/\/yoast.com\/wordpress\/plugins\/seo\/ -->\n<meta name=\"robots\" content=\"index, follow, max-snippet:-1, max-image-preview:large, max-video-preview:-1\" \/>\n<link rel=\"canonical\" href=\"https:\/\/www.polisrecreio.com.br\/site\/2019\/01\/08\/recreio-recebe-uma-nova-retroescavadeira\/\" \/>\n<meta property=\"og:locale\" content=\"pt_BR\" \/>\n<meta property=\"og:type\" content=\"article\" \/>\n<meta property=\"og:title\" content=\"Recreio recebe uma nova retroescavadeira - P\u00f3lis Recreio\" \/>\n<meta property=\"og:description\" content=\"O munic\u00edpio de Recreio recebeu nesta ter\u00e7a-feira (8) uma nova m\u00e1quina retroescavadeira. A nova aquisi\u00e7\u00e3o da administra\u00e7\u00e3o do prefeito Jos\u00e9 Maria Barros foi alcan\u00e7ada por meio do Minist\u00e9rio da Agricultura.\" \/>\n<meta property=\"og:url\" content=\"https:\/\/www.polisrecreio.com.br\/site\/2019\/01\/08\/recreio-recebe-uma-nova-retroescavadeira\/\" \/>\n<meta property=\"og:site_name\" content=\"P\u00f3lis Recreio\" \/>\n<meta property=\"article:publisher\" content=\"https:\/\/www.facebook.com\/Site-P%c3%b3lis-Recreio-MG-181941708571019\/\" \/>\n<meta property=\"article:published_time\" content=\"2019-01-09T00:07:39+00:00\" \/>\n<meta property=\"og:image\" content=\"https:\/\/www.polisrecreio.com.br\/site\/wp-content\/uploads\/2019\/01\/DSC_0002.jpg\" \/>\n\t<meta property=\"og:image:width\" content=\"750\" \/>\n\t<meta property=\"og:image:height\" content=\"500\" \/>\n<meta name=\"twitter:card\" content=\"summary_large_image\" \/>\n<meta name=\"twitter:creator\" content=\"@PolisRecreio\" \/>\n<meta name=\"twitter:site\" content=\"@PolisRecreio\" \/>\n<meta name=\"twitter:label1\" content=\"Est. reading time\">\n\t<meta name=\"twitter:data1\" content=\"1 minuto\">\n<script type=\"application\/ld+json\" class=\"yoast-schema-graph\">{\"@context\":\"https:\/\/schema.org\",\"@graph\":[{\"@type\":\"WebSite\",\"@id\":\"https:\/\/www.polisrecreio.com.br\/site\/#website\",\"url\":\"https:\/\/www.polisrecreio.com.br\/site\/\",\"name\":\"P\\u00f3lis Recreio\",\"description\":\"\",\"potentialAction\":[{\"@type\":\"SearchAction\",\"target\":\"https:\/\/www.polisrecreio.com.br\/site\/?s={search_term_string}\",\"query-input\":\"required name=search_term_string\"}],\"inLanguage\":\"pt-BR\"},{\"@type\":\"ImageObject\",\"@id\":\"https:\/\/www.polisrecreio.com.br\/site\/2019\/01\/08\/recreio-recebe-uma-nova-retroescavadeira\/#primaryimage\",\"inLanguage\":\"pt-BR\",\"url\":\"https:\/\/www.polisrecreio.com.br\/site\/wp-content\/uploads\/2019\/01\/DSC_0002.jpg\",\"width\":750,\"height\":500,\"caption\":\"Nova m\\u00e1quina.\"},{\"@type\":\"WebPage\",\"@id\":\"https:\/\/www.polisrecreio.com.br\/site\/2019\/01\/08\/recreio-recebe-uma-nova-retroescavadeira\/#webpage\",\"url\":\"https:\/\/www.polisrecreio.com.br\/site\/2019\/01\/08\/recreio-recebe-uma-nova-retroescavadeira\/\",\"name\":\"Recreio recebe uma nova retroescavadeira - P\\u00f3lis Recreio\",\"isPartOf\":{\"@id\":\"https:\/\/www.polisrecreio.com.br\/site\/#website\"},\"primaryImageOfPage\":{\"@id\":\"https:\/\/www.polisrecreio.com.br\/site\/2019\/01\/08\/recreio-recebe-uma-nova-retroescavadeira\/#primaryimage\"},\"datePublished\":\"2019-01-09T00:07:39+00:00\",\"dateModified\":\"2019-01-09T00:07:39+00:00\",\"author\":{\"@id\":\"https:\/\/www.polisrecreio.com.br\/site\/#\/schema\/person\/3363c1c78e1e28e1329d97adb387638e\"},\"inLanguage\":\"pt-BR\",\"potentialAction\":[{\"@type\":\"ReadAction\",\"target\":[\"https:\/\/www.polisrecreio.com.br\/site\/2019\/01\/08\/recreio-recebe-uma-nova-retroescavadeira\/\"]}]},{\"@type\":\"Person\",\"@id\":\"https:\/\/www.polisrecreio.com.br\/site\/#\/schema\/person\/3363c1c78e1e28e1329d97adb387638e\",\"name\":\"Leonardo Ribeiro\",\"image\":{\"@type\":\"ImageObject\",\"@id\":\"https:\/\/www.polisrecreio.com.br\/site\/#personlogo\",\"inLanguage\":\"pt-BR\",\"url\":\"https:\/\/secure.gravatar.com\/avatar\/6ba92a37d621e1a83e23710251178a12?s=96&d=mm&r=g\",\"caption\":\"Leonardo Ribeiro\"},\"sameAs\":[\"http:\/\/www.polisrecreio.com.br\"]}]}<\/script>\n<!-- \/ Yoast SEO plugin. -->","_links":{"self":[{"href":"https:\/\/www.polisrecreio.com.br\/site\/wp-json\/wp\/v2\/posts\/12584"}],"collection":[{"href":"https:\/\/www.polisrecreio.com.br\/site\/wp-json\/wp\/v2\/posts"}],"about":[{"href":"https:\/\/www.polisrecreio.com.br\/site\/wp-json\/wp\/v2\/types\/post"}],"author":[{"embeddable":true,"href":"https:\/\/www.polisrecreio.com.br\/site\/wp-json\/wp\/v2\/users\/3"}],"replies":[{"embeddable":true,"href":"https:\/\/www.polisrecreio.com.br\/site\/wp-json\/wp\/v2\/comments?post=12584"}],"version-history":[{"count":1,"href":"https:\/\/www.polisrecreio.com.br\/site\/wp-json\/wp\/v2\/posts\/12584\/revisions"}],"predecessor-version":[{"id":12588,"href":"https:\/\/www.polisrecreio.com.br\/site\/wp-json\/wp\/v2\/posts\/12584\/revisions\/12588"}],"wp:featuredmedia":[{"embeddable":true,"href":"https:\/\/www.polisrecreio.com.br\/site\/wp-json\/wp\/v2\/media\/12585"}],"wp:attachment":[{"href":"https:\/\/www.polisrecreio.com.br\/site\/wp-json\/wp\/v2\/media?parent=12584"}],"wp:term":[{"taxonomy":"category","embeddable":true,"href":"https:\/\/www.polisrecreio.com.br\/site\/wp-json\/wp\/v2\/categories?post=12584"},{"taxonomy":"post_tag","embeddable":true,"href":"https:\/\/www.polisrecreio.com.br\/site\/wp-json\/wp\/v2\/tags?post=12584"}],"curies":[{"name":"wp","href":"https:\/\/api.w.org\/{rel}","templated":true}]}}