{"id":12589,"date":"2019-01-09T08:12:19","date_gmt":"2019-01-09T11:12:19","guid":{"rendered":"http:\/\/www.polisrecreio.com.br\/site\/?p=12589"},"modified":"2019-01-09T08:12:19","modified_gmt":"2019-01-09T11:12:19","slug":"recreio-e-c-disputa-primeiro-jogo-da-nova-diretoria-dia-19","status":"publish","type":"post","link":"https:\/\/www.polisrecreio.com.br\/site\/2019\/01\/09\/recreio-e-c-disputa-primeiro-jogo-da-nova-diretoria-dia-19\/","title":{"rendered":"Recreio E.C disputa primeiro jogo da nova diretoria dia 19"},"content":{"rendered":"<p style=\"text-align: justify;\">O Recreio E.C come\u00e7a os preparativos para voltar a disputar campeonatos de express\u00e3o na regi\u00e3o com a nova diretoria eleita ao final de 2018. No dia 19, s\u00e1bado, o \u201cLe\u00e3o da Zona da Mata\u201d joga no Est\u00e1dio Euvaldo Lodi contra o Edicar F.C, de Juiz de Fora, as 15:30h.<\/p>\n<p><!--more--><\/p>\n<figure id=\"attachment_12590\" aria-describedby=\"caption-attachment-12590\" style=\"width: 750px\" class=\"wp-caption aligncenter\"><a href=\"http:\/\/www.polisrecreio.com.br\/site\/wp-content\/uploads\/2019\/01\/32.jpg\"><img loading=\"lazy\" class=\"size-full wp-image-12590\" src=\"http:\/\/www.polisrecreio.com.br\/site\/wp-content\/uploads\/2019\/01\/32.jpg\" alt=\"\" width=\"750\" height=\"495\" srcset=\"https:\/\/www.polisrecreio.com.br\/site\/wp-content\/uploads\/2019\/01\/32.jpg 750w, https:\/\/www.polisrecreio.com.br\/site\/wp-content\/uploads\/2019\/01\/32-300x198.jpg 300w\" sizes=\"(max-width: 750px) 100vw, 750px\" \/><\/a><figcaption id=\"caption-attachment-12590\" class=\"wp-caption-text\">Est\u00e1dio Euvaldo Lodi.<\/figcaption><\/figure>\n<p style=\"text-align: justify;\">A nova diretoria com mandato iniciado em 1\u00ba de janeiro de 2019 tem \u00e0 frente do clube Lucas Lima, presidente; e Ricardo Justo, vice-presidente. Durante a elei\u00e7\u00e3o do REC o discurso adotado pelos diretores \u00e9 de reestruturar o clube atrav\u00e9s de filia\u00e7\u00e3o de s\u00f3cios-torcedores, al\u00e9m da participa\u00e7\u00e3o do time em competi\u00e7\u00f5es.<\/p>\n<p style=\"text-align: justify;\">A \u00faltima vez que o \u201cLe\u00e3o da Zona da Mata\u201d jogou um campeonato de express\u00e3o foi em 2017. Naquele ano o time participou da Copa dos Campe\u00f5es da Liga Esportiva de Cataguases e acabou eliminado na primeira fase.<\/p>\n","protected":false},"excerpt":{"rendered":"<p>O Recreio E.C come\u00e7a os preparativos para voltar a disputar campeonatos de express\u00e3o na regi\u00e3o com a nova diretoria eleita ao final de 2018. No dia 19, s\u00e1bado, o \u201cLe\u00e3o da Zona da Mata\u201d joga no Est\u00e1dio Euvaldo Lodi contra o Edicar F.C, de Juiz de Fora, as 15:30h.<\/p>\n","protected":false},"author":3,"featured_media":12590,"comment_status":"open","ping_status":"open","sticky":false,"template":"","format":"standard","meta":[],"categories":[4],"tags":[],"yoast_head":"<!-- This site is optimized with the Yoast SEO plugin v15.6.2 - https:\/\/yoast.com\/wordpress\/plugins\/seo\/ -->\n<meta name=\"robots\" content=\"index, follow, max-snippet:-1, max-image-preview:large, max-video-preview:-1\" \/>\n<link rel=\"canonical\" href=\"http:\/\/www.polisrecreio.com.br\/site\/2019\/01\/09\/recreio-e-c-disputa-primeiro-jogo-da-nova-diretoria-dia-19\/\" \/>\n<meta property=\"og:locale\" content=\"pt_BR\" \/>\n<meta property=\"og:type\" content=\"article\" \/>\n<meta property=\"og:title\" content=\"Recreio E.C disputa primeiro jogo da nova diretoria dia 19 - P\u00f3lis Recreio\" \/>\n<meta property=\"og:description\" content=\"O Recreio E.C come\u00e7a os preparativos para voltar a disputar campeonatos de express\u00e3o na regi\u00e3o com a nova diretoria eleita ao final de 2018. No dia 19, s\u00e1bado, o \u201cLe\u00e3o da Zona da Mata\u201d joga no Est\u00e1dio Euvaldo Lodi contra o Edicar F.C, de Juiz de Fora, as 15:30h.\" \/>\n<meta property=\"og:url\" content=\"http:\/\/www.polisrecreio.com.br\/site\/2019\/01\/09\/recreio-e-c-disputa-primeiro-jogo-da-nova-diretoria-dia-19\/\" \/>\n<meta property=\"og:site_name\" content=\"P\u00f3lis Recreio\" \/>\n<meta property=\"article:publisher\" content=\"https:\/\/www.facebook.com\/Site-P%c3%b3lis-Recreio-MG-181941708571019\/\" \/>\n<meta property=\"article:published_time\" content=\"2019-01-09T11:12:19+00:00\" \/>\n<meta property=\"og:image\" content=\"https:\/\/www.polisrecreio.com.br\/site\/wp-content\/uploads\/2019\/01\/32.jpg\" \/>\n\t<meta property=\"og:image:width\" content=\"750\" \/>\n\t<meta property=\"og:image:height\" content=\"495\" \/>\n<meta name=\"twitter:card\" content=\"summary_large_image\" \/>\n<meta name=\"twitter:creator\" content=\"@PolisRecreio\" \/>\n<meta name=\"twitter:site\" content=\"@PolisRecreio\" \/>\n<meta name=\"twitter:label1\" content=\"Est. reading time\">\n\t<meta name=\"twitter:data1\" content=\"1 minuto\">\n<script type=\"application\/ld+json\" class=\"yoast-schema-graph\">{\"@context\":\"https:\/\/schema.org\",\"@graph\":[{\"@type\":\"WebSite\",\"@id\":\"https:\/\/www.polisrecreio.com.br\/site\/#website\",\"url\":\"https:\/\/www.polisrecreio.com.br\/site\/\",\"name\":\"P\\u00f3lis Recreio\",\"description\":\"\",\"potentialAction\":[{\"@type\":\"SearchAction\",\"target\":\"https:\/\/www.polisrecreio.com.br\/site\/?s={search_term_string}\",\"query-input\":\"required name=search_term_string\"}],\"inLanguage\":\"pt-BR\"},{\"@type\":\"ImageObject\",\"@id\":\"http:\/\/www.polisrecreio.com.br\/site\/2019\/01\/09\/recreio-e-c-disputa-primeiro-jogo-da-nova-diretoria-dia-19\/#primaryimage\",\"inLanguage\":\"pt-BR\",\"url\":\"https:\/\/www.polisrecreio.com.br\/site\/wp-content\/uploads\/2019\/01\/32.jpg\",\"width\":750,\"height\":495,\"caption\":\"Est\\u00e1dio Euvaldo Lodi.\"},{\"@type\":\"WebPage\",\"@id\":\"http:\/\/www.polisrecreio.com.br\/site\/2019\/01\/09\/recreio-e-c-disputa-primeiro-jogo-da-nova-diretoria-dia-19\/#webpage\",\"url\":\"http:\/\/www.polisrecreio.com.br\/site\/2019\/01\/09\/recreio-e-c-disputa-primeiro-jogo-da-nova-diretoria-dia-19\/\",\"name\":\"Recreio E.C disputa primeiro jogo da nova diretoria dia 19 - P\\u00f3lis Recreio\",\"isPartOf\":{\"@id\":\"https:\/\/www.polisrecreio.com.br\/site\/#website\"},\"primaryImageOfPage\":{\"@id\":\"http:\/\/www.polisrecreio.com.br\/site\/2019\/01\/09\/recreio-e-c-disputa-primeiro-jogo-da-nova-diretoria-dia-19\/#primaryimage\"},\"datePublished\":\"2019-01-09T11:12:19+00:00\",\"dateModified\":\"2019-01-09T11:12:19+00:00\",\"author\":{\"@id\":\"https:\/\/www.polisrecreio.com.br\/site\/#\/schema\/person\/3363c1c78e1e28e1329d97adb387638e\"},\"inLanguage\":\"pt-BR\",\"potentialAction\":[{\"@type\":\"ReadAction\",\"target\":[\"http:\/\/www.polisrecreio.com.br\/site\/2019\/01\/09\/recreio-e-c-disputa-primeiro-jogo-da-nova-diretoria-dia-19\/\"]}]},{\"@type\":\"Person\",\"@id\":\"https:\/\/www.polisrecreio.com.br\/site\/#\/schema\/person\/3363c1c78e1e28e1329d97adb387638e\",\"name\":\"Leonardo Ribeiro\",\"image\":{\"@type\":\"ImageObject\",\"@id\":\"https:\/\/www.polisrecreio.com.br\/site\/#personlogo\",\"inLanguage\":\"pt-BR\",\"url\":\"https:\/\/secure.gravatar.com\/avatar\/6ba92a37d621e1a83e23710251178a12?s=96&d=mm&r=g\",\"caption\":\"Leonardo Ribeiro\"},\"sameAs\":[\"http:\/\/www.polisrecreio.com.br\"]}]}<\/script>\n<!-- \/ Yoast SEO plugin. -->","_links":{"self":[{"href":"https:\/\/www.polisrecreio.com.br\/site\/wp-json\/wp\/v2\/posts\/12589"}],"collection":[{"href":"https:\/\/www.polisrecreio.com.br\/site\/wp-json\/wp\/v2\/posts"}],"about":[{"href":"https:\/\/www.polisrecreio.com.br\/site\/wp-json\/wp\/v2\/types\/post"}],"author":[{"embeddable":true,"href":"https:\/\/www.polisrecreio.com.br\/site\/wp-json\/wp\/v2\/users\/3"}],"replies":[{"embeddable":true,"href":"https:\/\/www.polisrecreio.com.br\/site\/wp-json\/wp\/v2\/comments?post=12589"}],"version-history":[{"count":2,"href":"https:\/\/www.polisrecreio.com.br\/site\/wp-json\/wp\/v2\/posts\/12589\/revisions"}],"predecessor-version":[{"id":12592,"href":"https:\/\/www.polisrecreio.com.br\/site\/wp-json\/wp\/v2\/posts\/12589\/revisions\/12592"}],"wp:featuredmedia":[{"embeddable":true,"href":"https:\/\/www.polisrecreio.com.br\/site\/wp-json\/wp\/v2\/media\/12590"}],"wp:attachment":[{"href":"https:\/\/www.polisrecreio.com.br\/site\/wp-json\/wp\/v2\/media?parent=12589"}],"wp:term":[{"taxonomy":"category","embeddable":true,"href":"https:\/\/www.polisrecreio.com.br\/site\/wp-json\/wp\/v2\/categories?post=12589"},{"taxonomy":"post_tag","embeddable":true,"href":"https:\/\/www.polisrecreio.com.br\/site\/wp-json\/wp\/v2\/tags?post=12589"}],"curies":[{"name":"wp","href":"https:\/\/api.w.org\/{rel}","templated":true}]}}