{"id":12593,"date":"2019-01-09T10:22:36","date_gmt":"2019-01-09T13:22:36","guid":{"rendered":"http:\/\/www.polisrecreio.com.br\/site\/?p=12593"},"modified":"2019-01-09T10:23:26","modified_gmt":"2019-01-09T13:23:26","slug":"amm-informa-que-governo-de-minas-retomou-pagamento-de-icms-ipva-e-fundeb","status":"publish","type":"post","link":"https:\/\/www.polisrecreio.com.br\/site\/2019\/01\/09\/amm-informa-que-governo-de-minas-retomou-pagamento-de-icms-ipva-e-fundeb\/","title":{"rendered":"AMM informa que Governo de Minas retomou pagamento de ICMS, IPVA e FUNDEB"},"content":{"rendered":"<p style=\"text-align: justify;\">A Associa\u00e7\u00e3o Mineira de Munic\u00edpios \u201cAMM\u201d informou na ter\u00e7a-feira (8), em mat\u00e9ria publicada no G1 MG, que o Governo de Minas, sob administra\u00e7\u00e3o do governador Romeu Zema (NOVO), retomou o pagamento de ICMS, IPVA e FUNDEB. Os recursos s\u00e3o referentes as duas primeiras semanas de janeiro.<\/p>\n<p><!--more--><\/p>\n<figure id=\"attachment_12594\" aria-describedby=\"caption-attachment-12594\" style=\"width: 750px\" class=\"wp-caption aligncenter\"><a href=\"http:\/\/www.polisrecreio.com.br\/site\/wp-content\/uploads\/2019\/01\/Cidade-Administrativa-Wikipedia.jpg\"><img loading=\"lazy\" class=\"size-full wp-image-12594\" src=\"http:\/\/www.polisrecreio.com.br\/site\/wp-content\/uploads\/2019\/01\/Cidade-Administrativa-Wikipedia.jpg\" alt=\"\" width=\"750\" height=\"500\" srcset=\"https:\/\/www.polisrecreio.com.br\/site\/wp-content\/uploads\/2019\/01\/Cidade-Administrativa-Wikipedia.jpg 750w, https:\/\/www.polisrecreio.com.br\/site\/wp-content\/uploads\/2019\/01\/Cidade-Administrativa-Wikipedia-300x200.jpg 300w\" sizes=\"(max-width: 750px) 100vw, 750px\" \/><\/a><figcaption id=\"caption-attachment-12594\" class=\"wp-caption-text\">Cidade Administrativa MG. Foto: Leo Drumond.<\/figcaption><\/figure>\n<p style=\"text-align: justify;\">Segundo a AMM foram quitados com os 853 munic\u00edpios do Estado R$ 171,9 milh\u00f5es referentes ao ICMS, R$ 163,8 milh\u00f5es relacionados ao FUNDEB e disse ainda que os repasses do IPVA est\u00e3o sendo feitos diariamente, sem atrasos.<\/p>\n<p style=\"text-align: justify;\">A d\u00edvida atualizada em 27 de dezembro de 2018 de mais de R$ 12 bilh\u00f5es com todos os munic\u00edpios ainda est\u00e1 pendente.<\/p>\n<p><em>Com informa\u00e7\u00f5es: <a href=\"https:\/\/g1.globo.com\/mg\/minas-gerais\/noticia\/2019\/01\/08\/associacao-de-municipios-diz-que-governo-de-minas-esta-com-repasses-deste-ano-em-dia.ghtml\" target=\"_blank\" rel=\"noopener\">G1 MG.<\/a><\/em><\/p>\n","protected":false},"excerpt":{"rendered":"<p>A Associa\u00e7\u00e3o Mineira de Munic\u00edpios \u201cAMM\u201d informou na ter\u00e7a-feira (8), em mat\u00e9ria publicada no G1 MG, que o Governo de Minas, sob administra\u00e7\u00e3o do governador Romeu Zema (NOVO), retomou o pagamento de ICMS, IPVA e FUNDEB. Os recursos s\u00e3o referentes as duas primeiras semanas de janeiro.<\/p>\n","protected":false},"author":3,"featured_media":12594,"comment_status":"open","ping_status":"open","sticky":false,"template":"","format":"standard","meta":[],"categories":[5],"tags":[],"yoast_head":"<!-- This site is optimized with the Yoast SEO plugin v15.6.2 - https:\/\/yoast.com\/wordpress\/plugins\/seo\/ -->\n<meta name=\"robots\" content=\"index, follow, max-snippet:-1, max-image-preview:large, max-video-preview:-1\" \/>\n<link rel=\"canonical\" href=\"https:\/\/www.polisrecreio.com.br\/site\/2019\/01\/09\/amm-informa-que-governo-de-minas-retomou-pagamento-de-icms-ipva-e-fundeb\/\" \/>\n<meta property=\"og:locale\" content=\"pt_BR\" \/>\n<meta property=\"og:type\" content=\"article\" \/>\n<meta property=\"og:title\" content=\"AMM informa que Governo de Minas retomou pagamento de ICMS, IPVA e FUNDEB - P\u00f3lis Recreio\" \/>\n<meta property=\"og:description\" content=\"A Associa\u00e7\u00e3o Mineira de Munic\u00edpios \u201cAMM\u201d informou na ter\u00e7a-feira (8), em mat\u00e9ria publicada no G1 MG, que o Governo de Minas, sob administra\u00e7\u00e3o do governador Romeu Zema (NOVO), retomou o pagamento de ICMS, IPVA e FUNDEB. Os recursos s\u00e3o referentes as duas primeiras semanas de janeiro.\" \/>\n<meta property=\"og:url\" content=\"https:\/\/www.polisrecreio.com.br\/site\/2019\/01\/09\/amm-informa-que-governo-de-minas-retomou-pagamento-de-icms-ipva-e-fundeb\/\" \/>\n<meta property=\"og:site_name\" content=\"P\u00f3lis Recreio\" \/>\n<meta property=\"article:publisher\" content=\"https:\/\/www.facebook.com\/Site-P%c3%b3lis-Recreio-MG-181941708571019\/\" \/>\n<meta property=\"article:published_time\" content=\"2019-01-09T13:22:36+00:00\" \/>\n<meta property=\"article:modified_time\" content=\"2019-01-09T13:23:26+00:00\" \/>\n<meta property=\"og:image\" content=\"https:\/\/www.polisrecreio.com.br\/site\/wp-content\/uploads\/2019\/01\/Cidade-Administrativa-Wikipedia.jpg\" \/>\n\t<meta property=\"og:image:width\" content=\"750\" \/>\n\t<meta property=\"og:image:height\" content=\"500\" \/>\n<meta name=\"twitter:card\" content=\"summary_large_image\" \/>\n<meta name=\"twitter:creator\" content=\"@PolisRecreio\" \/>\n<meta name=\"twitter:site\" content=\"@PolisRecreio\" \/>\n<meta name=\"twitter:label1\" content=\"Est. reading time\">\n\t<meta name=\"twitter:data1\" content=\"1 minuto\">\n<script type=\"application\/ld+json\" class=\"yoast-schema-graph\">{\"@context\":\"https:\/\/schema.org\",\"@graph\":[{\"@type\":\"WebSite\",\"@id\":\"https:\/\/www.polisrecreio.com.br\/site\/#website\",\"url\":\"https:\/\/www.polisrecreio.com.br\/site\/\",\"name\":\"P\\u00f3lis Recreio\",\"description\":\"\",\"potentialAction\":[{\"@type\":\"SearchAction\",\"target\":\"https:\/\/www.polisrecreio.com.br\/site\/?s={search_term_string}\",\"query-input\":\"required name=search_term_string\"}],\"inLanguage\":\"pt-BR\"},{\"@type\":\"ImageObject\",\"@id\":\"https:\/\/www.polisrecreio.com.br\/site\/2019\/01\/09\/amm-informa-que-governo-de-minas-retomou-pagamento-de-icms-ipva-e-fundeb\/#primaryimage\",\"inLanguage\":\"pt-BR\",\"url\":\"https:\/\/www.polisrecreio.com.br\/site\/wp-content\/uploads\/2019\/01\/Cidade-Administrativa-Wikipedia.jpg\",\"width\":750,\"height\":500,\"caption\":\"Cidade Administrativa MG. Foto: Leo Drumond.\"},{\"@type\":\"WebPage\",\"@id\":\"https:\/\/www.polisrecreio.com.br\/site\/2019\/01\/09\/amm-informa-que-governo-de-minas-retomou-pagamento-de-icms-ipva-e-fundeb\/#webpage\",\"url\":\"https:\/\/www.polisrecreio.com.br\/site\/2019\/01\/09\/amm-informa-que-governo-de-minas-retomou-pagamento-de-icms-ipva-e-fundeb\/\",\"name\":\"AMM informa que Governo de Minas retomou pagamento de ICMS, IPVA e FUNDEB - P\\u00f3lis Recreio\",\"isPartOf\":{\"@id\":\"https:\/\/www.polisrecreio.com.br\/site\/#website\"},\"primaryImageOfPage\":{\"@id\":\"https:\/\/www.polisrecreio.com.br\/site\/2019\/01\/09\/amm-informa-que-governo-de-minas-retomou-pagamento-de-icms-ipva-e-fundeb\/#primaryimage\"},\"datePublished\":\"2019-01-09T13:22:36+00:00\",\"dateModified\":\"2019-01-09T13:23:26+00:00\",\"author\":{\"@id\":\"https:\/\/www.polisrecreio.com.br\/site\/#\/schema\/person\/3363c1c78e1e28e1329d97adb387638e\"},\"inLanguage\":\"pt-BR\",\"potentialAction\":[{\"@type\":\"ReadAction\",\"target\":[\"https:\/\/www.polisrecreio.com.br\/site\/2019\/01\/09\/amm-informa-que-governo-de-minas-retomou-pagamento-de-icms-ipva-e-fundeb\/\"]}]},{\"@type\":\"Person\",\"@id\":\"https:\/\/www.polisrecreio.com.br\/site\/#\/schema\/person\/3363c1c78e1e28e1329d97adb387638e\",\"name\":\"Leonardo Ribeiro\",\"image\":{\"@type\":\"ImageObject\",\"@id\":\"https:\/\/www.polisrecreio.com.br\/site\/#personlogo\",\"inLanguage\":\"pt-BR\",\"url\":\"https:\/\/secure.gravatar.com\/avatar\/6ba92a37d621e1a83e23710251178a12?s=96&d=mm&r=g\",\"caption\":\"Leonardo Ribeiro\"},\"sameAs\":[\"http:\/\/www.polisrecreio.com.br\"]}]}<\/script>\n<!-- \/ Yoast SEO plugin. -->","_links":{"self":[{"href":"https:\/\/www.polisrecreio.com.br\/site\/wp-json\/wp\/v2\/posts\/12593"}],"collection":[{"href":"https:\/\/www.polisrecreio.com.br\/site\/wp-json\/wp\/v2\/posts"}],"about":[{"href":"https:\/\/www.polisrecreio.com.br\/site\/wp-json\/wp\/v2\/types\/post"}],"author":[{"embeddable":true,"href":"https:\/\/www.polisrecreio.com.br\/site\/wp-json\/wp\/v2\/users\/3"}],"replies":[{"embeddable":true,"href":"https:\/\/www.polisrecreio.com.br\/site\/wp-json\/wp\/v2\/comments?post=12593"}],"version-history":[{"count":2,"href":"https:\/\/www.polisrecreio.com.br\/site\/wp-json\/wp\/v2\/posts\/12593\/revisions"}],"predecessor-version":[{"id":12596,"href":"https:\/\/www.polisrecreio.com.br\/site\/wp-json\/wp\/v2\/posts\/12593\/revisions\/12596"}],"wp:featuredmedia":[{"embeddable":true,"href":"https:\/\/www.polisrecreio.com.br\/site\/wp-json\/wp\/v2\/media\/12594"}],"wp:attachment":[{"href":"https:\/\/www.polisrecreio.com.br\/site\/wp-json\/wp\/v2\/media?parent=12593"}],"wp:term":[{"taxonomy":"category","embeddable":true,"href":"https:\/\/www.polisrecreio.com.br\/site\/wp-json\/wp\/v2\/categories?post=12593"},{"taxonomy":"post_tag","embeddable":true,"href":"https:\/\/www.polisrecreio.com.br\/site\/wp-json\/wp\/v2\/tags?post=12593"}],"curies":[{"name":"wp","href":"https:\/\/api.w.org\/{rel}","templated":true}]}}