{"id":12597,"date":"2019-01-09T14:21:25","date_gmt":"2019-01-09T17:21:25","guid":{"rendered":"http:\/\/www.polisrecreio.com.br\/site\/?p=12597"},"modified":"2019-01-09T14:37:33","modified_gmt":"2019-01-09T17:37:33","slug":"vicosa-cancela-carnaval-com-gastos-publicos","status":"publish","type":"post","link":"https:\/\/www.polisrecreio.com.br\/site\/2019\/01\/09\/vicosa-cancela-carnaval-com-gastos-publicos\/","title":{"rendered":"Vi\u00e7osa cancela Carnaval com gastos p\u00fablicos"},"content":{"rendered":"<p style=\"text-align: justify;\">Na cidade de Vi\u00e7osa, com 78.286 hab. (IBGE 2018), localizada na zona da mata mineira, a 140 km de Recreio, a organiza\u00e7\u00e3o do Carnaval 2019 com gastos p\u00fablicos est\u00e1 cancelada. A not\u00edcia foi publicada no site da Prefeitura daquele munic\u00edpio na manh\u00e3 desta quarta-feira (9). O motivo \u00e9 a crise financeira resultante da falta de recursos devidos e n\u00e3o repassados pelo Governo de Minas na gest\u00e3o passada.<\/p>\n<p><!--more--><\/p>\n<p><a href=\"http:\/\/www.polisrecreio.com.br\/site\/wp-content\/uploads\/2019\/01\/30-de-setembro-e28093-foto-ac3a9rea-da-cidade-e28094-vic3a7osa-mg-e28094-146-anos-em-2017.jpg\"><img loading=\"lazy\" class=\"aligncenter size-full wp-image-12598\" src=\"http:\/\/www.polisrecreio.com.br\/site\/wp-content\/uploads\/2019\/01\/30-de-setembro-e28093-foto-ac3a9rea-da-cidade-e28094-vic3a7osa-mg-e28094-146-anos-em-2017.jpg\" alt=\"\" width=\"750\" height=\"500\" srcset=\"https:\/\/www.polisrecreio.com.br\/site\/wp-content\/uploads\/2019\/01\/30-de-setembro-e28093-foto-ac3a9rea-da-cidade-e28094-vic3a7osa-mg-e28094-146-anos-em-2017.jpg 750w, https:\/\/www.polisrecreio.com.br\/site\/wp-content\/uploads\/2019\/01\/30-de-setembro-e28093-foto-ac3a9rea-da-cidade-e28094-vic3a7osa-mg-e28094-146-anos-em-2017-300x200.jpg 300w\" sizes=\"(max-width: 750px) 100vw, 750px\" \/><\/a><\/p>\n<p style=\"text-align: justify;\">Segundo o texto informativo a d\u00edvida estadual com Vi\u00e7osa ultrapassa R$ 23 milh\u00f5es. Em 31 de outubro de 2018 o prefeito \u00c2ngelo Chequer (PSDB) assinou o decreto 5254 que declarou estado de emerg\u00eancia financeira pelo prazo de 120 dias, estabelecendo limites de despesas e suspendendo algumas atividades que poderiam onerar os cofres p\u00fablicos.<\/p>\n<p style=\"text-align: justify;\">A vig\u00eancia do decreto termina na v\u00e9spera de iniciar o Carnaval 2019. \u201cApesar da nossa vontade em promover a festa, n\u00e3o ser\u00e1 sensato contrair\u00a0novas despesas neste momento de crise\u201d, disse o prefeito de Vi\u00e7osa.<\/p>\n<p style=\"text-align: justify;\">Apesar de n\u00e3o haver a organiza\u00e7\u00e3o do Carnaval com gastos p\u00fablicos, blocos tradicionais da cidade prometem fazer normalmente o desfile durante os quatro dias de festividade, de 2 a 5 de mar\u00e7o.<\/p>\n<p><a href=\"http:\/\/www.vicosa.mg.gov.br\/detalhe-da-materia\/info\/prefeitura-nao-promovera-festa-oficial-de-carnaval-em-2019\/61390\" target=\"_blank\" rel=\"noopener\"><em>Confira o comunicado na \u00edntegra.<\/em><\/a><\/p>\n","protected":false},"excerpt":{"rendered":"<p>Na cidade de Vi\u00e7osa, com 78.286 hab. (IBGE 2018), localizada na zona da mata mineira, a 140 km de Recreio, a organiza\u00e7\u00e3o do Carnaval 2019 com gastos p\u00fablicos est\u00e1 cancelada. A not\u00edcia foi publicada no site da Prefeitura daquele munic\u00edpio na manh\u00e3 desta quarta-feira (9). O motivo \u00e9 a crise financeira resultante da falta de [&hellip;]<\/p>\n","protected":false},"author":3,"featured_media":12598,"comment_status":"open","ping_status":"open","sticky":false,"template":"","format":"standard","meta":[],"categories":[8],"tags":[],"yoast_head":"<!-- This site is optimized with the Yoast SEO plugin v15.6.2 - https:\/\/yoast.com\/wordpress\/plugins\/seo\/ -->\n<meta name=\"robots\" content=\"index, follow, max-snippet:-1, max-image-preview:large, max-video-preview:-1\" \/>\n<link rel=\"canonical\" href=\"https:\/\/www.polisrecreio.com.br\/site\/2019\/01\/09\/vicosa-cancela-carnaval-com-gastos-publicos\/\" \/>\n<meta property=\"og:locale\" content=\"pt_BR\" \/>\n<meta property=\"og:type\" content=\"article\" \/>\n<meta property=\"og:title\" content=\"Vi\u00e7osa cancela Carnaval com gastos p\u00fablicos - P\u00f3lis Recreio\" \/>\n<meta property=\"og:description\" content=\"Na cidade de Vi\u00e7osa, com 78.286 hab. (IBGE 2018), localizada na zona da mata mineira, a 140 km de Recreio, a organiza\u00e7\u00e3o do Carnaval 2019 com gastos p\u00fablicos est\u00e1 cancelada. A not\u00edcia foi publicada no site da Prefeitura daquele munic\u00edpio na manh\u00e3 desta quarta-feira (9). O motivo \u00e9 a crise financeira resultante da falta de [&hellip;]\" \/>\n<meta property=\"og:url\" content=\"https:\/\/www.polisrecreio.com.br\/site\/2019\/01\/09\/vicosa-cancela-carnaval-com-gastos-publicos\/\" \/>\n<meta property=\"og:site_name\" content=\"P\u00f3lis Recreio\" \/>\n<meta property=\"article:publisher\" content=\"https:\/\/www.facebook.com\/Site-P%c3%b3lis-Recreio-MG-181941708571019\/\" \/>\n<meta property=\"article:published_time\" content=\"2019-01-09T17:21:25+00:00\" \/>\n<meta property=\"article:modified_time\" content=\"2019-01-09T17:37:33+00:00\" \/>\n<meta property=\"og:image\" content=\"https:\/\/www.polisrecreio.com.br\/site\/wp-content\/uploads\/2019\/01\/30-de-setembro-e28093-foto-ac3a9rea-da-cidade-e28094-vic3a7osa-mg-e28094-146-anos-em-2017.jpg\" \/>\n\t<meta property=\"og:image:width\" content=\"750\" \/>\n\t<meta property=\"og:image:height\" content=\"500\" \/>\n<meta name=\"twitter:card\" content=\"summary_large_image\" \/>\n<meta name=\"twitter:creator\" content=\"@PolisRecreio\" \/>\n<meta name=\"twitter:site\" content=\"@PolisRecreio\" \/>\n<meta name=\"twitter:label1\" content=\"Est. reading time\">\n\t<meta name=\"twitter:data1\" content=\"1 minuto\">\n<script type=\"application\/ld+json\" class=\"yoast-schema-graph\">{\"@context\":\"https:\/\/schema.org\",\"@graph\":[{\"@type\":\"WebSite\",\"@id\":\"https:\/\/www.polisrecreio.com.br\/site\/#website\",\"url\":\"https:\/\/www.polisrecreio.com.br\/site\/\",\"name\":\"P\\u00f3lis Recreio\",\"description\":\"\",\"potentialAction\":[{\"@type\":\"SearchAction\",\"target\":\"https:\/\/www.polisrecreio.com.br\/site\/?s={search_term_string}\",\"query-input\":\"required name=search_term_string\"}],\"inLanguage\":\"pt-BR\"},{\"@type\":\"ImageObject\",\"@id\":\"https:\/\/www.polisrecreio.com.br\/site\/2019\/01\/09\/vicosa-cancela-carnaval-com-gastos-publicos\/#primaryimage\",\"inLanguage\":\"pt-BR\",\"url\":\"https:\/\/www.polisrecreio.com.br\/site\/wp-content\/uploads\/2019\/01\/30-de-setembro-e28093-foto-ac3a9rea-da-cidade-e28094-vic3a7osa-mg-e28094-146-anos-em-2017.jpg\",\"width\":750,\"height\":500},{\"@type\":\"WebPage\",\"@id\":\"https:\/\/www.polisrecreio.com.br\/site\/2019\/01\/09\/vicosa-cancela-carnaval-com-gastos-publicos\/#webpage\",\"url\":\"https:\/\/www.polisrecreio.com.br\/site\/2019\/01\/09\/vicosa-cancela-carnaval-com-gastos-publicos\/\",\"name\":\"Vi\\u00e7osa cancela Carnaval com gastos p\\u00fablicos - P\\u00f3lis Recreio\",\"isPartOf\":{\"@id\":\"https:\/\/www.polisrecreio.com.br\/site\/#website\"},\"primaryImageOfPage\":{\"@id\":\"https:\/\/www.polisrecreio.com.br\/site\/2019\/01\/09\/vicosa-cancela-carnaval-com-gastos-publicos\/#primaryimage\"},\"datePublished\":\"2019-01-09T17:21:25+00:00\",\"dateModified\":\"2019-01-09T17:37:33+00:00\",\"author\":{\"@id\":\"https:\/\/www.polisrecreio.com.br\/site\/#\/schema\/person\/3363c1c78e1e28e1329d97adb387638e\"},\"inLanguage\":\"pt-BR\",\"potentialAction\":[{\"@type\":\"ReadAction\",\"target\":[\"https:\/\/www.polisrecreio.com.br\/site\/2019\/01\/09\/vicosa-cancela-carnaval-com-gastos-publicos\/\"]}]},{\"@type\":\"Person\",\"@id\":\"https:\/\/www.polisrecreio.com.br\/site\/#\/schema\/person\/3363c1c78e1e28e1329d97adb387638e\",\"name\":\"Leonardo Ribeiro\",\"image\":{\"@type\":\"ImageObject\",\"@id\":\"https:\/\/www.polisrecreio.com.br\/site\/#personlogo\",\"inLanguage\":\"pt-BR\",\"url\":\"https:\/\/secure.gravatar.com\/avatar\/6ba92a37d621e1a83e23710251178a12?s=96&d=mm&r=g\",\"caption\":\"Leonardo Ribeiro\"},\"sameAs\":[\"http:\/\/www.polisrecreio.com.br\"]}]}<\/script>\n<!-- \/ Yoast SEO plugin. -->","_links":{"self":[{"href":"https:\/\/www.polisrecreio.com.br\/site\/wp-json\/wp\/v2\/posts\/12597"}],"collection":[{"href":"https:\/\/www.polisrecreio.com.br\/site\/wp-json\/wp\/v2\/posts"}],"about":[{"href":"https:\/\/www.polisrecreio.com.br\/site\/wp-json\/wp\/v2\/types\/post"}],"author":[{"embeddable":true,"href":"https:\/\/www.polisrecreio.com.br\/site\/wp-json\/wp\/v2\/users\/3"}],"replies":[{"embeddable":true,"href":"https:\/\/www.polisrecreio.com.br\/site\/wp-json\/wp\/v2\/comments?post=12597"}],"version-history":[{"count":4,"href":"https:\/\/www.polisrecreio.com.br\/site\/wp-json\/wp\/v2\/posts\/12597\/revisions"}],"predecessor-version":[{"id":12602,"href":"https:\/\/www.polisrecreio.com.br\/site\/wp-json\/wp\/v2\/posts\/12597\/revisions\/12602"}],"wp:featuredmedia":[{"embeddable":true,"href":"https:\/\/www.polisrecreio.com.br\/site\/wp-json\/wp\/v2\/media\/12598"}],"wp:attachment":[{"href":"https:\/\/www.polisrecreio.com.br\/site\/wp-json\/wp\/v2\/media?parent=12597"}],"wp:term":[{"taxonomy":"category","embeddable":true,"href":"https:\/\/www.polisrecreio.com.br\/site\/wp-json\/wp\/v2\/categories?post=12597"},{"taxonomy":"post_tag","embeddable":true,"href":"https:\/\/www.polisrecreio.com.br\/site\/wp-json\/wp\/v2\/tags?post=12597"}],"curies":[{"name":"wp","href":"https:\/\/api.w.org\/{rel}","templated":true}]}}