{"id":12603,"date":"2019-01-10T07:33:01","date_gmt":"2019-01-10T10:33:01","guid":{"rendered":"http:\/\/www.polisrecreio.com.br\/site\/?p=12603"},"modified":"2019-01-10T07:33:01","modified_gmt":"2019-01-10T10:33:01","slug":"energisa-da-dicas-para-aproveitar-as-ferias-com-seguranca-e-economia","status":"publish","type":"post","link":"https:\/\/www.polisrecreio.com.br\/site\/2019\/01\/10\/energisa-da-dicas-para-aproveitar-as-ferias-com-seguranca-e-economia\/","title":{"rendered":"Energisa d\u00e1 dicas para aproveitar as f\u00e9rias com seguran\u00e7a e economia"},"content":{"rendered":"<p style=\"text-align: justify;\">A Energisa Minas Gerais, concession\u00e1ria de energia el\u00e9trica que atende diversas cidades da regi\u00e3o, incluindo Recreio, divulga uma s\u00e9rie de orienta\u00e7\u00f5es simples e eficientes ao consumidor para que ele possa adot\u00e1-las neste per\u00edodo de f\u00e9rias escolares e onde muitas pessoas viajam. As dicas visam dar mais seguran\u00e7a ao consumidor e evita o desperd\u00edcio de energia. Confira e fique ligado:<\/p>\n<p><!--more--><\/p>\n<p><a href=\"http:\/\/www.polisrecreio.com.br\/site\/wp-content\/uploads\/2019\/01\/4-Economia-de-energia-eletrica-na-empresa-1170x780.jpg\"><img loading=\"lazy\" class=\"aligncenter size-full wp-image-12604\" src=\"http:\/\/www.polisrecreio.com.br\/site\/wp-content\/uploads\/2019\/01\/4-Economia-de-energia-eletrica-na-empresa-1170x780.jpg\" alt=\"\" width=\"750\" height=\"500\" srcset=\"https:\/\/www.polisrecreio.com.br\/site\/wp-content\/uploads\/2019\/01\/4-Economia-de-energia-eletrica-na-empresa-1170x780.jpg 750w, https:\/\/www.polisrecreio.com.br\/site\/wp-content\/uploads\/2019\/01\/4-Economia-de-energia-eletrica-na-empresa-1170x780-300x200.jpg 300w\" sizes=\"(max-width: 750px) 100vw, 750px\" \/><\/a><\/p>\n<p style=\"text-align: justify;\">* aproveite a luz natural. Evite deixar l\u00e2mpadas acesas durante o dia. \u00c0 noite, desligue as l\u00e2mpadas dos ambientes que n\u00e3o estiver utilizando. As crian\u00e7as devem fazer o mesmo;<\/p>\n<p style=\"text-align: justify;\">* prefira l\u00e2mpadas do tipo LED, que s\u00e3o mais econ\u00f4micas;<\/p>\n<p style=\"text-align: justify;\">* n\u00e3o deixe TV, computador ou outro aparelho ligado \u00e0 toa;<\/p>\n<p style=\"text-align: justify;\">* evite que as crian\u00e7as durmam com a televis\u00e3o ligada. Neste caso, a dica \u00e9: use a op\u00e7\u00e3o de programa\u00e7\u00e3o de tempo para desligamento autom\u00e1tico. E desligue a TV quando ningu\u00e9m estiver assistindo;<\/p>\n<p style=\"text-align: justify;\">* o computador tamb\u00e9m merece aten\u00e7\u00e3o especial. Sempre que der uma pausa, desligue o monitor de v\u00eddeo. Se puder, configure-o para desligar automaticamente ap\u00f3s alguns minutos sem utiliza\u00e7\u00e3o;<\/p>\n<p style=\"text-align: justify;\">* fique atento ao tempo de uso das TVs, computadores, v\u00eddeo games e outros brinquedos eletr\u00f4nicos. Estabele\u00e7a hor\u00e1rios e evite desperd\u00edcios. Uma boa op\u00e7\u00e3o \u00e9 brincar e praticar atividades com as crian\u00e7as ao ar livre;<\/p>\n<p style=\"text-align: justify;\">* a geladeira tamb\u00e9m merece uma aten\u00e7\u00e3o redobrada. Ela \u00e9 respons\u00e1vel por at\u00e9 30% do consumo de energia de uma resid\u00eancia. Por isso, para evitar que as crian\u00e7as abram e fechem a geladeira com frequ\u00eancia, deixe uma garrafa com \u00e1gua gelada do lado de fora;<\/p>\n<p style=\"text-align: justify;\">* use o ferro somente quando for passar bastante roupa;<\/p>\n<p style=\"text-align: justify;\">* aproveite os dias quentes e deixe o chuveiro na posi\u00e7\u00e3o ver\u00e3o;<\/p>\n<p style=\"text-align: justify;\">* prefira os ventiladores de p\u00e9, j\u00e1 que o modelo de teto consume em m\u00e9dia at\u00e9 55% a mais que o comum;<\/p>\n<p style=\"text-align: justify;\">* o ar condicionado pode ser o vil\u00e3o do consumo de energia no per\u00edodo do ver\u00e3o. Por isso, fique atento ao local de instala\u00e7\u00e3o do aparelho, que deve ser longe dos raios solares e com boa circula\u00e7\u00e3o de ar. Al\u00e9m disso, limpe os filtros periodicamente e regule o termostato para a temperatura adequada;<\/p>\n<p style=\"text-align: justify;\">* prefira aparelhos com o selo PROCEL\/INMETRO;<\/p>\n<p style=\"text-align: justify;\">* para as crian\u00e7as que gostam de soltar pipa, lembre-se: pipa e rede el\u00e9trica n\u00e3o combinam. \u00c9 preciso tomar uma s\u00e9rie de cuidados para evitar que os momentos de lazer n\u00e3o terminem em acidentes ou provoquem interrup\u00e7\u00f5es no fornecimento de energia el\u00e9trica, prejudicando v\u00e1rios clientes. Se a pipa enrolar nos fios tamb\u00e9m pode causar acidentes, inclusive fatal. O melhor \u00e9 brincar com seguran\u00e7a, ent\u00e3o:<\/p>\n<ul style=\"text-align: justify;\">\n<li>Se a pipa enrolar nos fios pode causar acidentes e interrup\u00e7\u00f5es no fornecimento de energia.<\/li>\n<li>Escolha lugares abertos, longe da rede el\u00e9trica, como campos de futebol e parques.<\/li>\n<li>Nunca tente retirar pipa enrolada em fios el\u00e9tricos.<\/li>\n<li>N\u00e3o use papel alum\u00ednio ou fios met\u00e1licos para fazer a sua pipa. Esses materiais conduzem energia el\u00e9trica com mais facilidade e provocam choques e curto-circuito.<\/li>\n<\/ul>\n<p style=\"text-align: justify;\"><strong>E se for viajar&#8230;<\/strong><\/p>\n<p style=\"text-align: justify;\">* apague todas as luzes e evite o modo stand-by (modo de espera) dos eletroeleletr\u00f4nicos. O ideal \u00e9 retirar os aparelhos da tomada, principalmente aqueles que n\u00e3o s\u00e3o de uso cont\u00ednuo.<\/p>\n<p style=\"text-align: justify;\">* Em caso de viagens longas, \u00e9 recomend\u00e1vel desligar a chave geral do im\u00f3vel e esvaziar a geladeira.<\/p>\n<p style=\"text-align: justify;\">* Para aqueles que gostam de deixar uma l\u00e2mpada acesa como indicativo de presen\u00e7a, instale uma l\u00e2mpada fluorescente compacta de baixa pot\u00eancia.<\/p>\n<p><em>Com informa\u00e7\u00f5es: Ger\u00eancia de Comunica\u00e7\u00e3o e Marketing da Energisa.<\/em><\/p>\n","protected":false},"excerpt":{"rendered":"<p>A Energisa Minas Gerais, concession\u00e1ria de energia el\u00e9trica que atende diversas cidades da regi\u00e3o, incluindo Recreio, divulga uma s\u00e9rie de orienta\u00e7\u00f5es simples e eficientes ao consumidor para que ele possa adot\u00e1-las neste per\u00edodo de f\u00e9rias escolares e onde muitas pessoas viajam. As dicas visam dar mais seguran\u00e7a ao consumidor e evita o desperd\u00edcio de energia. [&hellip;]<\/p>\n","protected":false},"author":3,"featured_media":12604,"comment_status":"open","ping_status":"open","sticky":false,"template":"","format":"standard","meta":[],"categories":[5],"tags":[],"yoast_head":"<!-- This site is optimized with the Yoast SEO plugin v15.6.2 - https:\/\/yoast.com\/wordpress\/plugins\/seo\/ -->\n<meta name=\"robots\" content=\"index, follow, max-snippet:-1, max-image-preview:large, max-video-preview:-1\" \/>\n<link rel=\"canonical\" href=\"http:\/\/www.polisrecreio.com.br\/site\/2019\/01\/10\/energisa-da-dicas-para-aproveitar-as-ferias-com-seguranca-e-economia\/\" \/>\n<meta property=\"og:locale\" content=\"pt_BR\" \/>\n<meta property=\"og:type\" content=\"article\" \/>\n<meta property=\"og:title\" content=\"Energisa d\u00e1 dicas para aproveitar as f\u00e9rias com seguran\u00e7a e economia - P\u00f3lis Recreio\" \/>\n<meta property=\"og:description\" content=\"A Energisa Minas Gerais, concession\u00e1ria de energia el\u00e9trica que atende diversas cidades da regi\u00e3o, incluindo Recreio, divulga uma s\u00e9rie de orienta\u00e7\u00f5es simples e eficientes ao consumidor para que ele possa adot\u00e1-las neste per\u00edodo de f\u00e9rias escolares e onde muitas pessoas viajam. As dicas visam dar mais seguran\u00e7a ao consumidor e evita o desperd\u00edcio de energia. [&hellip;]\" \/>\n<meta property=\"og:url\" content=\"http:\/\/www.polisrecreio.com.br\/site\/2019\/01\/10\/energisa-da-dicas-para-aproveitar-as-ferias-com-seguranca-e-economia\/\" \/>\n<meta property=\"og:site_name\" content=\"P\u00f3lis Recreio\" \/>\n<meta property=\"article:publisher\" content=\"https:\/\/www.facebook.com\/Site-P%c3%b3lis-Recreio-MG-181941708571019\/\" \/>\n<meta property=\"article:published_time\" content=\"2019-01-10T10:33:01+00:00\" \/>\n<meta property=\"og:image\" content=\"https:\/\/www.polisrecreio.com.br\/site\/wp-content\/uploads\/2019\/01\/4-Economia-de-energia-eletrica-na-empresa-1170x780.jpg\" \/>\n\t<meta property=\"og:image:width\" content=\"750\" \/>\n\t<meta property=\"og:image:height\" content=\"500\" \/>\n<meta name=\"twitter:card\" content=\"summary_large_image\" \/>\n<meta name=\"twitter:creator\" content=\"@PolisRecreio\" \/>\n<meta name=\"twitter:site\" content=\"@PolisRecreio\" \/>\n<meta name=\"twitter:label1\" content=\"Est. reading time\">\n\t<meta name=\"twitter:data1\" content=\"3 minutos\">\n<script type=\"application\/ld+json\" class=\"yoast-schema-graph\">{\"@context\":\"https:\/\/schema.org\",\"@graph\":[{\"@type\":\"WebSite\",\"@id\":\"https:\/\/www.polisrecreio.com.br\/site\/#website\",\"url\":\"https:\/\/www.polisrecreio.com.br\/site\/\",\"name\":\"P\\u00f3lis Recreio\",\"description\":\"\",\"potentialAction\":[{\"@type\":\"SearchAction\",\"target\":\"https:\/\/www.polisrecreio.com.br\/site\/?s={search_term_string}\",\"query-input\":\"required name=search_term_string\"}],\"inLanguage\":\"pt-BR\"},{\"@type\":\"ImageObject\",\"@id\":\"http:\/\/www.polisrecreio.com.br\/site\/2019\/01\/10\/energisa-da-dicas-para-aproveitar-as-ferias-com-seguranca-e-economia\/#primaryimage\",\"inLanguage\":\"pt-BR\",\"url\":\"https:\/\/www.polisrecreio.com.br\/site\/wp-content\/uploads\/2019\/01\/4-Economia-de-energia-eletrica-na-empresa-1170x780.jpg\",\"width\":750,\"height\":500},{\"@type\":\"WebPage\",\"@id\":\"http:\/\/www.polisrecreio.com.br\/site\/2019\/01\/10\/energisa-da-dicas-para-aproveitar-as-ferias-com-seguranca-e-economia\/#webpage\",\"url\":\"http:\/\/www.polisrecreio.com.br\/site\/2019\/01\/10\/energisa-da-dicas-para-aproveitar-as-ferias-com-seguranca-e-economia\/\",\"name\":\"Energisa d\\u00e1 dicas para aproveitar as f\\u00e9rias com seguran\\u00e7a e economia - P\\u00f3lis Recreio\",\"isPartOf\":{\"@id\":\"https:\/\/www.polisrecreio.com.br\/site\/#website\"},\"primaryImageOfPage\":{\"@id\":\"http:\/\/www.polisrecreio.com.br\/site\/2019\/01\/10\/energisa-da-dicas-para-aproveitar-as-ferias-com-seguranca-e-economia\/#primaryimage\"},\"datePublished\":\"2019-01-10T10:33:01+00:00\",\"dateModified\":\"2019-01-10T10:33:01+00:00\",\"author\":{\"@id\":\"https:\/\/www.polisrecreio.com.br\/site\/#\/schema\/person\/3363c1c78e1e28e1329d97adb387638e\"},\"inLanguage\":\"pt-BR\",\"potentialAction\":[{\"@type\":\"ReadAction\",\"target\":[\"http:\/\/www.polisrecreio.com.br\/site\/2019\/01\/10\/energisa-da-dicas-para-aproveitar-as-ferias-com-seguranca-e-economia\/\"]}]},{\"@type\":\"Person\",\"@id\":\"https:\/\/www.polisrecreio.com.br\/site\/#\/schema\/person\/3363c1c78e1e28e1329d97adb387638e\",\"name\":\"Leonardo Ribeiro\",\"image\":{\"@type\":\"ImageObject\",\"@id\":\"https:\/\/www.polisrecreio.com.br\/site\/#personlogo\",\"inLanguage\":\"pt-BR\",\"url\":\"https:\/\/secure.gravatar.com\/avatar\/6ba92a37d621e1a83e23710251178a12?s=96&d=mm&r=g\",\"caption\":\"Leonardo Ribeiro\"},\"sameAs\":[\"http:\/\/www.polisrecreio.com.br\"]}]}<\/script>\n<!-- \/ Yoast SEO plugin. -->","_links":{"self":[{"href":"https:\/\/www.polisrecreio.com.br\/site\/wp-json\/wp\/v2\/posts\/12603"}],"collection":[{"href":"https:\/\/www.polisrecreio.com.br\/site\/wp-json\/wp\/v2\/posts"}],"about":[{"href":"https:\/\/www.polisrecreio.com.br\/site\/wp-json\/wp\/v2\/types\/post"}],"author":[{"embeddable":true,"href":"https:\/\/www.polisrecreio.com.br\/site\/wp-json\/wp\/v2\/users\/3"}],"replies":[{"embeddable":true,"href":"https:\/\/www.polisrecreio.com.br\/site\/wp-json\/wp\/v2\/comments?post=12603"}],"version-history":[{"count":1,"href":"https:\/\/www.polisrecreio.com.br\/site\/wp-json\/wp\/v2\/posts\/12603\/revisions"}],"predecessor-version":[{"id":12605,"href":"https:\/\/www.polisrecreio.com.br\/site\/wp-json\/wp\/v2\/posts\/12603\/revisions\/12605"}],"wp:featuredmedia":[{"embeddable":true,"href":"https:\/\/www.polisrecreio.com.br\/site\/wp-json\/wp\/v2\/media\/12604"}],"wp:attachment":[{"href":"https:\/\/www.polisrecreio.com.br\/site\/wp-json\/wp\/v2\/media?parent=12603"}],"wp:term":[{"taxonomy":"category","embeddable":true,"href":"https:\/\/www.polisrecreio.com.br\/site\/wp-json\/wp\/v2\/categories?post=12603"},{"taxonomy":"post_tag","embeddable":true,"href":"https:\/\/www.polisrecreio.com.br\/site\/wp-json\/wp\/v2\/tags?post=12603"}],"curies":[{"name":"wp","href":"https:\/\/api.w.org\/{rel}","templated":true}]}}