{"id":12612,"date":"2019-01-10T19:43:00","date_gmt":"2019-01-10T22:43:00","guid":{"rendered":"http:\/\/www.polisrecreio.com.br\/site\/?p=12612"},"modified":"2019-01-10T19:54:30","modified_gmt":"2019-01-10T22:54:30","slug":"mec-anuncia-piso-salarial-do-magisterio-r-2-55774","status":"publish","type":"post","link":"https:\/\/www.polisrecreio.com.br\/site\/2019\/01\/10\/mec-anuncia-piso-salarial-do-magisterio-r-2-55774\/","title":{"rendered":"MEC anuncia piso salarial do magist\u00e9rio: R$ 2.557,74"},"content":{"rendered":"<p style=\"text-align: justify;\">O Minist\u00e9rio da Educa\u00e7\u00e3o \u201cMEC\u201d anunciou na quarta-feira (9) o reajuste de 4,17% sobre o piso nacional salarial do magist\u00e9rio, conforme determina\u00e7\u00e3o do art. 5\u00ba da Lei n\u00ba 11.738, de 16 de julho de 2008, passando para\u00a0R$ 2.557,74 neste ano. O valor corresponde ao vencimento inicial dos profissionais do magist\u00e9rio p\u00fablico da educa\u00e7\u00e3o b\u00e1sica, com forma\u00e7\u00e3o de n\u00edvel m\u00e9dio, modalidade normal, jornada de 40 horas semanais.<\/p>\n<p><!--more--><\/p>\n<p><a href=\"http:\/\/www.polisrecreio.com.br\/site\/wp-content\/uploads\/2019\/01\/07b42aa4-2d07-4294-9ef4-1b2d7a283533.jpeg\"><img loading=\"lazy\" class=\"aligncenter size-full wp-image-12613\" src=\"http:\/\/www.polisrecreio.com.br\/site\/wp-content\/uploads\/2019\/01\/07b42aa4-2d07-4294-9ef4-1b2d7a283533.jpeg\" alt=\"\" width=\"750\" height=\"446\" srcset=\"https:\/\/www.polisrecreio.com.br\/site\/wp-content\/uploads\/2019\/01\/07b42aa4-2d07-4294-9ef4-1b2d7a283533.jpeg 750w, https:\/\/www.polisrecreio.com.br\/site\/wp-content\/uploads\/2019\/01\/07b42aa4-2d07-4294-9ef4-1b2d7a283533-300x178.jpeg 300w\" sizes=\"(max-width: 750px) 100vw, 750px\" \/><\/a><\/p>\n<p style=\"text-align: justify;\">O piso \u00e9 reajustado anualmente a partir do m\u00eas de janeiro e segue as regras da Lei do Piso, que define o m\u00ednimo a ser pago aos professores da rede p\u00fablica em in\u00edcio de carreira. O aumento \u00e9 definido de acordo com o valor anual m\u00ednimo por aluno no Fundo de Manuten\u00e7\u00e3o e Desenvolvimento da Educa\u00e7\u00e3o B\u00e1sica e de Valoriza\u00e7\u00e3o dos Profissionais da Educa\u00e7\u00e3o \u201cFUNDEB\u201d.<\/p>\n<p style=\"text-align: justify;\">O MEC ainda n\u00e3o confirmou quando o reajuste ser\u00e1 publicado no Di\u00e1rio Oficial.<\/p>\n<p><strong>A evolu\u00e7\u00e3o do valor do piso nacional:<\/strong><\/p>\n<ul>\n<li data-key=\"176254\"><span data-key=\"176255\">2009 &#8211; R$ 950<\/span><\/li>\n<li data-key=\"176256\"><span data-key=\"176257\">2010 &#8211; R$ 1.024,67<\/span><\/li>\n<li data-key=\"176258\"><span data-key=\"176259\">2011 &#8211; R$ 1.187,14<\/span><\/li>\n<li data-key=\"176260\"><span data-key=\"176261\">2012 &#8211; R$ 1.451<\/span><\/li>\n<li data-key=\"176262\"><span data-key=\"176263\">2013 &#8211; R$ 1.567<\/span><\/li>\n<li data-key=\"176264\"><span data-key=\"176265\">2014 &#8211; R$ 1.697<\/span><\/li>\n<li data-key=\"176266\"><span data-key=\"176267\">2015 &#8211; R$ 1.917,78<\/span><\/li>\n<li data-key=\"176268\"><span data-key=\"176269\">2016 &#8211; R$ 2.135,64 <\/span><\/li>\n<li data-key=\"176270\"><span data-key=\"176271\">2017 &#8211; R$ 2.298,80<\/span><\/li>\n<li data-key=\"176272\"><span data-key=\"176273\">2018 &#8211; R$ 2.455,35<\/span><\/li>\n<li>2019 &#8211; R$ 2.557,74<\/li>\n<\/ul>\n","protected":false},"excerpt":{"rendered":"<p>O Minist\u00e9rio da Educa\u00e7\u00e3o \u201cMEC\u201d anunciou na quarta-feira (9) o reajuste de 4,17% sobre o piso nacional salarial do magist\u00e9rio, conforme determina\u00e7\u00e3o do art. 5\u00ba da Lei n\u00ba 11.738, de 16 de julho de 2008, passando para\u00a0R$ 2.557,74 neste ano. O valor corresponde ao vencimento inicial dos profissionais do magist\u00e9rio p\u00fablico da educa\u00e7\u00e3o b\u00e1sica, com [&hellip;]<\/p>\n","protected":false},"author":3,"featured_media":12613,"comment_status":"open","ping_status":"open","sticky":false,"template":"","format":"standard","meta":[],"categories":[9],"tags":[],"yoast_head":"<!-- This site is optimized with the Yoast SEO plugin v15.6.2 - https:\/\/yoast.com\/wordpress\/plugins\/seo\/ -->\n<meta name=\"robots\" content=\"index, follow, max-snippet:-1, max-image-preview:large, max-video-preview:-1\" \/>\n<link rel=\"canonical\" href=\"https:\/\/www.polisrecreio.com.br\/site\/2019\/01\/10\/mec-anuncia-piso-salarial-do-magisterio-r-2-55774\/\" \/>\n<meta property=\"og:locale\" content=\"pt_BR\" \/>\n<meta property=\"og:type\" content=\"article\" \/>\n<meta property=\"og:title\" content=\"MEC anuncia piso salarial do magist\u00e9rio: R$ 2.557,74 - P\u00f3lis Recreio\" \/>\n<meta property=\"og:description\" content=\"O Minist\u00e9rio da Educa\u00e7\u00e3o \u201cMEC\u201d anunciou na quarta-feira (9) o reajuste de 4,17% sobre o piso nacional salarial do magist\u00e9rio, conforme determina\u00e7\u00e3o do art. 5\u00ba da Lei n\u00ba 11.738, de 16 de julho de 2008, passando para\u00a0R$ 2.557,74 neste ano. O valor corresponde ao vencimento inicial dos profissionais do magist\u00e9rio p\u00fablico da educa\u00e7\u00e3o b\u00e1sica, com [&hellip;]\" \/>\n<meta property=\"og:url\" content=\"https:\/\/www.polisrecreio.com.br\/site\/2019\/01\/10\/mec-anuncia-piso-salarial-do-magisterio-r-2-55774\/\" \/>\n<meta property=\"og:site_name\" content=\"P\u00f3lis Recreio\" \/>\n<meta property=\"article:publisher\" content=\"https:\/\/www.facebook.com\/Site-P%c3%b3lis-Recreio-MG-181941708571019\/\" \/>\n<meta property=\"article:published_time\" content=\"2019-01-10T22:43:00+00:00\" \/>\n<meta property=\"article:modified_time\" content=\"2019-01-10T22:54:30+00:00\" \/>\n<meta property=\"og:image\" content=\"https:\/\/www.polisrecreio.com.br\/site\/wp-content\/uploads\/2019\/01\/07b42aa4-2d07-4294-9ef4-1b2d7a283533.jpeg\" \/>\n\t<meta property=\"og:image:width\" content=\"750\" \/>\n\t<meta property=\"og:image:height\" content=\"446\" \/>\n<meta name=\"twitter:card\" content=\"summary_large_image\" \/>\n<meta name=\"twitter:creator\" content=\"@PolisRecreio\" \/>\n<meta name=\"twitter:site\" content=\"@PolisRecreio\" \/>\n<meta name=\"twitter:label1\" content=\"Est. reading time\">\n\t<meta name=\"twitter:data1\" content=\"1 minuto\">\n<script type=\"application\/ld+json\" class=\"yoast-schema-graph\">{\"@context\":\"https:\/\/schema.org\",\"@graph\":[{\"@type\":\"WebSite\",\"@id\":\"https:\/\/www.polisrecreio.com.br\/site\/#website\",\"url\":\"https:\/\/www.polisrecreio.com.br\/site\/\",\"name\":\"P\\u00f3lis Recreio\",\"description\":\"\",\"potentialAction\":[{\"@type\":\"SearchAction\",\"target\":\"https:\/\/www.polisrecreio.com.br\/site\/?s={search_term_string}\",\"query-input\":\"required name=search_term_string\"}],\"inLanguage\":\"pt-BR\"},{\"@type\":\"ImageObject\",\"@id\":\"https:\/\/www.polisrecreio.com.br\/site\/2019\/01\/10\/mec-anuncia-piso-salarial-do-magisterio-r-2-55774\/#primaryimage\",\"inLanguage\":\"pt-BR\",\"url\":\"https:\/\/www.polisrecreio.com.br\/site\/wp-content\/uploads\/2019\/01\/07b42aa4-2d07-4294-9ef4-1b2d7a283533.jpeg\",\"width\":750,\"height\":446},{\"@type\":\"WebPage\",\"@id\":\"https:\/\/www.polisrecreio.com.br\/site\/2019\/01\/10\/mec-anuncia-piso-salarial-do-magisterio-r-2-55774\/#webpage\",\"url\":\"https:\/\/www.polisrecreio.com.br\/site\/2019\/01\/10\/mec-anuncia-piso-salarial-do-magisterio-r-2-55774\/\",\"name\":\"MEC anuncia piso salarial do magist\\u00e9rio: R$ 2.557,74 - P\\u00f3lis Recreio\",\"isPartOf\":{\"@id\":\"https:\/\/www.polisrecreio.com.br\/site\/#website\"},\"primaryImageOfPage\":{\"@id\":\"https:\/\/www.polisrecreio.com.br\/site\/2019\/01\/10\/mec-anuncia-piso-salarial-do-magisterio-r-2-55774\/#primaryimage\"},\"datePublished\":\"2019-01-10T22:43:00+00:00\",\"dateModified\":\"2019-01-10T22:54:30+00:00\",\"author\":{\"@id\":\"https:\/\/www.polisrecreio.com.br\/site\/#\/schema\/person\/3363c1c78e1e28e1329d97adb387638e\"},\"inLanguage\":\"pt-BR\",\"potentialAction\":[{\"@type\":\"ReadAction\",\"target\":[\"https:\/\/www.polisrecreio.com.br\/site\/2019\/01\/10\/mec-anuncia-piso-salarial-do-magisterio-r-2-55774\/\"]}]},{\"@type\":\"Person\",\"@id\":\"https:\/\/www.polisrecreio.com.br\/site\/#\/schema\/person\/3363c1c78e1e28e1329d97adb387638e\",\"name\":\"Leonardo Ribeiro\",\"image\":{\"@type\":\"ImageObject\",\"@id\":\"https:\/\/www.polisrecreio.com.br\/site\/#personlogo\",\"inLanguage\":\"pt-BR\",\"url\":\"https:\/\/secure.gravatar.com\/avatar\/6ba92a37d621e1a83e23710251178a12?s=96&d=mm&r=g\",\"caption\":\"Leonardo Ribeiro\"},\"sameAs\":[\"http:\/\/www.polisrecreio.com.br\"]}]}<\/script>\n<!-- \/ Yoast SEO plugin. -->","_links":{"self":[{"href":"https:\/\/www.polisrecreio.com.br\/site\/wp-json\/wp\/v2\/posts\/12612"}],"collection":[{"href":"https:\/\/www.polisrecreio.com.br\/site\/wp-json\/wp\/v2\/posts"}],"about":[{"href":"https:\/\/www.polisrecreio.com.br\/site\/wp-json\/wp\/v2\/types\/post"}],"author":[{"embeddable":true,"href":"https:\/\/www.polisrecreio.com.br\/site\/wp-json\/wp\/v2\/users\/3"}],"replies":[{"embeddable":true,"href":"https:\/\/www.polisrecreio.com.br\/site\/wp-json\/wp\/v2\/comments?post=12612"}],"version-history":[{"count":5,"href":"https:\/\/www.polisrecreio.com.br\/site\/wp-json\/wp\/v2\/posts\/12612\/revisions"}],"predecessor-version":[{"id":12618,"href":"https:\/\/www.polisrecreio.com.br\/site\/wp-json\/wp\/v2\/posts\/12612\/revisions\/12618"}],"wp:featuredmedia":[{"embeddable":true,"href":"https:\/\/www.polisrecreio.com.br\/site\/wp-json\/wp\/v2\/media\/12613"}],"wp:attachment":[{"href":"https:\/\/www.polisrecreio.com.br\/site\/wp-json\/wp\/v2\/media?parent=12612"}],"wp:term":[{"taxonomy":"category","embeddable":true,"href":"https:\/\/www.polisrecreio.com.br\/site\/wp-json\/wp\/v2\/categories?post=12612"},{"taxonomy":"post_tag","embeddable":true,"href":"https:\/\/www.polisrecreio.com.br\/site\/wp-json\/wp\/v2\/tags?post=12612"}],"curies":[{"name":"wp","href":"https:\/\/api.w.org\/{rel}","templated":true}]}}