{"id":12619,"date":"2019-01-10T21:19:27","date_gmt":"2019-01-11T00:19:27","guid":{"rendered":"http:\/\/www.polisrecreio.com.br\/site\/?p=12619"},"modified":"2019-01-10T21:29:20","modified_gmt":"2019-01-11T00:29:20","slug":"primeira-etapa-do-calcamento-da-rua-oswaldo-alvim-entra-na-fase-de-conclusao","status":"publish","type":"post","link":"https:\/\/www.polisrecreio.com.br\/site\/2019\/01\/10\/primeira-etapa-do-calcamento-da-rua-oswaldo-alvim-entra-na-fase-de-conclusao\/","title":{"rendered":"Primeira etapa do cal\u00e7amento da Rua Oswaldo Alvim entra na fase de conclus\u00e3o"},"content":{"rendered":"<p style=\"text-align: justify;\">A primeira etapa, entre a esquina da Rua Gon\u00e7alves Neto e o acesso ao Gin\u00e1sio Poliesportivo, das obras do cal\u00e7amento da Rua Oswaldo Alvim entrou na fase de conclus\u00e3o.<\/p>\n<p><!--more--><\/p>\n<figure id=\"attachment_12621\" aria-describedby=\"caption-attachment-12621\" style=\"width: 750px\" class=\"wp-caption aligncenter\"><a href=\"http:\/\/www.polisrecreio.com.br\/site\/wp-content\/uploads\/2019\/01\/50263533_629813537456823_1743340011564040192_n.jpg\"><img loading=\"lazy\" class=\"size-full wp-image-12621\" src=\"http:\/\/www.polisrecreio.com.br\/site\/wp-content\/uploads\/2019\/01\/50263533_629813537456823_1743340011564040192_n.jpg\" alt=\"\" width=\"750\" height=\"508\" srcset=\"https:\/\/www.polisrecreio.com.br\/site\/wp-content\/uploads\/2019\/01\/50263533_629813537456823_1743340011564040192_n.jpg 750w, https:\/\/www.polisrecreio.com.br\/site\/wp-content\/uploads\/2019\/01\/50263533_629813537456823_1743340011564040192_n-300x203.jpg 300w\" sizes=\"(max-width: 750px) 100vw, 750px\" \/><\/a><figcaption id=\"caption-attachment-12621\" class=\"wp-caption-text\">Primeira etapa do cal\u00e7amento.<\/figcaption><\/figure>\n<p style=\"text-align: justify;\">A pavimenta\u00e7\u00e3o da via com blocos de concreto sextavado est\u00e1 a cargo da empresa Scallberi Constru\u00e7\u00f5es e Servi\u00e7os Ltda. \u2013 EPP, da cidade de Muria\u00e9. O investimento \u00e9 de R$ R$ 158.872,34. O recurso federal foi adquirido pelo Munic\u00edpio atrav\u00e9s de emenda parlamentar do deputado Federal, Misael Varella.<\/p>\n<p style=\"text-align: justify;\">Na primeira etapa a Prefeitura, atrav\u00e9s da Secretaria Municipal de Desenvolvimento Urbano, precisou reestruturar uma pequena rede de drenagem pluvial, que antes era de manilhas de cer\u00e2mica e agora passou a ser de tubos de concreto.<\/p>\n<figure id=\"attachment_12620\" aria-describedby=\"caption-attachment-12620\" style=\"width: 750px\" class=\"wp-caption aligncenter\"><a href=\"http:\/\/www.polisrecreio.com.br\/site\/wp-content\/uploads\/2019\/01\/49914701_628807434224100_6159027662749696000_n.jpg\"><img loading=\"lazy\" class=\"size-full wp-image-12620\" src=\"http:\/\/www.polisrecreio.com.br\/site\/wp-content\/uploads\/2019\/01\/49914701_628807434224100_6159027662749696000_n.jpg\" alt=\"\" width=\"750\" height=\"422\" srcset=\"https:\/\/www.polisrecreio.com.br\/site\/wp-content\/uploads\/2019\/01\/49914701_628807434224100_6159027662749696000_n.jpg 750w, https:\/\/www.polisrecreio.com.br\/site\/wp-content\/uploads\/2019\/01\/49914701_628807434224100_6159027662749696000_n-300x169.jpg 300w\" sizes=\"(max-width: 750px) 100vw, 750px\" \/><\/a><figcaption id=\"caption-attachment-12620\" class=\"wp-caption-text\">Rede de drenagem reestruturada.<\/figcaption><\/figure>\n<p style=\"text-align: justify;\">A segunda etapa do cal\u00e7amento ser\u00e1 entre a esquina da Rua Gon\u00e7alves Neto e a entrada do bairro Canto da F\u00e1brica, entretanto, antes de iniciar a instala\u00e7\u00e3o dos blocos ser\u00e1 necess\u00e1rio a constru\u00e7\u00e3o de uma rede de drenagem pluvial. Esta obra ser\u00e1 com recursos pr\u00f3prios do Munic\u00edpio.<\/p>\n","protected":false},"excerpt":{"rendered":"<p>A primeira etapa, entre a esquina da Rua Gon\u00e7alves Neto e o acesso ao Gin\u00e1sio Poliesportivo, das obras do cal\u00e7amento da Rua Oswaldo Alvim entrou na fase de conclus\u00e3o.<\/p>\n","protected":false},"author":3,"featured_media":12621,"comment_status":"open","ping_status":"open","sticky":false,"template":"","format":"standard","meta":[],"categories":[6],"tags":[],"yoast_head":"<!-- This site is optimized with the Yoast SEO plugin v15.6.2 - https:\/\/yoast.com\/wordpress\/plugins\/seo\/ -->\n<meta name=\"robots\" content=\"index, follow, max-snippet:-1, max-image-preview:large, max-video-preview:-1\" \/>\n<link rel=\"canonical\" href=\"https:\/\/www.polisrecreio.com.br\/site\/2019\/01\/10\/primeira-etapa-do-calcamento-da-rua-oswaldo-alvim-entra-na-fase-de-conclusao\/\" \/>\n<meta property=\"og:locale\" content=\"pt_BR\" \/>\n<meta property=\"og:type\" content=\"article\" \/>\n<meta property=\"og:title\" content=\"Primeira etapa do cal\u00e7amento da Rua Oswaldo Alvim entra na fase de conclus\u00e3o - P\u00f3lis Recreio\" \/>\n<meta property=\"og:description\" content=\"A primeira etapa, entre a esquina da Rua Gon\u00e7alves Neto e o acesso ao Gin\u00e1sio Poliesportivo, das obras do cal\u00e7amento da Rua Oswaldo Alvim entrou na fase de conclus\u00e3o.\" \/>\n<meta property=\"og:url\" content=\"https:\/\/www.polisrecreio.com.br\/site\/2019\/01\/10\/primeira-etapa-do-calcamento-da-rua-oswaldo-alvim-entra-na-fase-de-conclusao\/\" \/>\n<meta property=\"og:site_name\" content=\"P\u00f3lis Recreio\" \/>\n<meta property=\"article:publisher\" content=\"https:\/\/www.facebook.com\/Site-P%c3%b3lis-Recreio-MG-181941708571019\/\" \/>\n<meta property=\"article:published_time\" content=\"2019-01-11T00:19:27+00:00\" \/>\n<meta property=\"article:modified_time\" content=\"2019-01-11T00:29:20+00:00\" \/>\n<meta property=\"og:image\" content=\"https:\/\/www.polisrecreio.com.br\/site\/wp-content\/uploads\/2019\/01\/50263533_629813537456823_1743340011564040192_n.jpg\" \/>\n\t<meta property=\"og:image:width\" content=\"750\" \/>\n\t<meta property=\"og:image:height\" content=\"508\" \/>\n<meta name=\"twitter:card\" content=\"summary_large_image\" \/>\n<meta name=\"twitter:creator\" content=\"@PolisRecreio\" \/>\n<meta name=\"twitter:site\" content=\"@PolisRecreio\" \/>\n<meta name=\"twitter:label1\" content=\"Est. reading time\">\n\t<meta name=\"twitter:data1\" content=\"1 minuto\">\n<script type=\"application\/ld+json\" class=\"yoast-schema-graph\">{\"@context\":\"https:\/\/schema.org\",\"@graph\":[{\"@type\":\"WebSite\",\"@id\":\"https:\/\/www.polisrecreio.com.br\/site\/#website\",\"url\":\"https:\/\/www.polisrecreio.com.br\/site\/\",\"name\":\"P\\u00f3lis Recreio\",\"description\":\"\",\"potentialAction\":[{\"@type\":\"SearchAction\",\"target\":\"https:\/\/www.polisrecreio.com.br\/site\/?s={search_term_string}\",\"query-input\":\"required name=search_term_string\"}],\"inLanguage\":\"pt-BR\"},{\"@type\":\"ImageObject\",\"@id\":\"https:\/\/www.polisrecreio.com.br\/site\/2019\/01\/10\/primeira-etapa-do-calcamento-da-rua-oswaldo-alvim-entra-na-fase-de-conclusao\/#primaryimage\",\"inLanguage\":\"pt-BR\",\"url\":\"https:\/\/www.polisrecreio.com.br\/site\/wp-content\/uploads\/2019\/01\/50263533_629813537456823_1743340011564040192_n.jpg\",\"width\":750,\"height\":508,\"caption\":\"Primeira etapa do cal\\u00e7amento.\"},{\"@type\":\"WebPage\",\"@id\":\"https:\/\/www.polisrecreio.com.br\/site\/2019\/01\/10\/primeira-etapa-do-calcamento-da-rua-oswaldo-alvim-entra-na-fase-de-conclusao\/#webpage\",\"url\":\"https:\/\/www.polisrecreio.com.br\/site\/2019\/01\/10\/primeira-etapa-do-calcamento-da-rua-oswaldo-alvim-entra-na-fase-de-conclusao\/\",\"name\":\"Primeira etapa do cal\\u00e7amento da Rua Oswaldo Alvim entra na fase de conclus\\u00e3o - P\\u00f3lis Recreio\",\"isPartOf\":{\"@id\":\"https:\/\/www.polisrecreio.com.br\/site\/#website\"},\"primaryImageOfPage\":{\"@id\":\"https:\/\/www.polisrecreio.com.br\/site\/2019\/01\/10\/primeira-etapa-do-calcamento-da-rua-oswaldo-alvim-entra-na-fase-de-conclusao\/#primaryimage\"},\"datePublished\":\"2019-01-11T00:19:27+00:00\",\"dateModified\":\"2019-01-11T00:29:20+00:00\",\"author\":{\"@id\":\"https:\/\/www.polisrecreio.com.br\/site\/#\/schema\/person\/3363c1c78e1e28e1329d97adb387638e\"},\"inLanguage\":\"pt-BR\",\"potentialAction\":[{\"@type\":\"ReadAction\",\"target\":[\"https:\/\/www.polisrecreio.com.br\/site\/2019\/01\/10\/primeira-etapa-do-calcamento-da-rua-oswaldo-alvim-entra-na-fase-de-conclusao\/\"]}]},{\"@type\":\"Person\",\"@id\":\"https:\/\/www.polisrecreio.com.br\/site\/#\/schema\/person\/3363c1c78e1e28e1329d97adb387638e\",\"name\":\"Leonardo Ribeiro\",\"image\":{\"@type\":\"ImageObject\",\"@id\":\"https:\/\/www.polisrecreio.com.br\/site\/#personlogo\",\"inLanguage\":\"pt-BR\",\"url\":\"https:\/\/secure.gravatar.com\/avatar\/6ba92a37d621e1a83e23710251178a12?s=96&d=mm&r=g\",\"caption\":\"Leonardo Ribeiro\"},\"sameAs\":[\"http:\/\/www.polisrecreio.com.br\"]}]}<\/script>\n<!-- \/ Yoast SEO plugin. -->","_links":{"self":[{"href":"https:\/\/www.polisrecreio.com.br\/site\/wp-json\/wp\/v2\/posts\/12619"}],"collection":[{"href":"https:\/\/www.polisrecreio.com.br\/site\/wp-json\/wp\/v2\/posts"}],"about":[{"href":"https:\/\/www.polisrecreio.com.br\/site\/wp-json\/wp\/v2\/types\/post"}],"author":[{"embeddable":true,"href":"https:\/\/www.polisrecreio.com.br\/site\/wp-json\/wp\/v2\/users\/3"}],"replies":[{"embeddable":true,"href":"https:\/\/www.polisrecreio.com.br\/site\/wp-json\/wp\/v2\/comments?post=12619"}],"version-history":[{"count":3,"href":"https:\/\/www.polisrecreio.com.br\/site\/wp-json\/wp\/v2\/posts\/12619\/revisions"}],"predecessor-version":[{"id":12624,"href":"https:\/\/www.polisrecreio.com.br\/site\/wp-json\/wp\/v2\/posts\/12619\/revisions\/12624"}],"wp:featuredmedia":[{"embeddable":true,"href":"https:\/\/www.polisrecreio.com.br\/site\/wp-json\/wp\/v2\/media\/12621"}],"wp:attachment":[{"href":"https:\/\/www.polisrecreio.com.br\/site\/wp-json\/wp\/v2\/media?parent=12619"}],"wp:term":[{"taxonomy":"category","embeddable":true,"href":"https:\/\/www.polisrecreio.com.br\/site\/wp-json\/wp\/v2\/categories?post=12619"},{"taxonomy":"post_tag","embeddable":true,"href":"https:\/\/www.polisrecreio.com.br\/site\/wp-json\/wp\/v2\/tags?post=12619"}],"curies":[{"name":"wp","href":"https:\/\/api.w.org\/{rel}","templated":true}]}}