{"id":12629,"date":"2019-01-12T12:10:34","date_gmt":"2019-01-12T15:10:34","guid":{"rendered":"http:\/\/www.polisrecreio.com.br\/site\/?p=12629"},"modified":"2019-01-12T12:19:27","modified_gmt":"2019-01-12T15:19:27","slug":"ipva-2019-em-mg-cota-unica-ou-primeira-parcela-comecam-a-vencer-na-proxima-semana","status":"publish","type":"post","link":"https:\/\/www.polisrecreio.com.br\/site\/2019\/01\/12\/ipva-2019-em-mg-cota-unica-ou-primeira-parcela-comecam-a-vencer-na-proxima-semana\/","title":{"rendered":"IPVA\/2019 em MG: cota \u00fanica ou primeira parcela come\u00e7am a vencer na pr\u00f3xima semana"},"content":{"rendered":"<p style=\"text-align: justify;\">A primeira parcela do IPVA\/2019 para ve\u00edculos de placas de final 1 e 2 em Minas Gerais vence nesta segunda-feira (14).\u00a0<em style=\"font-weight: inherit;\">(Veja abaixo a escala de pagamentos)<\/em>.<\/p>\n<p><!--more--><\/p>\n<p><a href=\"http:\/\/www.polisrecreio.com.br\/site\/wp-content\/uploads\/2019\/01\/congestionamento-transito-1024x683.jpg\"><img loading=\"lazy\" class=\"aligncenter size-full wp-image-12511\" src=\"http:\/\/www.polisrecreio.com.br\/site\/wp-content\/uploads\/2019\/01\/congestionamento-transito-1024x683.jpg\" alt=\"\" width=\"750\" height=\"500\" srcset=\"https:\/\/www.polisrecreio.com.br\/site\/wp-content\/uploads\/2019\/01\/congestionamento-transito-1024x683.jpg 750w, https:\/\/www.polisrecreio.com.br\/site\/wp-content\/uploads\/2019\/01\/congestionamento-transito-1024x683-300x200.jpg 300w\" sizes=\"(max-width: 750px) 100vw, 750px\" \/><\/a><\/p>\n<p style=\"text-align: justify;\" data-track-category=\"Link no Texto\" data-track-links=\"\">Neste ano, o Governo Estadual dar\u00e1 desconto de 3% para quem quitar o IPVA em parcela \u00fanica e mais 3% automaticamente sobre o valor do imposto dos ve\u00edculos que tiveram todos os seus d\u00e9bitos (imposto, taxas e eventuais multas) pagos em dia nos anos de 2017 e 2018.<\/p>\n<p style=\"text-align: justify;\" data-track-category=\"Link no Texto\" data-track-links=\"\">Os contribuintes podem pagar o imposto em cota \u00fanica, com desconto de 3%, ou em tr\u00eas parcelas, nos meses de janeiro, fevereiro e mar\u00e7o. O valor m\u00ednimo para parcelamento \u00e9 de R$ 150. O pagamento j\u00e1 pode ser feito em terminais de autoatendimento autorizados com o Renavam do ve\u00edculo. Voc\u00ea pode\u00a0<a style=\"font-style: inherit;\" href=\"http:\/\/ipva1.fazenda.mg.gov.br\/ipvaonline\/inputEmissaoGuiaArrecadacaoIpvaPorRenavam.action\" target=\"_blank\" rel=\"noopener\">baixar a guia de arrecada\u00e7\u00e3o pela internet<\/a>.<\/p>\n<p style=\"text-align: justify;\" data-track-category=\"Link no Texto\" data-track-links=\"\">Al\u00e9m do IPVA, o contribuinte deve ficar atento ao vencimento da Taxa de Renova\u00e7\u00e3o do Licenciamento Anual de Ve\u00edculo (TRLAV), com valor de R$ 102,41. O prazo m\u00e1ximo para o pagamento deste tributo \u00e9 1\u00ba de abril.<\/p>\n<p style=\"text-align: justify;\" data-track-category=\"Link no Texto\" data-track-links=\"\">O Governo diz que houve redu\u00e7\u00e3o de 3,17% do IPVA em rela\u00e7\u00e3o a 2018. O estado deve arrecadar R$ 5,44 bilh\u00f5es para um total de 9,7 milh\u00f5es de ve\u00edculos emplacados at\u00e9 19 de outubro.<\/p>\n<p data-track-category=\"Link no Texto\" data-track-links=\"\"><a href=\"http:\/\/www.polisrecreio.com.br\/site\/wp-content\/uploads\/2019\/01\/IPVA-2019.jpg\"><img loading=\"lazy\" class=\"aligncenter size-full wp-image-12630\" src=\"http:\/\/www.polisrecreio.com.br\/site\/wp-content\/uploads\/2019\/01\/IPVA-2019.jpg\" alt=\"\" width=\"750\" height=\"453\" srcset=\"https:\/\/www.polisrecreio.com.br\/site\/wp-content\/uploads\/2019\/01\/IPVA-2019.jpg 750w, https:\/\/www.polisrecreio.com.br\/site\/wp-content\/uploads\/2019\/01\/IPVA-2019-300x181.jpg 300w\" sizes=\"(max-width: 750px) 100vw, 750px\" \/><\/a><\/p>\n<p style=\"text-align: justify;\"><em>Com informa\u00e7\u00f5es: G1 MG.<\/em><\/p>\n","protected":false},"excerpt":{"rendered":"<p>A primeira parcela do IPVA\/2019 para ve\u00edculos de placas de final 1 e 2 em Minas Gerais vence nesta segunda-feira (14).\u00a0(Veja abaixo a escala de pagamentos).<\/p>\n","protected":false},"author":3,"featured_media":12511,"comment_status":"open","ping_status":"open","sticky":false,"template":"","format":"standard","meta":[],"categories":[5],"tags":[],"yoast_head":"<!-- This site is optimized with the Yoast SEO plugin v15.6.2 - https:\/\/yoast.com\/wordpress\/plugins\/seo\/ -->\n<meta name=\"robots\" content=\"index, follow, max-snippet:-1, max-image-preview:large, max-video-preview:-1\" \/>\n<link rel=\"canonical\" href=\"https:\/\/www.polisrecreio.com.br\/site\/2019\/01\/12\/ipva-2019-em-mg-cota-unica-ou-primeira-parcela-comecam-a-vencer-na-proxima-semana\/\" \/>\n<meta property=\"og:locale\" content=\"pt_BR\" \/>\n<meta property=\"og:type\" content=\"article\" \/>\n<meta property=\"og:title\" content=\"IPVA\/2019 em MG: cota \u00fanica ou primeira parcela come\u00e7am a vencer na pr\u00f3xima semana - P\u00f3lis Recreio\" \/>\n<meta property=\"og:description\" content=\"A primeira parcela do IPVA\/2019 para ve\u00edculos de placas de final 1 e 2 em Minas Gerais vence nesta segunda-feira (14).\u00a0(Veja abaixo a escala de pagamentos).\" \/>\n<meta property=\"og:url\" content=\"https:\/\/www.polisrecreio.com.br\/site\/2019\/01\/12\/ipva-2019-em-mg-cota-unica-ou-primeira-parcela-comecam-a-vencer-na-proxima-semana\/\" \/>\n<meta property=\"og:site_name\" content=\"P\u00f3lis Recreio\" \/>\n<meta property=\"article:publisher\" content=\"https:\/\/www.facebook.com\/Site-P%c3%b3lis-Recreio-MG-181941708571019\/\" \/>\n<meta property=\"article:published_time\" content=\"2019-01-12T15:10:34+00:00\" \/>\n<meta property=\"article:modified_time\" content=\"2019-01-12T15:19:27+00:00\" \/>\n<meta property=\"og:image\" content=\"https:\/\/www.polisrecreio.com.br\/site\/wp-content\/uploads\/2019\/01\/congestionamento-transito-1024x683.jpg\" \/>\n\t<meta property=\"og:image:width\" content=\"750\" \/>\n\t<meta property=\"og:image:height\" content=\"500\" \/>\n<meta name=\"twitter:card\" content=\"summary_large_image\" \/>\n<meta name=\"twitter:creator\" content=\"@PolisRecreio\" \/>\n<meta name=\"twitter:site\" content=\"@PolisRecreio\" \/>\n<meta name=\"twitter:label1\" content=\"Est. reading time\">\n\t<meta name=\"twitter:data1\" content=\"1 minuto\">\n<script type=\"application\/ld+json\" class=\"yoast-schema-graph\">{\"@context\":\"https:\/\/schema.org\",\"@graph\":[{\"@type\":\"WebSite\",\"@id\":\"https:\/\/www.polisrecreio.com.br\/site\/#website\",\"url\":\"https:\/\/www.polisrecreio.com.br\/site\/\",\"name\":\"P\\u00f3lis Recreio\",\"description\":\"\",\"potentialAction\":[{\"@type\":\"SearchAction\",\"target\":\"https:\/\/www.polisrecreio.com.br\/site\/?s={search_term_string}\",\"query-input\":\"required name=search_term_string\"}],\"inLanguage\":\"pt-BR\"},{\"@type\":\"ImageObject\",\"@id\":\"https:\/\/www.polisrecreio.com.br\/site\/2019\/01\/12\/ipva-2019-em-mg-cota-unica-ou-primeira-parcela-comecam-a-vencer-na-proxima-semana\/#primaryimage\",\"inLanguage\":\"pt-BR\",\"url\":\"https:\/\/www.polisrecreio.com.br\/site\/wp-content\/uploads\/2019\/01\/congestionamento-transito-1024x683.jpg\",\"width\":750,\"height\":500},{\"@type\":\"WebPage\",\"@id\":\"https:\/\/www.polisrecreio.com.br\/site\/2019\/01\/12\/ipva-2019-em-mg-cota-unica-ou-primeira-parcela-comecam-a-vencer-na-proxima-semana\/#webpage\",\"url\":\"https:\/\/www.polisrecreio.com.br\/site\/2019\/01\/12\/ipva-2019-em-mg-cota-unica-ou-primeira-parcela-comecam-a-vencer-na-proxima-semana\/\",\"name\":\"IPVA\/2019 em MG: cota \\u00fanica ou primeira parcela come\\u00e7am a vencer na pr\\u00f3xima semana - P\\u00f3lis Recreio\",\"isPartOf\":{\"@id\":\"https:\/\/www.polisrecreio.com.br\/site\/#website\"},\"primaryImageOfPage\":{\"@id\":\"https:\/\/www.polisrecreio.com.br\/site\/2019\/01\/12\/ipva-2019-em-mg-cota-unica-ou-primeira-parcela-comecam-a-vencer-na-proxima-semana\/#primaryimage\"},\"datePublished\":\"2019-01-12T15:10:34+00:00\",\"dateModified\":\"2019-01-12T15:19:27+00:00\",\"author\":{\"@id\":\"https:\/\/www.polisrecreio.com.br\/site\/#\/schema\/person\/3363c1c78e1e28e1329d97adb387638e\"},\"inLanguage\":\"pt-BR\",\"potentialAction\":[{\"@type\":\"ReadAction\",\"target\":[\"https:\/\/www.polisrecreio.com.br\/site\/2019\/01\/12\/ipva-2019-em-mg-cota-unica-ou-primeira-parcela-comecam-a-vencer-na-proxima-semana\/\"]}]},{\"@type\":\"Person\",\"@id\":\"https:\/\/www.polisrecreio.com.br\/site\/#\/schema\/person\/3363c1c78e1e28e1329d97adb387638e\",\"name\":\"Leonardo Ribeiro\",\"image\":{\"@type\":\"ImageObject\",\"@id\":\"https:\/\/www.polisrecreio.com.br\/site\/#personlogo\",\"inLanguage\":\"pt-BR\",\"url\":\"https:\/\/secure.gravatar.com\/avatar\/6ba92a37d621e1a83e23710251178a12?s=96&d=mm&r=g\",\"caption\":\"Leonardo Ribeiro\"},\"sameAs\":[\"http:\/\/www.polisrecreio.com.br\"]}]}<\/script>\n<!-- \/ Yoast SEO plugin. -->","_links":{"self":[{"href":"https:\/\/www.polisrecreio.com.br\/site\/wp-json\/wp\/v2\/posts\/12629"}],"collection":[{"href":"https:\/\/www.polisrecreio.com.br\/site\/wp-json\/wp\/v2\/posts"}],"about":[{"href":"https:\/\/www.polisrecreio.com.br\/site\/wp-json\/wp\/v2\/types\/post"}],"author":[{"embeddable":true,"href":"https:\/\/www.polisrecreio.com.br\/site\/wp-json\/wp\/v2\/users\/3"}],"replies":[{"embeddable":true,"href":"https:\/\/www.polisrecreio.com.br\/site\/wp-json\/wp\/v2\/comments?post=12629"}],"version-history":[{"count":2,"href":"https:\/\/www.polisrecreio.com.br\/site\/wp-json\/wp\/v2\/posts\/12629\/revisions"}],"predecessor-version":[{"id":12632,"href":"https:\/\/www.polisrecreio.com.br\/site\/wp-json\/wp\/v2\/posts\/12629\/revisions\/12632"}],"wp:featuredmedia":[{"embeddable":true,"href":"https:\/\/www.polisrecreio.com.br\/site\/wp-json\/wp\/v2\/media\/12511"}],"wp:attachment":[{"href":"https:\/\/www.polisrecreio.com.br\/site\/wp-json\/wp\/v2\/media?parent=12629"}],"wp:term":[{"taxonomy":"category","embeddable":true,"href":"https:\/\/www.polisrecreio.com.br\/site\/wp-json\/wp\/v2\/categories?post=12629"},{"taxonomy":"post_tag","embeddable":true,"href":"https:\/\/www.polisrecreio.com.br\/site\/wp-json\/wp\/v2\/tags?post=12629"}],"curies":[{"name":"wp","href":"https:\/\/api.w.org\/{rel}","templated":true}]}}