{"id":12633,"date":"2019-01-14T07:56:32","date_gmt":"2019-01-14T10:56:32","guid":{"rendered":"http:\/\/www.polisrecreio.com.br\/site\/?p=12633"},"modified":"2019-01-14T07:56:32","modified_gmt":"2019-01-14T10:56:32","slug":"leo-medeiros-vai-disputar-campeonato-mineiro-como-auxiliar-tecnico","status":"publish","type":"post","link":"https:\/\/www.polisrecreio.com.br\/site\/2019\/01\/14\/leo-medeiros-vai-disputar-campeonato-mineiro-como-auxiliar-tecnico\/","title":{"rendered":"L\u00e9o Medeiros vai disputar Campeonato Mineiro como auxiliar t\u00e9cnico"},"content":{"rendered":"<p style=\"text-align: justify;\">O ex-jogador de futebol, L\u00e9o Medeiros, mais conhecido em Recreio como Manga, vai disputar o Campeonato Mineiro de 2019 como auxiliar t\u00e9cnico do Guarani de Divin\u00f3polis. Na estreia o time enfrenta o Cruzeiro, s\u00e1bado (19), as 16:30h, em Divin\u00f3polis.<\/p>\n<p><!--more--><\/p>\n<figure id=\"attachment_12634\" aria-describedby=\"caption-attachment-12634\" style=\"width: 750px\" class=\"wp-caption aligncenter\"><a href=\"http:\/\/www.polisrecreio.com.br\/site\/wp-content\/uploads\/2019\/01\/50220978_1187004434784176_7870693523161350144_n.jpg\"><img loading=\"lazy\" class=\"wp-image-12634 size-full\" src=\"http:\/\/www.polisrecreio.com.br\/site\/wp-content\/uploads\/2019\/01\/50220978_1187004434784176_7870693523161350144_n.jpg\" alt=\"\" width=\"750\" height=\"500\" srcset=\"https:\/\/www.polisrecreio.com.br\/site\/wp-content\/uploads\/2019\/01\/50220978_1187004434784176_7870693523161350144_n.jpg 750w, https:\/\/www.polisrecreio.com.br\/site\/wp-content\/uploads\/2019\/01\/50220978_1187004434784176_7870693523161350144_n-300x200.jpg 300w\" sizes=\"(max-width: 750px) 100vw, 750px\" \/><\/a><figcaption id=\"caption-attachment-12634\" class=\"wp-caption-text\">L\u00e9o Medeiros no Guarani. Foto: Facebook.<\/figcaption><\/figure>\n<p style=\"text-align: justify;\">No in\u00edcio dos anos 2000, o recreiense agora auxiliar t\u00e9cnico, passou por grandes clubes do Brasil como jogador: Cruzeiro, Ipatinga, Flamengo, Atl\u00e9tico Paranaense, Bahia e etc.<\/p>\n<p style=\"text-align: justify;\">De janeiro de 2017 at\u00e9 novembro de 2018 o ex-jogador foi secret\u00e1rio de Esportes de Recreio no governo Jos\u00e9 Maria Barros.<\/p>\n","protected":false},"excerpt":{"rendered":"<p>O ex-jogador de futebol, L\u00e9o Medeiros, mais conhecido em Recreio como Manga, vai disputar o Campeonato Mineiro de 2019 como auxiliar t\u00e9cnico do Guarani de Divin\u00f3polis. Na estreia o time enfrenta o Cruzeiro, s\u00e1bado (19), as 16:30h, em Divin\u00f3polis.<\/p>\n","protected":false},"author":3,"featured_media":12634,"comment_status":"open","ping_status":"open","sticky":false,"template":"","format":"standard","meta":[],"categories":[4],"tags":[],"yoast_head":"<!-- This site is optimized with the Yoast SEO plugin v15.6.2 - https:\/\/yoast.com\/wordpress\/plugins\/seo\/ -->\n<meta name=\"robots\" content=\"index, follow, max-snippet:-1, max-image-preview:large, max-video-preview:-1\" \/>\n<link rel=\"canonical\" href=\"http:\/\/www.polisrecreio.com.br\/site\/2019\/01\/14\/leo-medeiros-vai-disputar-campeonato-mineiro-como-auxiliar-tecnico\/\" \/>\n<meta property=\"og:locale\" content=\"pt_BR\" \/>\n<meta property=\"og:type\" content=\"article\" \/>\n<meta property=\"og:title\" content=\"L\u00e9o Medeiros vai disputar Campeonato Mineiro como auxiliar t\u00e9cnico - P\u00f3lis Recreio\" \/>\n<meta property=\"og:description\" content=\"O ex-jogador de futebol, L\u00e9o Medeiros, mais conhecido em Recreio como Manga, vai disputar o Campeonato Mineiro de 2019 como auxiliar t\u00e9cnico do Guarani de Divin\u00f3polis. Na estreia o time enfrenta o Cruzeiro, s\u00e1bado (19), as 16:30h, em Divin\u00f3polis.\" \/>\n<meta property=\"og:url\" content=\"http:\/\/www.polisrecreio.com.br\/site\/2019\/01\/14\/leo-medeiros-vai-disputar-campeonato-mineiro-como-auxiliar-tecnico\/\" \/>\n<meta property=\"og:site_name\" content=\"P\u00f3lis Recreio\" \/>\n<meta property=\"article:publisher\" content=\"https:\/\/www.facebook.com\/Site-P%c3%b3lis-Recreio-MG-181941708571019\/\" \/>\n<meta property=\"article:published_time\" content=\"2019-01-14T10:56:32+00:00\" \/>\n<meta property=\"og:image\" content=\"https:\/\/www.polisrecreio.com.br\/site\/wp-content\/uploads\/2019\/01\/50220978_1187004434784176_7870693523161350144_n.jpg\" \/>\n\t<meta property=\"og:image:width\" content=\"750\" \/>\n\t<meta property=\"og:image:height\" content=\"500\" \/>\n<meta name=\"twitter:card\" content=\"summary_large_image\" \/>\n<meta name=\"twitter:creator\" content=\"@PolisRecreio\" \/>\n<meta name=\"twitter:site\" content=\"@PolisRecreio\" \/>\n<meta name=\"twitter:label1\" content=\"Est. reading time\">\n\t<meta name=\"twitter:data1\" content=\"1 minuto\">\n<script type=\"application\/ld+json\" class=\"yoast-schema-graph\">{\"@context\":\"https:\/\/schema.org\",\"@graph\":[{\"@type\":\"WebSite\",\"@id\":\"https:\/\/www.polisrecreio.com.br\/site\/#website\",\"url\":\"https:\/\/www.polisrecreio.com.br\/site\/\",\"name\":\"P\\u00f3lis Recreio\",\"description\":\"\",\"potentialAction\":[{\"@type\":\"SearchAction\",\"target\":\"https:\/\/www.polisrecreio.com.br\/site\/?s={search_term_string}\",\"query-input\":\"required name=search_term_string\"}],\"inLanguage\":\"pt-BR\"},{\"@type\":\"ImageObject\",\"@id\":\"http:\/\/www.polisrecreio.com.br\/site\/2019\/01\/14\/leo-medeiros-vai-disputar-campeonato-mineiro-como-auxiliar-tecnico\/#primaryimage\",\"inLanguage\":\"pt-BR\",\"url\":\"https:\/\/www.polisrecreio.com.br\/site\/wp-content\/uploads\/2019\/01\/50220978_1187004434784176_7870693523161350144_n.jpg\",\"width\":750,\"height\":500},{\"@type\":\"WebPage\",\"@id\":\"http:\/\/www.polisrecreio.com.br\/site\/2019\/01\/14\/leo-medeiros-vai-disputar-campeonato-mineiro-como-auxiliar-tecnico\/#webpage\",\"url\":\"http:\/\/www.polisrecreio.com.br\/site\/2019\/01\/14\/leo-medeiros-vai-disputar-campeonato-mineiro-como-auxiliar-tecnico\/\",\"name\":\"L\\u00e9o Medeiros vai disputar Campeonato Mineiro como auxiliar t\\u00e9cnico - P\\u00f3lis Recreio\",\"isPartOf\":{\"@id\":\"https:\/\/www.polisrecreio.com.br\/site\/#website\"},\"primaryImageOfPage\":{\"@id\":\"http:\/\/www.polisrecreio.com.br\/site\/2019\/01\/14\/leo-medeiros-vai-disputar-campeonato-mineiro-como-auxiliar-tecnico\/#primaryimage\"},\"datePublished\":\"2019-01-14T10:56:32+00:00\",\"dateModified\":\"2019-01-14T10:56:32+00:00\",\"author\":{\"@id\":\"https:\/\/www.polisrecreio.com.br\/site\/#\/schema\/person\/3363c1c78e1e28e1329d97adb387638e\"},\"inLanguage\":\"pt-BR\",\"potentialAction\":[{\"@type\":\"ReadAction\",\"target\":[\"http:\/\/www.polisrecreio.com.br\/site\/2019\/01\/14\/leo-medeiros-vai-disputar-campeonato-mineiro-como-auxiliar-tecnico\/\"]}]},{\"@type\":\"Person\",\"@id\":\"https:\/\/www.polisrecreio.com.br\/site\/#\/schema\/person\/3363c1c78e1e28e1329d97adb387638e\",\"name\":\"Leonardo Ribeiro\",\"image\":{\"@type\":\"ImageObject\",\"@id\":\"https:\/\/www.polisrecreio.com.br\/site\/#personlogo\",\"inLanguage\":\"pt-BR\",\"url\":\"https:\/\/secure.gravatar.com\/avatar\/6ba92a37d621e1a83e23710251178a12?s=96&d=mm&r=g\",\"caption\":\"Leonardo Ribeiro\"},\"sameAs\":[\"http:\/\/www.polisrecreio.com.br\"]}]}<\/script>\n<!-- \/ Yoast SEO plugin. -->","_links":{"self":[{"href":"https:\/\/www.polisrecreio.com.br\/site\/wp-json\/wp\/v2\/posts\/12633"}],"collection":[{"href":"https:\/\/www.polisrecreio.com.br\/site\/wp-json\/wp\/v2\/posts"}],"about":[{"href":"https:\/\/www.polisrecreio.com.br\/site\/wp-json\/wp\/v2\/types\/post"}],"author":[{"embeddable":true,"href":"https:\/\/www.polisrecreio.com.br\/site\/wp-json\/wp\/v2\/users\/3"}],"replies":[{"embeddable":true,"href":"https:\/\/www.polisrecreio.com.br\/site\/wp-json\/wp\/v2\/comments?post=12633"}],"version-history":[{"count":1,"href":"https:\/\/www.polisrecreio.com.br\/site\/wp-json\/wp\/v2\/posts\/12633\/revisions"}],"predecessor-version":[{"id":12635,"href":"https:\/\/www.polisrecreio.com.br\/site\/wp-json\/wp\/v2\/posts\/12633\/revisions\/12635"}],"wp:featuredmedia":[{"embeddable":true,"href":"https:\/\/www.polisrecreio.com.br\/site\/wp-json\/wp\/v2\/media\/12634"}],"wp:attachment":[{"href":"https:\/\/www.polisrecreio.com.br\/site\/wp-json\/wp\/v2\/media?parent=12633"}],"wp:term":[{"taxonomy":"category","embeddable":true,"href":"https:\/\/www.polisrecreio.com.br\/site\/wp-json\/wp\/v2\/categories?post=12633"},{"taxonomy":"post_tag","embeddable":true,"href":"https:\/\/www.polisrecreio.com.br\/site\/wp-json\/wp\/v2\/tags?post=12633"}],"curies":[{"name":"wp","href":"https:\/\/api.w.org\/{rel}","templated":true}]}}