{"id":12636,"date":"2019-01-14T11:09:59","date_gmt":"2019-01-14T14:09:59","guid":{"rendered":"http:\/\/www.polisrecreio.com.br\/site\/?p=12636"},"modified":"2019-01-14T11:09:59","modified_gmt":"2019-01-14T14:09:59","slug":"escala-de-pagamento-do-13o-dos-servidores-de-mg-que-circula-nas-redes-sociais-e-fake-news","status":"publish","type":"post","link":"https:\/\/www.polisrecreio.com.br\/site\/2019\/01\/14\/escala-de-pagamento-do-13o-dos-servidores-de-mg-que-circula-nas-redes-sociais-e-fake-news\/","title":{"rendered":"Escala de pagamento do 13\u00ba dos servidores de MG que circula nas redes sociais \u00e9 \u201cfake news\u201d"},"content":{"rendered":"<p style=\"text-align: justify;\">O Governo Estadual, por meio da Secretaria da Fazenda, confirmou nesta segunda-feira (14) que uma escala de pagamento do 13\u00ba sal\u00e1rio dos servidores que circula nas redes sociais \u00e9 \u201cfake news\u201d, ou seja, not\u00edcia falsa.<\/p>\n<p><!--more--><\/p>\n<figure id=\"attachment_12594\" aria-describedby=\"caption-attachment-12594\" style=\"width: 750px\" class=\"wp-caption aligncenter\"><a href=\"http:\/\/www.polisrecreio.com.br\/site\/wp-content\/uploads\/2019\/01\/Cidade-Administrativa-Wikipedia.jpg\"><img loading=\"lazy\" class=\"size-full wp-image-12594\" src=\"http:\/\/www.polisrecreio.com.br\/site\/wp-content\/uploads\/2019\/01\/Cidade-Administrativa-Wikipedia.jpg\" alt=\"\" width=\"750\" height=\"500\" srcset=\"https:\/\/www.polisrecreio.com.br\/site\/wp-content\/uploads\/2019\/01\/Cidade-Administrativa-Wikipedia.jpg 750w, https:\/\/www.polisrecreio.com.br\/site\/wp-content\/uploads\/2019\/01\/Cidade-Administrativa-Wikipedia-300x200.jpg 300w\" sizes=\"(max-width: 750px) 100vw, 750px\" \/><\/a><figcaption id=\"caption-attachment-12594\" class=\"wp-caption-text\">Cidade Administrativa MG. Foto: Leo Drumond.<\/figcaption><\/figure>\n<p style=\"text-align: justify;\">Segundo o \u00f3rg\u00e3o, ainda n\u00e3o h\u00e1 uma previs\u00e3o de quando a escala oficial ser\u00e1 divulgada.<\/p>\n<p style=\"text-align: justify;\">Na mensagem, checada pela reportagem do Jornal O Tempo, \u00e9 informado, erroneamente, que os pagamentos ser\u00e3o realizados entre os meses de janeiro e abril de 2019.<\/p>\n<p style=\"text-align: justify;\">O\u00a013\u00ba sal\u00e1rio dos servidores deveria ter sido pago at\u00e9 o dia 20 de dezembro de 2018, ainda na gest\u00e3o do ex-governador Fernando Pimentel (PT), entretanto, alegando falta de recursos em caixa a gratifica\u00e7\u00e3o passou para a responsabilidade do atual governo, sob administra\u00e7\u00e3o de Romeu Zema (NOVO).<\/p>\n<p><em>Com informa\u00e7\u00f5es: <a href=\"https:\/\/www.otempo.com.br\/cidades\/escala-de-pagamento-do-13%C2%BA-que-circula-no-whatsapp-%C3%A9-falsa-1.2090470?fbclid=IwAR2DYmo_W4GWDcWszaqrsTKm1Jyjbgb28ihwXbT9nU2qx45azRdG5zyIviw\" target=\"_blank\" rel=\"noopener\">Jornal O Tempo.<\/a><\/em><\/p>\n","protected":false},"excerpt":{"rendered":"<p>O Governo Estadual, por meio da Secretaria da Fazenda, confirmou nesta segunda-feira (14) que uma escala de pagamento do 13\u00ba sal\u00e1rio dos servidores que circula nas redes sociais \u00e9 \u201cfake news\u201d, ou seja, not\u00edcia falsa.<\/p>\n","protected":false},"author":3,"featured_media":12594,"comment_status":"open","ping_status":"open","sticky":false,"template":"","format":"standard","meta":[],"categories":[5],"tags":[],"yoast_head":"<!-- This site is optimized with the Yoast SEO plugin v15.6.2 - https:\/\/yoast.com\/wordpress\/plugins\/seo\/ -->\n<meta name=\"robots\" content=\"index, follow, max-snippet:-1, max-image-preview:large, max-video-preview:-1\" \/>\n<link rel=\"canonical\" href=\"http:\/\/www.polisrecreio.com.br\/site\/2019\/01\/14\/escala-de-pagamento-do-13o-dos-servidores-de-mg-que-circula-nas-redes-sociais-e-fake-news\/\" \/>\n<meta property=\"og:locale\" content=\"pt_BR\" \/>\n<meta property=\"og:type\" content=\"article\" \/>\n<meta property=\"og:title\" content=\"Escala de pagamento do 13\u00ba dos servidores de MG que circula nas redes sociais \u00e9 \u201cfake news\u201d - P\u00f3lis Recreio\" \/>\n<meta property=\"og:description\" content=\"O Governo Estadual, por meio da Secretaria da Fazenda, confirmou nesta segunda-feira (14) que uma escala de pagamento do 13\u00ba sal\u00e1rio dos servidores que circula nas redes sociais \u00e9 \u201cfake news\u201d, ou seja, not\u00edcia falsa.\" \/>\n<meta property=\"og:url\" content=\"http:\/\/www.polisrecreio.com.br\/site\/2019\/01\/14\/escala-de-pagamento-do-13o-dos-servidores-de-mg-que-circula-nas-redes-sociais-e-fake-news\/\" \/>\n<meta property=\"og:site_name\" content=\"P\u00f3lis Recreio\" \/>\n<meta property=\"article:publisher\" content=\"https:\/\/www.facebook.com\/Site-P%c3%b3lis-Recreio-MG-181941708571019\/\" \/>\n<meta property=\"article:published_time\" content=\"2019-01-14T14:09:59+00:00\" \/>\n<meta property=\"og:image\" content=\"https:\/\/www.polisrecreio.com.br\/site\/wp-content\/uploads\/2019\/01\/Cidade-Administrativa-Wikipedia.jpg\" \/>\n\t<meta property=\"og:image:width\" content=\"750\" \/>\n\t<meta property=\"og:image:height\" content=\"500\" \/>\n<meta name=\"twitter:card\" content=\"summary_large_image\" \/>\n<meta name=\"twitter:creator\" content=\"@PolisRecreio\" \/>\n<meta name=\"twitter:site\" content=\"@PolisRecreio\" \/>\n<meta name=\"twitter:label1\" content=\"Est. reading time\">\n\t<meta name=\"twitter:data1\" content=\"1 minuto\">\n<script type=\"application\/ld+json\" class=\"yoast-schema-graph\">{\"@context\":\"https:\/\/schema.org\",\"@graph\":[{\"@type\":\"WebSite\",\"@id\":\"https:\/\/www.polisrecreio.com.br\/site\/#website\",\"url\":\"https:\/\/www.polisrecreio.com.br\/site\/\",\"name\":\"P\\u00f3lis Recreio\",\"description\":\"\",\"potentialAction\":[{\"@type\":\"SearchAction\",\"target\":\"https:\/\/www.polisrecreio.com.br\/site\/?s={search_term_string}\",\"query-input\":\"required name=search_term_string\"}],\"inLanguage\":\"pt-BR\"},{\"@type\":\"ImageObject\",\"@id\":\"http:\/\/www.polisrecreio.com.br\/site\/2019\/01\/14\/escala-de-pagamento-do-13o-dos-servidores-de-mg-que-circula-nas-redes-sociais-e-fake-news\/#primaryimage\",\"inLanguage\":\"pt-BR\",\"url\":\"https:\/\/www.polisrecreio.com.br\/site\/wp-content\/uploads\/2019\/01\/Cidade-Administrativa-Wikipedia.jpg\",\"width\":750,\"height\":500,\"caption\":\"Cidade Administrativa MG. Foto: Leo Drumond.\"},{\"@type\":\"WebPage\",\"@id\":\"http:\/\/www.polisrecreio.com.br\/site\/2019\/01\/14\/escala-de-pagamento-do-13o-dos-servidores-de-mg-que-circula-nas-redes-sociais-e-fake-news\/#webpage\",\"url\":\"http:\/\/www.polisrecreio.com.br\/site\/2019\/01\/14\/escala-de-pagamento-do-13o-dos-servidores-de-mg-que-circula-nas-redes-sociais-e-fake-news\/\",\"name\":\"Escala de pagamento do 13\\u00ba dos servidores de MG que circula nas redes sociais \\u00e9 \\u201cfake news\\u201d - P\\u00f3lis Recreio\",\"isPartOf\":{\"@id\":\"https:\/\/www.polisrecreio.com.br\/site\/#website\"},\"primaryImageOfPage\":{\"@id\":\"http:\/\/www.polisrecreio.com.br\/site\/2019\/01\/14\/escala-de-pagamento-do-13o-dos-servidores-de-mg-que-circula-nas-redes-sociais-e-fake-news\/#primaryimage\"},\"datePublished\":\"2019-01-14T14:09:59+00:00\",\"dateModified\":\"2019-01-14T14:09:59+00:00\",\"author\":{\"@id\":\"https:\/\/www.polisrecreio.com.br\/site\/#\/schema\/person\/3363c1c78e1e28e1329d97adb387638e\"},\"inLanguage\":\"pt-BR\",\"potentialAction\":[{\"@type\":\"ReadAction\",\"target\":[\"http:\/\/www.polisrecreio.com.br\/site\/2019\/01\/14\/escala-de-pagamento-do-13o-dos-servidores-de-mg-que-circula-nas-redes-sociais-e-fake-news\/\"]}]},{\"@type\":\"Person\",\"@id\":\"https:\/\/www.polisrecreio.com.br\/site\/#\/schema\/person\/3363c1c78e1e28e1329d97adb387638e\",\"name\":\"Leonardo Ribeiro\",\"image\":{\"@type\":\"ImageObject\",\"@id\":\"https:\/\/www.polisrecreio.com.br\/site\/#personlogo\",\"inLanguage\":\"pt-BR\",\"url\":\"https:\/\/secure.gravatar.com\/avatar\/6ba92a37d621e1a83e23710251178a12?s=96&d=mm&r=g\",\"caption\":\"Leonardo Ribeiro\"},\"sameAs\":[\"http:\/\/www.polisrecreio.com.br\"]}]}<\/script>\n<!-- \/ Yoast SEO plugin. -->","_links":{"self":[{"href":"https:\/\/www.polisrecreio.com.br\/site\/wp-json\/wp\/v2\/posts\/12636"}],"collection":[{"href":"https:\/\/www.polisrecreio.com.br\/site\/wp-json\/wp\/v2\/posts"}],"about":[{"href":"https:\/\/www.polisrecreio.com.br\/site\/wp-json\/wp\/v2\/types\/post"}],"author":[{"embeddable":true,"href":"https:\/\/www.polisrecreio.com.br\/site\/wp-json\/wp\/v2\/users\/3"}],"replies":[{"embeddable":true,"href":"https:\/\/www.polisrecreio.com.br\/site\/wp-json\/wp\/v2\/comments?post=12636"}],"version-history":[{"count":1,"href":"https:\/\/www.polisrecreio.com.br\/site\/wp-json\/wp\/v2\/posts\/12636\/revisions"}],"predecessor-version":[{"id":12637,"href":"https:\/\/www.polisrecreio.com.br\/site\/wp-json\/wp\/v2\/posts\/12636\/revisions\/12637"}],"wp:featuredmedia":[{"embeddable":true,"href":"https:\/\/www.polisrecreio.com.br\/site\/wp-json\/wp\/v2\/media\/12594"}],"wp:attachment":[{"href":"https:\/\/www.polisrecreio.com.br\/site\/wp-json\/wp\/v2\/media?parent=12636"}],"wp:term":[{"taxonomy":"category","embeddable":true,"href":"https:\/\/www.polisrecreio.com.br\/site\/wp-json\/wp\/v2\/categories?post=12636"},{"taxonomy":"post_tag","embeddable":true,"href":"https:\/\/www.polisrecreio.com.br\/site\/wp-json\/wp\/v2\/tags?post=12636"}],"curies":[{"name":"wp","href":"https:\/\/api.w.org\/{rel}","templated":true}]}}