{"id":12646,"date":"2019-01-14T15:48:40","date_gmt":"2019-01-14T18:48:40","guid":{"rendered":"http:\/\/www.polisrecreio.com.br\/site\/?p=12646"},"modified":"2019-01-14T15:48:40","modified_gmt":"2019-01-14T18:48:40","slug":"nova-ambulancia-mais-uma-aquisicao-para-recreio-em-2019","status":"publish","type":"post","link":"https:\/\/www.polisrecreio.com.br\/site\/2019\/01\/14\/nova-ambulancia-mais-uma-aquisicao-para-recreio-em-2019\/","title":{"rendered":"Nova ambul\u00e2ncia: mais uma aquisi\u00e7\u00e3o para Recreio em 2019"},"content":{"rendered":"<p style=\"text-align: justify;\">Em apenas duas semanas do ano de 2019 a cidade de Recreio adquiriu por meio de recursos do Governo Federal dois ve\u00edculos automotores para a reestrutura\u00e7\u00e3o da frota municipal. Na primeira semana de janeiro chegou uma m\u00e1quina retroescavadeira. Nesta segunda-feira (14) foi a vez de uma nova ambul\u00e2ncia.<\/p>\n<p><!--more--><\/p>\n<p><a href=\"http:\/\/www.polisrecreio.com.br\/site\/wp-content\/uploads\/2019\/01\/49435348_631860413918802_4296302889095135232_n.jpg\"><img loading=\"lazy\" class=\"aligncenter size-full wp-image-12643\" src=\"http:\/\/www.polisrecreio.com.br\/site\/wp-content\/uploads\/2019\/01\/49435348_631860413918802_4296302889095135232_n.jpg\" alt=\"\" width=\"750\" height=\"500\" srcset=\"https:\/\/www.polisrecreio.com.br\/site\/wp-content\/uploads\/2019\/01\/49435348_631860413918802_4296302889095135232_n.jpg 750w, https:\/\/www.polisrecreio.com.br\/site\/wp-content\/uploads\/2019\/01\/49435348_631860413918802_4296302889095135232_n-300x200.jpg 300w\" sizes=\"(max-width: 750px) 100vw, 750px\" \/><\/a><\/p>\n<p style=\"text-align: justify;\">O ve\u00edculo para transporte de urg\u00eancia e emerg\u00eancia custou R$ 86 mil, sendo R$ 80 mil de emenda parlamentar do deputado Federal, Bonif\u00e1cio Andrada, e mais R$ 6 mil de contrapartida da Prefeitura Municipal. J\u00e1, a retroescavadeira veio por meio de indica\u00e7\u00e3o do deputado Federal, Misael Varella, junto ao Minist\u00e9rio da Agricultura. A m\u00e1quina custou mais de R$ 260 mil.<\/p>\n<p style=\"text-align: justify;\">A ambul\u00e2ncia integrar\u00e1 a frota de ve\u00edculos do Setor de Transportes do Munic\u00edpio e ser\u00e1 utilizada para transfer\u00eancias de pacientes. Antes ela passar\u00e1 pelos procedimentos de emplacamento e licenciamento. J\u00e1 a retroescavadeira, segundo informa\u00e7\u00f5es, j\u00e1 est\u00e1 em atividade.<\/p>\n","protected":false},"excerpt":{"rendered":"<p>Em apenas duas semanas do ano de 2019 a cidade de Recreio adquiriu por meio de recursos do Governo Federal dois ve\u00edculos automotores para a reestrutura\u00e7\u00e3o da frota municipal. Na primeira semana de janeiro chegou uma m\u00e1quina retroescavadeira. Nesta segunda-feira (14) foi a vez de uma nova ambul\u00e2ncia.<\/p>\n","protected":false},"author":3,"featured_media":12643,"comment_status":"open","ping_status":"open","sticky":false,"template":"","format":"standard","meta":[],"categories":[6],"tags":[],"yoast_head":"<!-- This site is optimized with the Yoast SEO plugin v15.6.2 - https:\/\/yoast.com\/wordpress\/plugins\/seo\/ -->\n<meta name=\"robots\" content=\"index, follow, max-snippet:-1, max-image-preview:large, max-video-preview:-1\" \/>\n<link rel=\"canonical\" href=\"http:\/\/www.polisrecreio.com.br\/site\/2019\/01\/14\/nova-ambulancia-mais-uma-aquisicao-para-recreio-em-2019\/\" \/>\n<meta property=\"og:locale\" content=\"pt_BR\" \/>\n<meta property=\"og:type\" content=\"article\" \/>\n<meta property=\"og:title\" content=\"Nova ambul\u00e2ncia: mais uma aquisi\u00e7\u00e3o para Recreio em 2019 - P\u00f3lis Recreio\" \/>\n<meta property=\"og:description\" content=\"Em apenas duas semanas do ano de 2019 a cidade de Recreio adquiriu por meio de recursos do Governo Federal dois ve\u00edculos automotores para a reestrutura\u00e7\u00e3o da frota municipal. Na primeira semana de janeiro chegou uma m\u00e1quina retroescavadeira. Nesta segunda-feira (14) foi a vez de uma nova ambul\u00e2ncia.\" \/>\n<meta property=\"og:url\" content=\"http:\/\/www.polisrecreio.com.br\/site\/2019\/01\/14\/nova-ambulancia-mais-uma-aquisicao-para-recreio-em-2019\/\" \/>\n<meta property=\"og:site_name\" content=\"P\u00f3lis Recreio\" \/>\n<meta property=\"article:publisher\" content=\"https:\/\/www.facebook.com\/Site-P%c3%b3lis-Recreio-MG-181941708571019\/\" \/>\n<meta property=\"article:published_time\" content=\"2019-01-14T18:48:40+00:00\" \/>\n<meta property=\"og:image\" content=\"https:\/\/www.polisrecreio.com.br\/site\/wp-content\/uploads\/2019\/01\/49435348_631860413918802_4296302889095135232_n.jpg\" \/>\n\t<meta property=\"og:image:width\" content=\"750\" \/>\n\t<meta property=\"og:image:height\" content=\"500\" \/>\n<meta name=\"twitter:card\" content=\"summary_large_image\" \/>\n<meta name=\"twitter:creator\" content=\"@PolisRecreio\" \/>\n<meta name=\"twitter:site\" content=\"@PolisRecreio\" \/>\n<meta name=\"twitter:label1\" content=\"Est. reading time\">\n\t<meta name=\"twitter:data1\" content=\"1 minuto\">\n<script type=\"application\/ld+json\" class=\"yoast-schema-graph\">{\"@context\":\"https:\/\/schema.org\",\"@graph\":[{\"@type\":\"WebSite\",\"@id\":\"https:\/\/www.polisrecreio.com.br\/site\/#website\",\"url\":\"https:\/\/www.polisrecreio.com.br\/site\/\",\"name\":\"P\\u00f3lis Recreio\",\"description\":\"\",\"potentialAction\":[{\"@type\":\"SearchAction\",\"target\":\"https:\/\/www.polisrecreio.com.br\/site\/?s={search_term_string}\",\"query-input\":\"required name=search_term_string\"}],\"inLanguage\":\"pt-BR\"},{\"@type\":\"ImageObject\",\"@id\":\"http:\/\/www.polisrecreio.com.br\/site\/2019\/01\/14\/nova-ambulancia-mais-uma-aquisicao-para-recreio-em-2019\/#primaryimage\",\"inLanguage\":\"pt-BR\",\"url\":\"https:\/\/www.polisrecreio.com.br\/site\/wp-content\/uploads\/2019\/01\/49435348_631860413918802_4296302889095135232_n.jpg\",\"width\":750,\"height\":500},{\"@type\":\"WebPage\",\"@id\":\"http:\/\/www.polisrecreio.com.br\/site\/2019\/01\/14\/nova-ambulancia-mais-uma-aquisicao-para-recreio-em-2019\/#webpage\",\"url\":\"http:\/\/www.polisrecreio.com.br\/site\/2019\/01\/14\/nova-ambulancia-mais-uma-aquisicao-para-recreio-em-2019\/\",\"name\":\"Nova ambul\\u00e2ncia: mais uma aquisi\\u00e7\\u00e3o para Recreio em 2019 - P\\u00f3lis Recreio\",\"isPartOf\":{\"@id\":\"https:\/\/www.polisrecreio.com.br\/site\/#website\"},\"primaryImageOfPage\":{\"@id\":\"http:\/\/www.polisrecreio.com.br\/site\/2019\/01\/14\/nova-ambulancia-mais-uma-aquisicao-para-recreio-em-2019\/#primaryimage\"},\"datePublished\":\"2019-01-14T18:48:40+00:00\",\"dateModified\":\"2019-01-14T18:48:40+00:00\",\"author\":{\"@id\":\"https:\/\/www.polisrecreio.com.br\/site\/#\/schema\/person\/3363c1c78e1e28e1329d97adb387638e\"},\"inLanguage\":\"pt-BR\",\"potentialAction\":[{\"@type\":\"ReadAction\",\"target\":[\"http:\/\/www.polisrecreio.com.br\/site\/2019\/01\/14\/nova-ambulancia-mais-uma-aquisicao-para-recreio-em-2019\/\"]}]},{\"@type\":\"Person\",\"@id\":\"https:\/\/www.polisrecreio.com.br\/site\/#\/schema\/person\/3363c1c78e1e28e1329d97adb387638e\",\"name\":\"Leonardo Ribeiro\",\"image\":{\"@type\":\"ImageObject\",\"@id\":\"https:\/\/www.polisrecreio.com.br\/site\/#personlogo\",\"inLanguage\":\"pt-BR\",\"url\":\"https:\/\/secure.gravatar.com\/avatar\/6ba92a37d621e1a83e23710251178a12?s=96&d=mm&r=g\",\"caption\":\"Leonardo Ribeiro\"},\"sameAs\":[\"http:\/\/www.polisrecreio.com.br\"]}]}<\/script>\n<!-- \/ Yoast SEO plugin. -->","_links":{"self":[{"href":"https:\/\/www.polisrecreio.com.br\/site\/wp-json\/wp\/v2\/posts\/12646"}],"collection":[{"href":"https:\/\/www.polisrecreio.com.br\/site\/wp-json\/wp\/v2\/posts"}],"about":[{"href":"https:\/\/www.polisrecreio.com.br\/site\/wp-json\/wp\/v2\/types\/post"}],"author":[{"embeddable":true,"href":"https:\/\/www.polisrecreio.com.br\/site\/wp-json\/wp\/v2\/users\/3"}],"replies":[{"embeddable":true,"href":"https:\/\/www.polisrecreio.com.br\/site\/wp-json\/wp\/v2\/comments?post=12646"}],"version-history":[{"count":1,"href":"https:\/\/www.polisrecreio.com.br\/site\/wp-json\/wp\/v2\/posts\/12646\/revisions"}],"predecessor-version":[{"id":12647,"href":"https:\/\/www.polisrecreio.com.br\/site\/wp-json\/wp\/v2\/posts\/12646\/revisions\/12647"}],"wp:featuredmedia":[{"embeddable":true,"href":"https:\/\/www.polisrecreio.com.br\/site\/wp-json\/wp\/v2\/media\/12643"}],"wp:attachment":[{"href":"https:\/\/www.polisrecreio.com.br\/site\/wp-json\/wp\/v2\/media?parent=12646"}],"wp:term":[{"taxonomy":"category","embeddable":true,"href":"https:\/\/www.polisrecreio.com.br\/site\/wp-json\/wp\/v2\/categories?post=12646"},{"taxonomy":"post_tag","embeddable":true,"href":"https:\/\/www.polisrecreio.com.br\/site\/wp-json\/wp\/v2\/tags?post=12646"}],"curies":[{"name":"wp","href":"https:\/\/api.w.org\/{rel}","templated":true}]}}