{"id":12667,"date":"2019-01-17T08:35:33","date_gmt":"2019-01-17T11:35:33","guid":{"rendered":"http:\/\/www.polisrecreio.com.br\/site\/?p=12667"},"modified":"2019-01-17T08:38:14","modified_gmt":"2019-01-17T11:38:14","slug":"sorteados-do-iptu-premiado-de-recreio-recebem-premios","status":"publish","type":"post","link":"https:\/\/www.polisrecreio.com.br\/site\/2019\/01\/17\/sorteados-do-iptu-premiado-de-recreio-recebem-premios\/","title":{"rendered":"Sorteados do IPTU Premiado de Recreio recebem pr\u00eamios"},"content":{"rendered":"<p style=\"text-align: justify;\">Os sorteados do IPTU Premiado 2018 de Recreio receberam os pr\u00eamios na quarta-feira (16). Ao todo foram sete contemplados. A campanha busca incentivar o pagamento da contribui\u00e7\u00e3o dentro dos prazos.<\/p>\n<p><!--more--><\/p>\n<p><a href=\"http:\/\/www.polisrecreio.com.br\/site\/wp-content\/uploads\/2019\/01\/DSC_0032.jpg\"><img loading=\"lazy\" class=\"aligncenter size-full wp-image-12668\" src=\"http:\/\/www.polisrecreio.com.br\/site\/wp-content\/uploads\/2019\/01\/DSC_0032.jpg\" alt=\"\" width=\"750\" height=\"500\" srcset=\"https:\/\/www.polisrecreio.com.br\/site\/wp-content\/uploads\/2019\/01\/DSC_0032.jpg 750w, https:\/\/www.polisrecreio.com.br\/site\/wp-content\/uploads\/2019\/01\/DSC_0032-300x200.jpg 300w\" sizes=\"(max-width: 750px) 100vw, 750px\" \/><\/a><\/p>\n<p style=\"text-align: justify;\">Confira os premiados:<\/p>\n<ul>\n<li style=\"text-align: justify;\">Fog\u00e3o 4 bocas: Carlos Ramos Vieira;<\/li>\n<li style=\"text-align: justify;\">Microondas 20 l: Rafael Dias de Andrade;<\/li>\n<li style=\"text-align: justify;\">Tanquinho Lava Roupa 4 Kg: Maur\u00edcio Filemon Dutra;<\/li>\n<li style=\"text-align: justify;\">Ventilador de Mesa 30 cm: Rosane Barroso da Silva;<\/li>\n<li style=\"text-align: justify;\">Panela El\u00e9trica 10 l: Maria Jos\u00e9 Gon\u00e7alves Ferreira;<\/li>\n<li style=\"text-align: justify;\">Panela de press\u00e3o 7 l: Delizete Felix;<\/li>\n<li style=\"text-align: justify;\">Liquidificador 2 velocidades: Rosany Dias Ferreira.<\/li>\n<\/ul>\n<p style=\"text-align: justify;\">A entrega dos pr\u00eamios aconteceu na Prefeitura Municipal com a presen\u00e7a do prefeito Jos\u00e9 Maria Barros; do procurador Jur\u00eddico, Dr. Luiz Nogueira Gessualdi; da secret\u00e1ria de Administra\u00e7\u00e3o, Daniela Cardozo; das funcion\u00e1rias do Setor de Receitas e Tributos, Val\u00e9ria e Carla; dos representantes do legislativo, vereador Pororoca (presidente da C\u00e2mara), e vereador Paulinho Pintor.<\/p>\n<p style=\"text-align: justify;\">O sorteio da edi\u00e7\u00e3o de 2018 aconteceu em 17 de dezembro pela R\u00e1dio Mundial FM 104,9. A campanha acontecer\u00e1 anualmente conforme a <a href=\"http:\/\/recreio.mg.gov.br\/images\/Leis\/2018\/lei1656.pdf\" target=\"_blank\" rel=\"noopener\">Lei Municipal n\u00ba 1.656\/2018<\/a>.<\/p>\n","protected":false},"excerpt":{"rendered":"<p>Os sorteados do IPTU Premiado 2018 de Recreio receberam os pr\u00eamios na quarta-feira (16). Ao todo foram sete contemplados. A campanha busca incentivar o pagamento da contribui\u00e7\u00e3o dentro dos prazos.<\/p>\n","protected":false},"author":3,"featured_media":12668,"comment_status":"open","ping_status":"open","sticky":false,"template":"","format":"standard","meta":[],"categories":[6],"tags":[],"yoast_head":"<!-- This site is optimized with the Yoast SEO plugin v15.6.2 - https:\/\/yoast.com\/wordpress\/plugins\/seo\/ -->\n<meta name=\"robots\" content=\"index, follow, max-snippet:-1, max-image-preview:large, max-video-preview:-1\" \/>\n<link rel=\"canonical\" href=\"http:\/\/www.polisrecreio.com.br\/site\/2019\/01\/17\/sorteados-do-iptu-premiado-de-recreio-recebem-premios\/\" \/>\n<meta property=\"og:locale\" content=\"pt_BR\" \/>\n<meta property=\"og:type\" content=\"article\" \/>\n<meta property=\"og:title\" content=\"Sorteados do IPTU Premiado de Recreio recebem pr\u00eamios - P\u00f3lis Recreio\" \/>\n<meta property=\"og:description\" content=\"Os sorteados do IPTU Premiado 2018 de Recreio receberam os pr\u00eamios na quarta-feira (16). Ao todo foram sete contemplados. A campanha busca incentivar o pagamento da contribui\u00e7\u00e3o dentro dos prazos.\" \/>\n<meta property=\"og:url\" content=\"http:\/\/www.polisrecreio.com.br\/site\/2019\/01\/17\/sorteados-do-iptu-premiado-de-recreio-recebem-premios\/\" \/>\n<meta property=\"og:site_name\" content=\"P\u00f3lis Recreio\" \/>\n<meta property=\"article:publisher\" content=\"https:\/\/www.facebook.com\/Site-P%c3%b3lis-Recreio-MG-181941708571019\/\" \/>\n<meta property=\"article:published_time\" content=\"2019-01-17T11:35:33+00:00\" \/>\n<meta property=\"article:modified_time\" content=\"2019-01-17T11:38:14+00:00\" \/>\n<meta property=\"og:image\" content=\"https:\/\/www.polisrecreio.com.br\/site\/wp-content\/uploads\/2019\/01\/DSC_0032.jpg\" \/>\n\t<meta property=\"og:image:width\" content=\"750\" \/>\n\t<meta property=\"og:image:height\" content=\"500\" \/>\n<meta name=\"twitter:card\" content=\"summary_large_image\" \/>\n<meta name=\"twitter:creator\" content=\"@PolisRecreio\" \/>\n<meta name=\"twitter:site\" content=\"@PolisRecreio\" \/>\n<meta name=\"twitter:label1\" content=\"Est. reading time\">\n\t<meta name=\"twitter:data1\" content=\"1 minuto\">\n<script type=\"application\/ld+json\" class=\"yoast-schema-graph\">{\"@context\":\"https:\/\/schema.org\",\"@graph\":[{\"@type\":\"WebSite\",\"@id\":\"https:\/\/www.polisrecreio.com.br\/site\/#website\",\"url\":\"https:\/\/www.polisrecreio.com.br\/site\/\",\"name\":\"P\\u00f3lis Recreio\",\"description\":\"\",\"potentialAction\":[{\"@type\":\"SearchAction\",\"target\":\"https:\/\/www.polisrecreio.com.br\/site\/?s={search_term_string}\",\"query-input\":\"required name=search_term_string\"}],\"inLanguage\":\"pt-BR\"},{\"@type\":\"ImageObject\",\"@id\":\"http:\/\/www.polisrecreio.com.br\/site\/2019\/01\/17\/sorteados-do-iptu-premiado-de-recreio-recebem-premios\/#primaryimage\",\"inLanguage\":\"pt-BR\",\"url\":\"https:\/\/www.polisrecreio.com.br\/site\/wp-content\/uploads\/2019\/01\/DSC_0032.jpg\",\"width\":750,\"height\":500},{\"@type\":\"WebPage\",\"@id\":\"http:\/\/www.polisrecreio.com.br\/site\/2019\/01\/17\/sorteados-do-iptu-premiado-de-recreio-recebem-premios\/#webpage\",\"url\":\"http:\/\/www.polisrecreio.com.br\/site\/2019\/01\/17\/sorteados-do-iptu-premiado-de-recreio-recebem-premios\/\",\"name\":\"Sorteados do IPTU Premiado de Recreio recebem pr\\u00eamios - P\\u00f3lis Recreio\",\"isPartOf\":{\"@id\":\"https:\/\/www.polisrecreio.com.br\/site\/#website\"},\"primaryImageOfPage\":{\"@id\":\"http:\/\/www.polisrecreio.com.br\/site\/2019\/01\/17\/sorteados-do-iptu-premiado-de-recreio-recebem-premios\/#primaryimage\"},\"datePublished\":\"2019-01-17T11:35:33+00:00\",\"dateModified\":\"2019-01-17T11:38:14+00:00\",\"author\":{\"@id\":\"https:\/\/www.polisrecreio.com.br\/site\/#\/schema\/person\/3363c1c78e1e28e1329d97adb387638e\"},\"inLanguage\":\"pt-BR\",\"potentialAction\":[{\"@type\":\"ReadAction\",\"target\":[\"http:\/\/www.polisrecreio.com.br\/site\/2019\/01\/17\/sorteados-do-iptu-premiado-de-recreio-recebem-premios\/\"]}]},{\"@type\":\"Person\",\"@id\":\"https:\/\/www.polisrecreio.com.br\/site\/#\/schema\/person\/3363c1c78e1e28e1329d97adb387638e\",\"name\":\"Leonardo Ribeiro\",\"image\":{\"@type\":\"ImageObject\",\"@id\":\"https:\/\/www.polisrecreio.com.br\/site\/#personlogo\",\"inLanguage\":\"pt-BR\",\"url\":\"https:\/\/secure.gravatar.com\/avatar\/6ba92a37d621e1a83e23710251178a12?s=96&d=mm&r=g\",\"caption\":\"Leonardo Ribeiro\"},\"sameAs\":[\"http:\/\/www.polisrecreio.com.br\"]}]}<\/script>\n<!-- \/ Yoast SEO plugin. -->","_links":{"self":[{"href":"https:\/\/www.polisrecreio.com.br\/site\/wp-json\/wp\/v2\/posts\/12667"}],"collection":[{"href":"https:\/\/www.polisrecreio.com.br\/site\/wp-json\/wp\/v2\/posts"}],"about":[{"href":"https:\/\/www.polisrecreio.com.br\/site\/wp-json\/wp\/v2\/types\/post"}],"author":[{"embeddable":true,"href":"https:\/\/www.polisrecreio.com.br\/site\/wp-json\/wp\/v2\/users\/3"}],"replies":[{"embeddable":true,"href":"https:\/\/www.polisrecreio.com.br\/site\/wp-json\/wp\/v2\/comments?post=12667"}],"version-history":[{"count":3,"href":"https:\/\/www.polisrecreio.com.br\/site\/wp-json\/wp\/v2\/posts\/12667\/revisions"}],"predecessor-version":[{"id":12671,"href":"https:\/\/www.polisrecreio.com.br\/site\/wp-json\/wp\/v2\/posts\/12667\/revisions\/12671"}],"wp:featuredmedia":[{"embeddable":true,"href":"https:\/\/www.polisrecreio.com.br\/site\/wp-json\/wp\/v2\/media\/12668"}],"wp:attachment":[{"href":"https:\/\/www.polisrecreio.com.br\/site\/wp-json\/wp\/v2\/media?parent=12667"}],"wp:term":[{"taxonomy":"category","embeddable":true,"href":"https:\/\/www.polisrecreio.com.br\/site\/wp-json\/wp\/v2\/categories?post=12667"},{"taxonomy":"post_tag","embeddable":true,"href":"https:\/\/www.polisrecreio.com.br\/site\/wp-json\/wp\/v2\/tags?post=12667"}],"curies":[{"name":"wp","href":"https:\/\/api.w.org\/{rel}","templated":true}]}}