{"id":12685,"date":"2019-01-18T09:14:13","date_gmt":"2019-01-18T12:14:13","guid":{"rendered":"http:\/\/www.polisrecreio.com.br\/site\/?p=12685"},"modified":"2019-01-18T09:14:13","modified_gmt":"2019-01-18T12:14:13","slug":"escolas-deverao-notificar-conselho-tutelar-se-alunos-faltarem-mais-de-30-das-aulas","status":"publish","type":"post","link":"https:\/\/www.polisrecreio.com.br\/site\/2019\/01\/18\/escolas-deverao-notificar-conselho-tutelar-se-alunos-faltarem-mais-de-30-das-aulas\/","title":{"rendered":"Escolas dever\u00e3o notificar Conselho Tutelar se alunos faltarem mais de 30% das aulas"},"content":{"rendered":"<p style=\"text-align: justify;\">Uma altera\u00e7\u00e3o na Lei de Diretrizes e Bases da educa\u00e7\u00e3o \u201cLDB\u201d dever\u00e1 melhorar o monitoramento de estudantes de todo o Brasil e tentar minimizar os \u00edndices de evas\u00e3o escolar e distor\u00e7\u00e3o de idade-s\u00e9rie (quando o aluno apresenta defasagem no n\u00edvel de ensino que deveria estar em rela\u00e7\u00e3o \u00e0 idade).<\/p>\n<p><!--more--><\/p>\n<p><a href=\"http:\/\/www.polisrecreio.com.br\/site\/wp-content\/uploads\/2019\/01\/Sala-de-aula-design-Blog-Unimed-vtrp-2.png\"><img loading=\"lazy\" class=\"aligncenter size-full wp-image-12686\" src=\"http:\/\/www.polisrecreio.com.br\/site\/wp-content\/uploads\/2019\/01\/Sala-de-aula-design-Blog-Unimed-vtrp-2.png\" alt=\"\" width=\"750\" height=\"453\" srcset=\"https:\/\/www.polisrecreio.com.br\/site\/wp-content\/uploads\/2019\/01\/Sala-de-aula-design-Blog-Unimed-vtrp-2.png 750w, https:\/\/www.polisrecreio.com.br\/site\/wp-content\/uploads\/2019\/01\/Sala-de-aula-design-Blog-Unimed-vtrp-2-300x181.png 300w\" sizes=\"(max-width: 750px) 100vw, 750px\" \/><\/a><\/p>\n<p style=\"text-align: justify;\">Agora, os Conselhos Tutelares municipais dever\u00e3o ser avisados sempre que um aluno faltar a mais de 30% das aulas. Antes, a medida era obrigat\u00f3ria para quando estudantes atingissem mais de 50% de faltas.<\/p>\n<p style=\"text-align: justify;\">A nova regra foi publicada no Di\u00e1rio Oficial da Uni\u00e3o no dia 11 de janeiro de 2018 e entra em vigor a partir desta data.<\/p>\n<p style=\"text-align: justify;\">Faltar \u00e0s aulas pode fazer com que o estudante n\u00e3o consiga acompanhar o curr\u00edculo de ensino. De acordo com a Unicef,\u00a0sete milh\u00f5es de estudantes no Brasil\u00a0t\u00eam dois ou mais anos de atraso escolar.<\/p>\n<p style=\"text-align: justify;\">Um levantamento do Governo Federal sobre evas\u00e3o escolar indica que\u00a012,7% e 12,1% dos alunos matriculados na 1\u00aa e 2\u00aa s\u00e9rie do ensino m\u00e9dio, respectivamente, abandonaram os estudos entre os anos de 2014 e 2015.<\/p>\n<p style=\"text-align: justify;\">Ainda de acordo com a an\u00e1lise, o 9\u00ba ano do ensino fundamental tem a terceira maior taxa de evas\u00e3o, 7,7%; seguido pela 3\u00aa s\u00e9rie do ensino m\u00e9dio, com 6,7%. Considerando todas as s\u00e9ries do ensino m\u00e9dio, a evas\u00e3o chega a 11% do total de alunos nessa etapa de ensino.<\/p>\n<p style=\"text-align: justify;\">J\u00e1 a pesquisa do Conselho de Classe, divulgada em 2016 pelo Ibope, apontou que\u00a051% dos professores consideram a defasagem um grande desafio\u00a0para cumprir o curr\u00edculo. Outros 16% dos docentes citaram a dificuldade de fazer todos os alunos chegarem ao n\u00edvel que \u00e9 esperado.<\/p>\n<p><em>Com informa\u00e7\u00f5es: G1.<\/em><\/p>\n","protected":false},"excerpt":{"rendered":"<p>Uma altera\u00e7\u00e3o na Lei de Diretrizes e Bases da educa\u00e7\u00e3o \u201cLDB\u201d dever\u00e1 melhorar o monitoramento de estudantes de todo o Brasil e tentar minimizar os \u00edndices de evas\u00e3o escolar e distor\u00e7\u00e3o de idade-s\u00e9rie (quando o aluno apresenta defasagem no n\u00edvel de ensino que deveria estar em rela\u00e7\u00e3o \u00e0 idade).<\/p>\n","protected":false},"author":3,"featured_media":12686,"comment_status":"open","ping_status":"open","sticky":false,"template":"","format":"standard","meta":[],"categories":[9],"tags":[],"yoast_head":"<!-- This site is optimized with the Yoast SEO plugin v15.6.2 - https:\/\/yoast.com\/wordpress\/plugins\/seo\/ -->\n<meta name=\"robots\" content=\"index, follow, max-snippet:-1, max-image-preview:large, max-video-preview:-1\" \/>\n<link rel=\"canonical\" href=\"http:\/\/www.polisrecreio.com.br\/site\/2019\/01\/18\/escolas-deverao-notificar-conselho-tutelar-se-alunos-faltarem-mais-de-30-das-aulas\/\" \/>\n<meta property=\"og:locale\" content=\"pt_BR\" \/>\n<meta property=\"og:type\" content=\"article\" \/>\n<meta property=\"og:title\" content=\"Escolas dever\u00e3o notificar Conselho Tutelar se alunos faltarem mais de 30% das aulas - P\u00f3lis Recreio\" \/>\n<meta property=\"og:description\" content=\"Uma altera\u00e7\u00e3o na Lei de Diretrizes e Bases da educa\u00e7\u00e3o \u201cLDB\u201d dever\u00e1 melhorar o monitoramento de estudantes de todo o Brasil e tentar minimizar os \u00edndices de evas\u00e3o escolar e distor\u00e7\u00e3o de idade-s\u00e9rie (quando o aluno apresenta defasagem no n\u00edvel de ensino que deveria estar em rela\u00e7\u00e3o \u00e0 idade).\" \/>\n<meta property=\"og:url\" content=\"http:\/\/www.polisrecreio.com.br\/site\/2019\/01\/18\/escolas-deverao-notificar-conselho-tutelar-se-alunos-faltarem-mais-de-30-das-aulas\/\" \/>\n<meta property=\"og:site_name\" content=\"P\u00f3lis Recreio\" \/>\n<meta property=\"article:publisher\" content=\"https:\/\/www.facebook.com\/Site-P%c3%b3lis-Recreio-MG-181941708571019\/\" \/>\n<meta property=\"article:published_time\" content=\"2019-01-18T12:14:13+00:00\" \/>\n<meta property=\"og:image\" content=\"https:\/\/www.polisrecreio.com.br\/site\/wp-content\/uploads\/2019\/01\/Sala-de-aula-design-Blog-Unimed-vtrp-2.png\" \/>\n\t<meta property=\"og:image:width\" content=\"750\" \/>\n\t<meta property=\"og:image:height\" content=\"453\" \/>\n<meta name=\"twitter:card\" content=\"summary_large_image\" \/>\n<meta name=\"twitter:creator\" content=\"@PolisRecreio\" \/>\n<meta name=\"twitter:site\" content=\"@PolisRecreio\" \/>\n<meta name=\"twitter:label1\" content=\"Est. reading time\">\n\t<meta name=\"twitter:data1\" content=\"1 minuto\">\n<script type=\"application\/ld+json\" class=\"yoast-schema-graph\">{\"@context\":\"https:\/\/schema.org\",\"@graph\":[{\"@type\":\"WebSite\",\"@id\":\"https:\/\/www.polisrecreio.com.br\/site\/#website\",\"url\":\"https:\/\/www.polisrecreio.com.br\/site\/\",\"name\":\"P\\u00f3lis Recreio\",\"description\":\"\",\"potentialAction\":[{\"@type\":\"SearchAction\",\"target\":\"https:\/\/www.polisrecreio.com.br\/site\/?s={search_term_string}\",\"query-input\":\"required name=search_term_string\"}],\"inLanguage\":\"pt-BR\"},{\"@type\":\"ImageObject\",\"@id\":\"http:\/\/www.polisrecreio.com.br\/site\/2019\/01\/18\/escolas-deverao-notificar-conselho-tutelar-se-alunos-faltarem-mais-de-30-das-aulas\/#primaryimage\",\"inLanguage\":\"pt-BR\",\"url\":\"https:\/\/www.polisrecreio.com.br\/site\/wp-content\/uploads\/2019\/01\/Sala-de-aula-design-Blog-Unimed-vtrp-2.png\",\"width\":750,\"height\":453},{\"@type\":\"WebPage\",\"@id\":\"http:\/\/www.polisrecreio.com.br\/site\/2019\/01\/18\/escolas-deverao-notificar-conselho-tutelar-se-alunos-faltarem-mais-de-30-das-aulas\/#webpage\",\"url\":\"http:\/\/www.polisrecreio.com.br\/site\/2019\/01\/18\/escolas-deverao-notificar-conselho-tutelar-se-alunos-faltarem-mais-de-30-das-aulas\/\",\"name\":\"Escolas dever\\u00e3o notificar Conselho Tutelar se alunos faltarem mais de 30% das aulas - P\\u00f3lis Recreio\",\"isPartOf\":{\"@id\":\"https:\/\/www.polisrecreio.com.br\/site\/#website\"},\"primaryImageOfPage\":{\"@id\":\"http:\/\/www.polisrecreio.com.br\/site\/2019\/01\/18\/escolas-deverao-notificar-conselho-tutelar-se-alunos-faltarem-mais-de-30-das-aulas\/#primaryimage\"},\"datePublished\":\"2019-01-18T12:14:13+00:00\",\"dateModified\":\"2019-01-18T12:14:13+00:00\",\"author\":{\"@id\":\"https:\/\/www.polisrecreio.com.br\/site\/#\/schema\/person\/3363c1c78e1e28e1329d97adb387638e\"},\"inLanguage\":\"pt-BR\",\"potentialAction\":[{\"@type\":\"ReadAction\",\"target\":[\"http:\/\/www.polisrecreio.com.br\/site\/2019\/01\/18\/escolas-deverao-notificar-conselho-tutelar-se-alunos-faltarem-mais-de-30-das-aulas\/\"]}]},{\"@type\":\"Person\",\"@id\":\"https:\/\/www.polisrecreio.com.br\/site\/#\/schema\/person\/3363c1c78e1e28e1329d97adb387638e\",\"name\":\"Leonardo Ribeiro\",\"image\":{\"@type\":\"ImageObject\",\"@id\":\"https:\/\/www.polisrecreio.com.br\/site\/#personlogo\",\"inLanguage\":\"pt-BR\",\"url\":\"https:\/\/secure.gravatar.com\/avatar\/6ba92a37d621e1a83e23710251178a12?s=96&d=mm&r=g\",\"caption\":\"Leonardo Ribeiro\"},\"sameAs\":[\"http:\/\/www.polisrecreio.com.br\"]}]}<\/script>\n<!-- \/ Yoast SEO plugin. -->","_links":{"self":[{"href":"https:\/\/www.polisrecreio.com.br\/site\/wp-json\/wp\/v2\/posts\/12685"}],"collection":[{"href":"https:\/\/www.polisrecreio.com.br\/site\/wp-json\/wp\/v2\/posts"}],"about":[{"href":"https:\/\/www.polisrecreio.com.br\/site\/wp-json\/wp\/v2\/types\/post"}],"author":[{"embeddable":true,"href":"https:\/\/www.polisrecreio.com.br\/site\/wp-json\/wp\/v2\/users\/3"}],"replies":[{"embeddable":true,"href":"https:\/\/www.polisrecreio.com.br\/site\/wp-json\/wp\/v2\/comments?post=12685"}],"version-history":[{"count":1,"href":"https:\/\/www.polisrecreio.com.br\/site\/wp-json\/wp\/v2\/posts\/12685\/revisions"}],"predecessor-version":[{"id":12687,"href":"https:\/\/www.polisrecreio.com.br\/site\/wp-json\/wp\/v2\/posts\/12685\/revisions\/12687"}],"wp:featuredmedia":[{"embeddable":true,"href":"https:\/\/www.polisrecreio.com.br\/site\/wp-json\/wp\/v2\/media\/12686"}],"wp:attachment":[{"href":"https:\/\/www.polisrecreio.com.br\/site\/wp-json\/wp\/v2\/media?parent=12685"}],"wp:term":[{"taxonomy":"category","embeddable":true,"href":"https:\/\/www.polisrecreio.com.br\/site\/wp-json\/wp\/v2\/categories?post=12685"},{"taxonomy":"post_tag","embeddable":true,"href":"https:\/\/www.polisrecreio.com.br\/site\/wp-json\/wp\/v2\/tags?post=12685"}],"curies":[{"name":"wp","href":"https:\/\/api.w.org\/{rel}","templated":true}]}}