{"id":12688,"date":"2019-01-18T10:15:24","date_gmt":"2019-01-18T13:15:24","guid":{"rendered":"http:\/\/www.polisrecreio.com.br\/site\/?p=12688"},"modified":"2019-01-18T10:16:47","modified_gmt":"2019-01-18T13:16:47","slug":"levantamento-de-infestacao-do-aedes-em-recreio-diminui-mas-ainda-e-de-risco","status":"publish","type":"post","link":"https:\/\/www.polisrecreio.com.br\/site\/2019\/01\/18\/levantamento-de-infestacao-do-aedes-em-recreio-diminui-mas-ainda-e-de-risco\/","title":{"rendered":"Levantamento de infesta\u00e7\u00e3o do Aedes em Recreio diminui, mas, ainda \u00e9 de risco"},"content":{"rendered":"<p style=\"text-align: justify;\">O primeiro Levantamento R\u00e1pido de \u00cdndices de Infesta\u00e7\u00e3o pelo Aedes aegypti \u201cLIRAa\u201d de 2019 em Recreio diminuiu em compara\u00e7\u00e3o com o \u00faltimo de 2018, mas, o percentual de 4,7% ainda \u00e9 de risco, conforme escala do Minist\u00e9rio da Sa\u00fade. Em outubro o diagn\u00f3stico apresentou \u00edndice de infesta\u00e7\u00e3o predial de 6,4%.<\/p>\n<p><!--more--><\/p>\n<p><a href=\"http:\/\/www.polisrecreio.com.br\/site\/wp-content\/uploads\/2019\/01\/IMG-20160122-WA0035.jpg\"><img loading=\"lazy\" class=\"aligncenter size-full wp-image-12689\" src=\"http:\/\/www.polisrecreio.com.br\/site\/wp-content\/uploads\/2019\/01\/IMG-20160122-WA0035.jpg\" alt=\"\" width=\"750\" height=\"500\" srcset=\"https:\/\/www.polisrecreio.com.br\/site\/wp-content\/uploads\/2019\/01\/IMG-20160122-WA0035.jpg 750w, https:\/\/www.polisrecreio.com.br\/site\/wp-content\/uploads\/2019\/01\/IMG-20160122-WA0035-300x200.jpg 300w\" sizes=\"(max-width: 750px) 100vw, 750px\" \/><\/a><\/p>\n<p style=\"text-align: justify;\">A pesquisa na \u00e1rea urbana de Recreio foi realizada entre os 7 e 10 de janeiro pela Vigil\u00e2ncia Epidemiol\u00f3gica Municipal. Confira os dados:<\/p>\n<p style=\"text-align: justify;\"><strong>N\u00fameros do LIRAa<\/strong><\/p>\n<ul style=\"text-align: justify;\">\n<li>..31 im\u00f3veis trabalhados&#8230;4 focos&#8230;4 positivos;<\/li>\n<li>Alto do Asilo&#8230;40 im\u00f3veis trabalhados&#8230;3 focos..2 positivos;<\/li>\n<li>..51 im\u00f3veis trabalhados&#8230;4 focos&#8230;1 positivo;<\/li>\n<li>Canto da F\u00e1brica&#8230;16 im\u00f3veis trabalhados&#8230;3 focos&#8230;2 positivos;<\/li>\n<li>..11 im\u00f3veis trabalhados&#8230;1 foco&#8230;0 positivo;<\/li>\n<li>Sebasti\u00e3o Dad\u00fa Arruda&#8230;41 im\u00f3veis trabalhados&#8230;3 focos&#8230;2 positivos;<\/li>\n<li>Cohab Dr. Iraj\u00e1 J. Fernandes&#8230;22 im\u00f3veis trabalhados&#8230;0 foco;<\/li>\n<li>Santo Amaro&#8230;1 im\u00f3vel trabalhado&#8230;0 foco;<\/li>\n<li>..19 im\u00f3veis trabalhados&#8230;0 foco.<\/li>\n<\/ul>\n<p style=\"text-align: justify;\"><strong>Ruas em que foram encontrados focos positivos<\/strong><\/p>\n<ul style=\"text-align: justify;\">\n<li>Caxias \u2013 Rua Augusto Lacerda (2), Rua Militana Silva e Rua Leila Maria Machado;<\/li>\n<li>Machados \u2013 Rua Paulino Ferreira Neto;<\/li>\n<li>Alto do Asilo \u2013 Rua Belmiro de Oliveira e Rua Walter Dias;<\/li>\n<li>Canto da F\u00e1brica \u2013 Rua Agenor Cip\u00f3 (2);<\/li>\n<li>Sebasti\u00e3o Dad\u00fa Arruda \u2013 Rua Milton Gomes de Aquino e Rua Governador Valadares.<\/li>\n<\/ul>\n<p style=\"text-align: justify;\">A Vigil\u00e2ncia Epidemiol\u00f3gica Municipal refor\u00e7a que grande parte dos focos s\u00e3o encontrados no interior das resid\u00eancias ou quintais, como aconteceu neste levantamento. Larvas do Aedes foram detectadas em balde, bebedouro de animais, calha, tambor, tonel, caixa d\u2019\u00e1gua, pneus e vaso sanit\u00e1rio. \u00a0Al\u00e9m de transmitir a dengue, o Aedes aegypti \u00e9 vetor do zika v\u00edrus, da febre chikungunya e da febre amarela em \u00e1rea urbana.<\/p>\n<p style=\"text-align: justify;\">Ap\u00f3s o levantamento os agentes de epidemiologia come\u00e7aram os trabalhos de orienta\u00e7\u00e3o e tratamento focal nas \u00e1reas com maior incid\u00eancia de focos do mosquito.<\/p>\n","protected":false},"excerpt":{"rendered":"<p>O primeiro Levantamento R\u00e1pido de \u00cdndices de Infesta\u00e7\u00e3o pelo Aedes aegypti \u201cLIRAa\u201d de 2019 em Recreio diminuiu em compara\u00e7\u00e3o com o \u00faltimo de 2018, mas, o percentual de 4,7% ainda \u00e9 de risco, conforme escala do Minist\u00e9rio da Sa\u00fade. Em outubro o diagn\u00f3stico apresentou \u00edndice de infesta\u00e7\u00e3o predial de 6,4%.<\/p>\n","protected":false},"author":3,"featured_media":12689,"comment_status":"open","ping_status":"open","sticky":false,"template":"","format":"standard","meta":[],"categories":[7],"tags":[],"yoast_head":"<!-- This site is optimized with the Yoast SEO plugin v15.6.2 - https:\/\/yoast.com\/wordpress\/plugins\/seo\/ -->\n<meta name=\"robots\" content=\"index, follow, max-snippet:-1, max-image-preview:large, max-video-preview:-1\" \/>\n<link rel=\"canonical\" href=\"https:\/\/www.polisrecreio.com.br\/site\/2019\/01\/18\/levantamento-de-infestacao-do-aedes-em-recreio-diminui-mas-ainda-e-de-risco\/\" \/>\n<meta property=\"og:locale\" content=\"pt_BR\" \/>\n<meta property=\"og:type\" content=\"article\" \/>\n<meta property=\"og:title\" content=\"Levantamento de infesta\u00e7\u00e3o do Aedes em Recreio diminui, mas, ainda \u00e9 de risco - P\u00f3lis Recreio\" \/>\n<meta property=\"og:description\" content=\"O primeiro Levantamento R\u00e1pido de \u00cdndices de Infesta\u00e7\u00e3o pelo Aedes aegypti \u201cLIRAa\u201d de 2019 em Recreio diminuiu em compara\u00e7\u00e3o com o \u00faltimo de 2018, mas, o percentual de 4,7% ainda \u00e9 de risco, conforme escala do Minist\u00e9rio da Sa\u00fade. Em outubro o diagn\u00f3stico apresentou \u00edndice de infesta\u00e7\u00e3o predial de 6,4%.\" \/>\n<meta property=\"og:url\" content=\"https:\/\/www.polisrecreio.com.br\/site\/2019\/01\/18\/levantamento-de-infestacao-do-aedes-em-recreio-diminui-mas-ainda-e-de-risco\/\" \/>\n<meta property=\"og:site_name\" content=\"P\u00f3lis Recreio\" \/>\n<meta property=\"article:publisher\" content=\"https:\/\/www.facebook.com\/Site-P%c3%b3lis-Recreio-MG-181941708571019\/\" \/>\n<meta property=\"article:published_time\" content=\"2019-01-18T13:15:24+00:00\" \/>\n<meta property=\"article:modified_time\" content=\"2019-01-18T13:16:47+00:00\" \/>\n<meta property=\"og:image\" content=\"https:\/\/www.polisrecreio.com.br\/site\/wp-content\/uploads\/2019\/01\/IMG-20160122-WA0035.jpg\" \/>\n\t<meta property=\"og:image:width\" content=\"750\" \/>\n\t<meta property=\"og:image:height\" content=\"500\" \/>\n<meta name=\"twitter:card\" content=\"summary_large_image\" \/>\n<meta name=\"twitter:creator\" content=\"@PolisRecreio\" \/>\n<meta name=\"twitter:site\" content=\"@PolisRecreio\" \/>\n<meta name=\"twitter:label1\" content=\"Est. reading time\">\n\t<meta name=\"twitter:data1\" content=\"1 minuto\">\n<script type=\"application\/ld+json\" class=\"yoast-schema-graph\">{\"@context\":\"https:\/\/schema.org\",\"@graph\":[{\"@type\":\"WebSite\",\"@id\":\"https:\/\/www.polisrecreio.com.br\/site\/#website\",\"url\":\"https:\/\/www.polisrecreio.com.br\/site\/\",\"name\":\"P\\u00f3lis Recreio\",\"description\":\"\",\"potentialAction\":[{\"@type\":\"SearchAction\",\"target\":\"https:\/\/www.polisrecreio.com.br\/site\/?s={search_term_string}\",\"query-input\":\"required name=search_term_string\"}],\"inLanguage\":\"pt-BR\"},{\"@type\":\"ImageObject\",\"@id\":\"https:\/\/www.polisrecreio.com.br\/site\/2019\/01\/18\/levantamento-de-infestacao-do-aedes-em-recreio-diminui-mas-ainda-e-de-risco\/#primaryimage\",\"inLanguage\":\"pt-BR\",\"url\":\"https:\/\/www.polisrecreio.com.br\/site\/wp-content\/uploads\/2019\/01\/IMG-20160122-WA0035.jpg\",\"width\":750,\"height\":500},{\"@type\":\"WebPage\",\"@id\":\"https:\/\/www.polisrecreio.com.br\/site\/2019\/01\/18\/levantamento-de-infestacao-do-aedes-em-recreio-diminui-mas-ainda-e-de-risco\/#webpage\",\"url\":\"https:\/\/www.polisrecreio.com.br\/site\/2019\/01\/18\/levantamento-de-infestacao-do-aedes-em-recreio-diminui-mas-ainda-e-de-risco\/\",\"name\":\"Levantamento de infesta\\u00e7\\u00e3o do Aedes em Recreio diminui, mas, ainda \\u00e9 de risco - P\\u00f3lis Recreio\",\"isPartOf\":{\"@id\":\"https:\/\/www.polisrecreio.com.br\/site\/#website\"},\"primaryImageOfPage\":{\"@id\":\"https:\/\/www.polisrecreio.com.br\/site\/2019\/01\/18\/levantamento-de-infestacao-do-aedes-em-recreio-diminui-mas-ainda-e-de-risco\/#primaryimage\"},\"datePublished\":\"2019-01-18T13:15:24+00:00\",\"dateModified\":\"2019-01-18T13:16:47+00:00\",\"author\":{\"@id\":\"https:\/\/www.polisrecreio.com.br\/site\/#\/schema\/person\/3363c1c78e1e28e1329d97adb387638e\"},\"inLanguage\":\"pt-BR\",\"potentialAction\":[{\"@type\":\"ReadAction\",\"target\":[\"https:\/\/www.polisrecreio.com.br\/site\/2019\/01\/18\/levantamento-de-infestacao-do-aedes-em-recreio-diminui-mas-ainda-e-de-risco\/\"]}]},{\"@type\":\"Person\",\"@id\":\"https:\/\/www.polisrecreio.com.br\/site\/#\/schema\/person\/3363c1c78e1e28e1329d97adb387638e\",\"name\":\"Leonardo Ribeiro\",\"image\":{\"@type\":\"ImageObject\",\"@id\":\"https:\/\/www.polisrecreio.com.br\/site\/#personlogo\",\"inLanguage\":\"pt-BR\",\"url\":\"https:\/\/secure.gravatar.com\/avatar\/6ba92a37d621e1a83e23710251178a12?s=96&d=mm&r=g\",\"caption\":\"Leonardo Ribeiro\"},\"sameAs\":[\"http:\/\/www.polisrecreio.com.br\"]}]}<\/script>\n<!-- \/ Yoast SEO plugin. -->","_links":{"self":[{"href":"https:\/\/www.polisrecreio.com.br\/site\/wp-json\/wp\/v2\/posts\/12688"}],"collection":[{"href":"https:\/\/www.polisrecreio.com.br\/site\/wp-json\/wp\/v2\/posts"}],"about":[{"href":"https:\/\/www.polisrecreio.com.br\/site\/wp-json\/wp\/v2\/types\/post"}],"author":[{"embeddable":true,"href":"https:\/\/www.polisrecreio.com.br\/site\/wp-json\/wp\/v2\/users\/3"}],"replies":[{"embeddable":true,"href":"https:\/\/www.polisrecreio.com.br\/site\/wp-json\/wp\/v2\/comments?post=12688"}],"version-history":[{"count":2,"href":"https:\/\/www.polisrecreio.com.br\/site\/wp-json\/wp\/v2\/posts\/12688\/revisions"}],"predecessor-version":[{"id":12691,"href":"https:\/\/www.polisrecreio.com.br\/site\/wp-json\/wp\/v2\/posts\/12688\/revisions\/12691"}],"wp:featuredmedia":[{"embeddable":true,"href":"https:\/\/www.polisrecreio.com.br\/site\/wp-json\/wp\/v2\/media\/12689"}],"wp:attachment":[{"href":"https:\/\/www.polisrecreio.com.br\/site\/wp-json\/wp\/v2\/media?parent=12688"}],"wp:term":[{"taxonomy":"category","embeddable":true,"href":"https:\/\/www.polisrecreio.com.br\/site\/wp-json\/wp\/v2\/categories?post=12688"},{"taxonomy":"post_tag","embeddable":true,"href":"https:\/\/www.polisrecreio.com.br\/site\/wp-json\/wp\/v2\/tags?post=12688"}],"curies":[{"name":"wp","href":"https:\/\/api.w.org\/{rel}","templated":true}]}}