{"id":12701,"date":"2019-01-20T12:38:07","date_gmt":"2019-01-20T15:38:07","guid":{"rendered":"http:\/\/www.polisrecreio.com.br\/site\/?p=12701"},"modified":"2019-01-20T12:38:07","modified_gmt":"2019-01-20T15:38:07","slug":"jogo-amisto-do-recreio-e-c-nao-aconteceu","status":"publish","type":"post","link":"https:\/\/www.polisrecreio.com.br\/site\/2019\/01\/20\/jogo-amisto-do-recreio-e-c-nao-aconteceu\/","title":{"rendered":"Jogo amisto do Recreio E.C n\u00e3o aconteceu"},"content":{"rendered":"<p style=\"text-align: justify;\">O primeiro jogo amistoso do Recreio E.C no ano de 2019, marcado para o s\u00e1bado (19), n\u00e3o aconteceu. O motivo foi a aus\u00eancia do time de Juiz de Fora, Edicar F.C. A partida aconteceria no Est\u00e1dio Euvaldo Lodi.<\/p>\n<p><!--more--><\/p>\n<figure id=\"attachment_12702\" aria-describedby=\"caption-attachment-12702\" style=\"width: 750px\" class=\"wp-caption aligncenter\"><a href=\"http:\/\/www.polisrecreio.com.br\/site\/wp-content\/uploads\/2019\/01\/2.jpg\"><img loading=\"lazy\" class=\"size-full wp-image-12702\" src=\"http:\/\/www.polisrecreio.com.br\/site\/wp-content\/uploads\/2019\/01\/2.jpg\" alt=\"\" width=\"750\" height=\"499\" srcset=\"https:\/\/www.polisrecreio.com.br\/site\/wp-content\/uploads\/2019\/01\/2.jpg 750w, https:\/\/www.polisrecreio.com.br\/site\/wp-content\/uploads\/2019\/01\/2-300x200.jpg 300w\" sizes=\"(max-width: 750px) 100vw, 750px\" \/><\/a><figcaption id=\"caption-attachment-12702\" class=\"wp-caption-text\">Campo do Recreio E.C. Foto: Arquivo.<\/figcaption><\/figure>\n<p style=\"text-align: justify;\">O jogo seria o primeiro da nova diretoria do clube, eleita ao final de 2019 para o bi\u00eanio 2019-2020. N\u00e3o h\u00e1 informa\u00e7\u00f5es sobre o motivo da aus\u00eancia da equipe de Juiz de Fora.<\/p>\n<p style=\"text-align: justify;\">Agora a diretoria prepara a abertura do Campeonato Rural 2019. A competi\u00e7\u00e3o est\u00e1 marcada para iniciar no domingo (27), a partir das 14h, com o jogo entre Esperan\u00e7a X Provid\u00eancia (Leopoldina).<\/p>\n<p><a href=\"http:\/\/www.polisrecreio.com.br\/site\/2019\/01\/15\/campeonato-rural-no-campo-do-recreio-e-c-comeca-dia-27\/\" target=\"_blank\" rel=\"noopener\">Confira tabela do Campeonato Rural.<\/a><\/p>\n","protected":false},"excerpt":{"rendered":"<p>O primeiro jogo amistoso do Recreio E.C no ano de 2019, marcado para o s\u00e1bado (19), n\u00e3o aconteceu. O motivo foi a aus\u00eancia do time de Juiz de Fora, Edicar F.C. A partida aconteceria no Est\u00e1dio Euvaldo Lodi.<\/p>\n","protected":false},"author":3,"featured_media":12702,"comment_status":"open","ping_status":"open","sticky":false,"template":"","format":"standard","meta":[],"categories":[4],"tags":[],"yoast_head":"<!-- This site is optimized with the Yoast SEO plugin v15.6.2 - https:\/\/yoast.com\/wordpress\/plugins\/seo\/ -->\n<meta name=\"robots\" content=\"index, follow, max-snippet:-1, max-image-preview:large, max-video-preview:-1\" \/>\n<link rel=\"canonical\" href=\"http:\/\/www.polisrecreio.com.br\/site\/2019\/01\/20\/jogo-amisto-do-recreio-e-c-nao-aconteceu\/\" \/>\n<meta property=\"og:locale\" content=\"pt_BR\" \/>\n<meta property=\"og:type\" content=\"article\" \/>\n<meta property=\"og:title\" content=\"Jogo amisto do Recreio E.C n\u00e3o aconteceu - P\u00f3lis Recreio\" \/>\n<meta property=\"og:description\" content=\"O primeiro jogo amistoso do Recreio E.C no ano de 2019, marcado para o s\u00e1bado (19), n\u00e3o aconteceu. O motivo foi a aus\u00eancia do time de Juiz de Fora, Edicar F.C. A partida aconteceria no Est\u00e1dio Euvaldo Lodi.\" \/>\n<meta property=\"og:url\" content=\"http:\/\/www.polisrecreio.com.br\/site\/2019\/01\/20\/jogo-amisto-do-recreio-e-c-nao-aconteceu\/\" \/>\n<meta property=\"og:site_name\" content=\"P\u00f3lis Recreio\" \/>\n<meta property=\"article:publisher\" content=\"https:\/\/www.facebook.com\/Site-P%c3%b3lis-Recreio-MG-181941708571019\/\" \/>\n<meta property=\"article:published_time\" content=\"2019-01-20T15:38:07+00:00\" \/>\n<meta property=\"og:image\" content=\"https:\/\/www.polisrecreio.com.br\/site\/wp-content\/uploads\/2019\/01\/2.jpg\" \/>\n\t<meta property=\"og:image:width\" content=\"750\" \/>\n\t<meta property=\"og:image:height\" content=\"499\" \/>\n<meta name=\"twitter:card\" content=\"summary_large_image\" \/>\n<meta name=\"twitter:creator\" content=\"@PolisRecreio\" \/>\n<meta name=\"twitter:site\" content=\"@PolisRecreio\" \/>\n<meta name=\"twitter:label1\" content=\"Est. reading time\">\n\t<meta name=\"twitter:data1\" content=\"1 minuto\">\n<script type=\"application\/ld+json\" class=\"yoast-schema-graph\">{\"@context\":\"https:\/\/schema.org\",\"@graph\":[{\"@type\":\"WebSite\",\"@id\":\"https:\/\/www.polisrecreio.com.br\/site\/#website\",\"url\":\"https:\/\/www.polisrecreio.com.br\/site\/\",\"name\":\"P\\u00f3lis Recreio\",\"description\":\"\",\"potentialAction\":[{\"@type\":\"SearchAction\",\"target\":\"https:\/\/www.polisrecreio.com.br\/site\/?s={search_term_string}\",\"query-input\":\"required name=search_term_string\"}],\"inLanguage\":\"pt-BR\"},{\"@type\":\"ImageObject\",\"@id\":\"http:\/\/www.polisrecreio.com.br\/site\/2019\/01\/20\/jogo-amisto-do-recreio-e-c-nao-aconteceu\/#primaryimage\",\"inLanguage\":\"pt-BR\",\"url\":\"https:\/\/www.polisrecreio.com.br\/site\/wp-content\/uploads\/2019\/01\/2.jpg\",\"width\":750,\"height\":499,\"caption\":\"Campo do Recreio E.C. Foto: Arquivo.\"},{\"@type\":\"WebPage\",\"@id\":\"http:\/\/www.polisrecreio.com.br\/site\/2019\/01\/20\/jogo-amisto-do-recreio-e-c-nao-aconteceu\/#webpage\",\"url\":\"http:\/\/www.polisrecreio.com.br\/site\/2019\/01\/20\/jogo-amisto-do-recreio-e-c-nao-aconteceu\/\",\"name\":\"Jogo amisto do Recreio E.C n\\u00e3o aconteceu - P\\u00f3lis Recreio\",\"isPartOf\":{\"@id\":\"https:\/\/www.polisrecreio.com.br\/site\/#website\"},\"primaryImageOfPage\":{\"@id\":\"http:\/\/www.polisrecreio.com.br\/site\/2019\/01\/20\/jogo-amisto-do-recreio-e-c-nao-aconteceu\/#primaryimage\"},\"datePublished\":\"2019-01-20T15:38:07+00:00\",\"dateModified\":\"2019-01-20T15:38:07+00:00\",\"author\":{\"@id\":\"https:\/\/www.polisrecreio.com.br\/site\/#\/schema\/person\/3363c1c78e1e28e1329d97adb387638e\"},\"inLanguage\":\"pt-BR\",\"potentialAction\":[{\"@type\":\"ReadAction\",\"target\":[\"http:\/\/www.polisrecreio.com.br\/site\/2019\/01\/20\/jogo-amisto-do-recreio-e-c-nao-aconteceu\/\"]}]},{\"@type\":\"Person\",\"@id\":\"https:\/\/www.polisrecreio.com.br\/site\/#\/schema\/person\/3363c1c78e1e28e1329d97adb387638e\",\"name\":\"Leonardo Ribeiro\",\"image\":{\"@type\":\"ImageObject\",\"@id\":\"https:\/\/www.polisrecreio.com.br\/site\/#personlogo\",\"inLanguage\":\"pt-BR\",\"url\":\"https:\/\/secure.gravatar.com\/avatar\/6ba92a37d621e1a83e23710251178a12?s=96&d=mm&r=g\",\"caption\":\"Leonardo Ribeiro\"},\"sameAs\":[\"http:\/\/www.polisrecreio.com.br\"]}]}<\/script>\n<!-- \/ Yoast SEO plugin. -->","_links":{"self":[{"href":"https:\/\/www.polisrecreio.com.br\/site\/wp-json\/wp\/v2\/posts\/12701"}],"collection":[{"href":"https:\/\/www.polisrecreio.com.br\/site\/wp-json\/wp\/v2\/posts"}],"about":[{"href":"https:\/\/www.polisrecreio.com.br\/site\/wp-json\/wp\/v2\/types\/post"}],"author":[{"embeddable":true,"href":"https:\/\/www.polisrecreio.com.br\/site\/wp-json\/wp\/v2\/users\/3"}],"replies":[{"embeddable":true,"href":"https:\/\/www.polisrecreio.com.br\/site\/wp-json\/wp\/v2\/comments?post=12701"}],"version-history":[{"count":1,"href":"https:\/\/www.polisrecreio.com.br\/site\/wp-json\/wp\/v2\/posts\/12701\/revisions"}],"predecessor-version":[{"id":12703,"href":"https:\/\/www.polisrecreio.com.br\/site\/wp-json\/wp\/v2\/posts\/12701\/revisions\/12703"}],"wp:featuredmedia":[{"embeddable":true,"href":"https:\/\/www.polisrecreio.com.br\/site\/wp-json\/wp\/v2\/media\/12702"}],"wp:attachment":[{"href":"https:\/\/www.polisrecreio.com.br\/site\/wp-json\/wp\/v2\/media?parent=12701"}],"wp:term":[{"taxonomy":"category","embeddable":true,"href":"https:\/\/www.polisrecreio.com.br\/site\/wp-json\/wp\/v2\/categories?post=12701"},{"taxonomy":"post_tag","embeddable":true,"href":"https:\/\/www.polisrecreio.com.br\/site\/wp-json\/wp\/v2\/tags?post=12701"}],"curies":[{"name":"wp","href":"https:\/\/api.w.org\/{rel}","templated":true}]}}